{"id":994,"date":"2022-03-21T00:00:00","date_gmt":"2022-03-21T00:00:00","guid":{"rendered":"https:\/\/www.imovirtual.com\/noticias2\/2022\/03\/21\/guia-arvores-fruto\/"},"modified":"2022-03-21T00:00:00","modified_gmt":"2022-03-21T00:00:00","slug":"guia-arvores-fruto","status":"publish","type":"post","link":"https:\/\/www.imovirtual.com\/noticias\/lifestyle\/guia-arvores-fruto\/","title":{"rendered":"Guia para cuidar das suas \u00e1rvores de fruto"},"content":{"rendered":"<p class=\"css-8qfla4\">\n<p class=\"css-m5h6m0 edperro0\">\n<h1><strong>Guia para cuidar das suas \u00e1rvores de fruto<\/strong><\/h1>\n<p>Ontem foi dia de darmos as<strong> boas vindas \u00e0<\/strong> <a href=\"https:\/\/www.imovirtual.com\/noticias\/decoracao\/como-preparar-a-casa-para-a-primavera\" target=\"_blank\" rel=\"noopener\"><strong>Primavera<\/strong><\/a>, a esta\u00e7\u00e3o mais colorida do ano. Um pouco por todo o lado, v\u00e1rios s\u00e3o os <a href=\"https:\/\/www.imovirtual.com\/noticias\/lifestyle\/urban-jungle-jardim-vertical-em-apartamento\" target=\"_blank\" rel=\"noopener\">jardins<\/a> que se enchem de flores de <a href=\"https:\/\/www.imovirtual.com\/noticias\/decoracao\/cromoterapia-como-escolher-as-cores-para-a-sua-casa\" target=\"_blank\" rel=\"noopener\">cores<\/a> vibrantes e frutos sumarentos. Esta \u00e9 tamb\u00e9m a<strong> altura mais f\u00e9rtil das <a href=\"https:\/\/www.imovirtual.com\/noticias\/decoracao\/plantas-must-have-decoracao-de-interiores\" target=\"_blank\" rel=\"noopener\">plantas de interior<\/a>,<\/strong> que passaram a maior parte do inverno a hibernar, \u00e0 espera de um clima mais ameno para poderem florir. Por isso mesmo,<strong> se pretende semear <a href=\"https:\/\/www.imovirtual.com\/noticias\/lifestyle\/flores-frescas-casa\" target=\"_blank\" rel=\"noopener\">flores<\/a>, plantas ou ervas arom\u00e1ticas <\/strong>esta \u00e9 a \u00e9poca indicada do ano para o fazer. Amores perfeitos, cebola, tomate e pimento s\u00e3o algumas das culturas que pode apostar durante esta esta\u00e7\u00e3o. E se pretender mudar as suas plantas de vaso, deve aproveitar a Primavera e o Ver\u00e3o para o fazer. <\/p>\n<\/p>\n<h3>Leia tamb\u00e9m: <a href=\"https:\/\/www.imovirtual.com\/noticias\/lifestyle\/o-que-semear-e-plantar-durante-a-primavera\" target=\"_blank\" rel=\"noopener\"><em><strong>O que semear e plantar durante a Primavera<\/strong><\/em><\/a><\/h3>\n<\/p>\n<p>No entanto, recorde-se que apesar de esta ser a esta\u00e7\u00e3o do ano predileta das verdinhas, a verdade \u00e9 que os cuidados devem ser continuados, zelando sempre pela vivacidade e bem-estar das <a href=\"https:\/\/www.imovirtual.com\/noticias\/decoracao\/7-plantas-casa-diminuem-humidade\" target=\"_blank\" rel=\"noopener\">plantas<\/a>, mesmo durante o Outono e o Inverno. <strong>Especialmente se estivermos a falar de \u00e1rvores de fruto<\/strong>, que tal como o nome indica, s\u00e3o as esp\u00e9cies de onde prov\u00eam muitos dos frutos que ingerimos. Entre as mais comuns, o destaque vai para as<strong> macieiras, pereiras, limoeiros, laranjeiras e cerejeiras<\/strong>. Neste artigo, damos-lhe algumas dicas para cuidar das \u00e1rvores de fruto do seu pomar, para assim poder sempre colher bons frutos.<\/p>\n<\/p>\n<h2><strong>Cuidado com o clima<\/strong><\/h2>\n<p><strong>Est\u00e1 a pensar em plantar novas \u00e1rvores de fruto no seu pomar?<\/strong> Saiba que nem todas se d\u00e3o bem nas mesmas condi\u00e7\u00f5es climat\u00e9ricas. H\u00e1 esp\u00e9cies que preferem o calor, outras o frio e a chuva. Para que n\u00e3o tenha d\u00favidas, deixamos-lhe uma listas de \u00e1rvores que se adaptam a cada tipo de clima.<\/p>\n<ul>\n<li><strong>Climas tropicais:<\/strong>&nbsp;Anoneiras, mangueiras, bananeiras, entre outros;<\/li>\n<li><strong>Climas mediterr\u00e2nicos:<\/strong>&nbsp;\u00c1rvores de citrinos, como laranjeiras, tangerineiras e limoeiros; diospireiros; amendoeiras, que n\u00e3o gostam de solos \u00e1cidos; ameixeiras, geralmente f\u00e1ceis de cuidar e suscept\u00edveis a poucas doen\u00e7as; figueiras, com as quais necessita tomar aten\u00e7\u00e3o a chuvas, vespas e aves; marmeleiros; entre outros;<\/li>\n<li><strong>Climas temperados:<\/strong>&nbsp;Damasqueiros (damascos e alperces); rom\u00e3zeiras, que podem ser podadas em sebe; nespereiras, que n\u00e3o gostam de frio; , entre outros;<\/li>\n<li><strong>Climas frios:<\/strong>&nbsp;Cerejeiras, pessegueiros, macieiras e pereiras, estas \u00faltimas pedem locais protegidos e soalheiros, sendo as \u00e1rvores ideais para jardins pequenos), entre outros.<\/li>\n<\/ul>\n<h2><strong>Atente \u00e0s regas<\/strong><\/h2>\n<p>Para que o crescimento das \u00e1rvores de fruto corra sobre rodas e para assegurar a manuten\u00e7\u00e3o das esp\u00e9cies, <strong>\u00e9 fulcral regar as plantas com frequ\u00eancia<\/strong>, especialmente se estivermos a falar dos dias quentes de Ver\u00e3o. Nesta altura, a <a href=\"https:\/\/www.imovirtual.com\/noticias\/lifestyle\/proteja-a-sua-casa-da-humidade-com-estas-dicas\" target=\"_blank\" rel=\"noopener\">humidade<\/a> \u00e9 mais reduzida e a chuva muito menos frequente, por isso a rega deve ser di\u00e1ria. No entanto, note que<strong> n\u00e3o deve exagerar na quantidade de <a href=\"https:\/\/www.imovirtual.com\/noticias\/lifestyle\/reaproveitar-agua-em-casa\" target=\"_blank\" rel=\"noopener\">\u00e1gua<\/a><\/strong>, j\u00e1 que um solo demasiadamente encharcado pode apodrecer as ra\u00edzes das \u00e1rvores, especialmente as mais jovens. De referir, que uma \u00e1rvore bem regada vai produzir frutos muito mais doces e sumarentos.<\/p>\n<\/p>\n<h2><strong>Considere a dimens\u00e3o do seu jardim<\/strong><\/h2>\n<p>A ideia de plantar um pomar e de tornar o seu consumo de frutas auto-sustent\u00e1vel \u00e9 muito tentadora. No entanto, \u00e9 necess\u00e1rio assentar os p\u00e9s na terra e ter em conta da <strong>real dimens\u00e3o do seu espa\u00e7o para cultivo<\/strong>. Um <a href=\"https:\/\/www.imovirtual.com\/noticias\/imobiliario\/terrenos-viabilidade-construcao-pip\" target=\"_blank\" rel=\"noopener\">terreno<\/a> para \u00e1rvores de fruto deve ser um espa\u00e7o amplo, o suficiente para garantir que conseguir\u00e1 plantar as \u00e1rvores a uma dist\u00e2ncia consider\u00e1vel umas das outras, assegurando assim o <strong>normal fornecimento de \u00e1gua e nutrientes.<\/strong> Note ainda que uma \u00e1rvore de maior porte necessita de mais espa\u00e7o de que \u00e1rvores de menores dimens\u00f5es.<\/p>\n<\/p>\n<h2><strong>A import\u00e2ncia da poda <\/strong><\/h2>\n<p>Podar as suas \u00e1rvores de fruto \u00e9 muito importante para<strong> assegurar a produtividade da esp\u00e9cie<\/strong>. Mas claro que se a poda n\u00e3o for bem feita, isso poder\u00e1 trazer mais problemas do que benef\u00edcios. A melhor altura para podar uma \u00e1rvore depende de especie para esp\u00e9cie, assim como do crescimento pretendido. Geralmente, <strong>a maioria das \u00e1rvores de fruto pode ser podada no final do <a href=\"https:\/\/www.imovirtual.com\/noticias\/lifestyle\/preparar-casa-inverno\" target=\"_blank\" rel=\"noopener\">inverno<\/a><\/strong>, mas n\u00e3o se ainda houver muita geada. De toda a forma, para n\u00e3o correr riscos desnecess\u00e1rios, o ideal mesmo \u00e9 fazer a pesquisa para o tipo de \u00e1rvores que tem no seu pomar. No entanto, lembramos que a poda pode ter diferentes tipos de objetivos:<\/p>\n<ul>\n<li><strong>Poda de forma\u00e7\u00e3o:<\/strong> ideal para gerir o crescimento das \u00e1rvores jovens;<\/li>\n<li><strong>Poda de manuten\u00e7\u00e3o: <\/strong>utilizada para cuidar de \u00e1rvores desenvolvidas;<\/li>\n<li><strong>Poda de revitaliza\u00e7\u00e3o:<\/strong> indicada para revigorar as \u00e1rvores mais velhas;<\/li>\n<\/ul>\n<h2><strong>Pragas, ervas daninhas e limpeza<\/strong><\/h2>\n<p>Se tem \u00e1rvores de fruto ou pretende ter, saiba que<strong> \u00e9 necess\u00e1rio estar sempre atento a sinais<\/strong>. As cochonilhas, pulg\u00f5es, formigas e lagartas s\u00e3o as pragas mais comuns, que afetam quase todas as plantas. As duas primeiras s\u00e3o particularmente mort\u00edferas, j\u00e1 que se tratam de insetos sugadores de seiva, que acabam por enfraquecer as plantas, levando-as inclusivamente \u00e0 morte. <\/p>\n<p>H\u00e1 v\u00e1rios cuidados a ter para evitar o aparecimento de pragas, particularmente <strong>no que respeita \u00e0 rega e aduba\u00e7\u00e3o regular<\/strong>. Mas tamb\u00e9m \u00e9 importante fazer uma <strong><a href=\"https:\/\/www.imovirtual.com\/noticias\/lifestyle\/rotina-diaria-de-limpeza-domestica\" target=\"_blank\" rel=\"noopener\">limpeza<\/a> pontual<\/strong>, eliminando folhas e frutos ca\u00eddos que podem despoletar doen\u00e7as. <strong>Esteja tamb\u00e9m atento aos sinais que as suas \u00e1rvores lhe est\u00e3o a dar<\/strong>: manchas, bichos e partes cortadas podem ser ind\u00edcios de que algo n\u00e3o est\u00e1 bem. Por \u00faltimo, atente \u00e0s <strong>ervas daninhas<\/strong>, a esp\u00e9cie que aparece sem ser convidada e que absorve muita \u00e1gua e nutrientes do solo, o que acaba por dificultar o desenvolvimento pleno da \u00e1rvore. <\/p>\n<\/p>\n<p>Como v\u00ea, cuidar das \u00e1rvores de fruto n\u00e3o \u00e9 um bicho de sete cabe\u00e7as. No entanto, \u00e9 um ritual que requer paci\u00eancia, estudo e aten\u00e7\u00e3o, para garantir o crescimento saud\u00e1vel dos seus exemplares.<\/p>\n<p class=\" block-img\"><img decoding=\"async\" src=\"https:\/\/www.imovirtual.com\/noticias\/wp-content\/uploads\/2022\/11\/bd5974cf-f0b2-4813-a690-c8359669947e_Copia-de-Banners-Autores.png\" alt=\"Ana Catarina Autor Imovirtual\"><\/p>\n<h5><em>Ana Catarina \u00e9 a mi\u00fada das tend\u00eancias. Gosta de ficar em casa a perder-se pelas p\u00e1ginas de um livro, mas tamb\u00e9m n\u00e3o dispensa um caf\u00e9 tardio com os amigos. Est\u00e1 sempre \u00e0 procura do \u00faltimo grito em Lifestyle para revelar no Blog do Imovirtual.<\/em><\/h5>\n<\/p>\n<h4><strong>Mais sobre &#8216;Lifestyle&#8217;<\/strong><\/h4>\n<ul>\n<li><a href=\"https:\/\/www.imovirtual.com\/noticias\/lifestyle\/hortas-apartamentos\" target=\"_blank\" rel=\"noopener\"><strong>Hortas em apartamento<\/strong><\/a>: \u00e9 poss\u00edvel?<\/li>\n<li>Consiga uma&nbsp;<a href=\"https:\/\/www.imovirtual.com\/en\/noticias\/decoracao\/cuide-do-meio-ambiente-e-ao-mesmo-tempo-crie-um-espaco\" target=\"_blank\" rel=\"noopener\"><strong>decora\u00e7\u00e3o Eco-Friendly<\/strong><\/a>&nbsp;em 4 passos<\/li>\n<li><a href=\"https:\/\/www.imovirtual.com\/noticias\/lifestyle\/jardim-de-inverno\" target=\"_blank\" rel=\"noopener\"><strong>Jardim de Inverno<\/strong><\/a>: como fazer?<\/li>\n<\/ul>\n<\/p>\n<div class=\"css-h5fkc8\"><strong>Ultima actualiza\u00e7\u00e3o:<\/strong> 21 mar\u00e7o 2022<\/div>\n","protected":false},"excerpt":{"rendered":"<p>Guia para cuidar das suas \u00e1rvores de fruto Ontem foi dia de darmos as boas vindas \u00e0 Primavera, a esta\u00e7\u00e3o mais colorida do ano. Um pouco por todo o lado, v\u00e1rios s\u00e3o os jardins que se enchem de flores de cores vibrantes e frutos sumarentos. Esta \u00e9 tamb\u00e9m a altura mais f\u00e9rtil das plantas de &hellip;<\/p>\n","protected":false},"author":3,"featured_media":995,"comment_status":"closed","ping_status":"open","sticky":false,"template":"","format":"standard","meta":{"footnotes":""},"categories":[3],"tags":[],"class_list":["post-994","post","type-post","status-publish","format-standard","has-post-thumbnail","hentry","category-lifestyle"],"_links":{"self":[{"href":"https:\/\/www.imovirtual.com\/noticias\/wp-json\/wp\/v2\/posts\/994","targetHints":{"allow":["GET"]}}],"collection":[{"href":"https:\/\/www.imovirtual.com\/noticias\/wp-json\/wp\/v2\/posts"}],"about":[{"href":"https:\/\/www.imovirtual.com\/noticias\/wp-json\/wp\/v2\/types\/post"}],"author":[{"embeddable":true,"href":"https:\/\/www.imovirtual.com\/noticias\/wp-json\/wp\/v2\/users\/3"}],"replies":[{"embeddable":true,"href":"https:\/\/www.imovirtual.com\/noticias\/wp-json\/wp\/v2\/comments?post=994"}],"version-history":[{"count":0,"href":"https:\/\/www.imovirtual.com\/noticias\/wp-json\/wp\/v2\/posts\/994\/revisions"}],"wp:featuredmedia":[{"embeddable":true,"href":"https:\/\/www.imovirtual.com\/noticias\/wp-json\/wp\/v2\/media\/995"}],"wp:attachment":[{"href":"https:\/\/www.imovirtual.com\/noticias\/wp-json\/wp\/v2\/media?parent=994"}],"wp:term":[{"taxonomy":"category","embeddable":true,"href":"https:\/\/www.imovirtual.com\/noticias\/wp-json\/wp\/v2\/categories?post=994"},{"taxonomy":"post_tag","embeddable":true,"href":"https:\/\/www.imovirtual.com\/noticias\/wp-json\/wp\/v2\/tags?post=994"}],"curies":[{"name":"wp","href":"https:\/\/api.w.org\/{rel}","templated":true}]}}