{"id":991,"date":"2022-03-03T00:00:00","date_gmt":"2022-03-03T00:00:00","guid":{"rendered":"https:\/\/www.imovirtual.com\/noticias2\/2022\/03\/03\/mercado-imobiliario-em-numeros-barometro-mensal-fevereiro2022\/"},"modified":"2022-03-03T00:00:00","modified_gmt":"2022-03-03T00:00:00","slug":"mercado-imobiliario-em-numeros-barometro-mensal-fevereiro2022","status":"publish","type":"post","link":"https:\/\/www.imovirtual.com\/noticias\/relatorio-de-precos\/mercado-imobiliario-em-numeros-barometro-mensal-fevereiro2022\/","title":{"rendered":"Mercado Imobili\u00e1rio em N\u00fameros: Bar\u00f3metro Mensal de Fevereiro"},"content":{"rendered":"<p class=\"css-8qfla4\">\n<p class=\"css-m5h6m0 edperro0\">\n<h1><strong>Varia\u00e7\u00e3o Mensal: Fevereiro 2022 vs Janeiro 2022<\/strong><\/h1>\n<h3><strong>Venda | Apartamentos e Moradias<\/strong><\/h3>\n<p>O pre\u00e7o m\u00e9dio dos im\u00f3veis anunciados no Imovirtual para venda em Portugal foi de 376.933\u20ac em fevereiro de 2022. Assistimos assim a uma estabilidade de 1,3% face ao m\u00eas anterior que registou um pre\u00e7o m\u00e9dio de 372.000\u20ac.<\/p>\n<p>No m\u00eas de fevereiro, os distritos com o maior aumento de varia\u00e7\u00e3o percentual de pre\u00e7o face ao m\u00eas de janeiro foi <strong>Portalegre <\/strong>com um crescimento de 4,5%, com 122.997\u20ac em janeiro e 128.545\u20ac em fevereiro.<\/p>\n<p>Em segundo lugar temos <strong>Porto <\/strong>com uma maior varia\u00e7\u00e3o percentual de pre\u00e7o face ao m\u00eas anterior de 2,9% (de 335.252\u20ac para 345.052\u20ac).<\/p>\n<p>Este m\u00eas foi marcado por uma estabilidade, os distritos com a menor varia\u00e7\u00e3o percentual do pre\u00e7o face ao m\u00eas anterior foi <strong>\u00c9vora <\/strong>com -0,9%, passando de 262.293\u20ac para 259.949\u20ac e <strong>Beja<\/strong> com -0,7% de 147.388\u20ac para 146.375\u20ac. <\/p>\n<p class=\" block-img\"><img decoding=\"async\" src=\"https:\/\/www.imovirtual.com\/noticias\/wp-content\/uploads\/2022\/11\/eb026a7d-d758-4d55-9bed-161b4d8f411f_Ativo-22.png\" alt=\"imovirtual\"><\/p>\n<p class=\" block-img\"><img decoding=\"async\" src=\"https:\/\/www.imovirtual.com\/noticias\/wp-content\/uploads\/2022\/11\/8cb38b19-9d74-4288-bd5f-019eb337b85a_Ativo-26.png\" alt=\"imovirtual\"><\/p>\n<p class=\" block-img\"><img decoding=\"async\" src=\"https:\/\/www.imovirtual.com\/noticias\/wp-content\/uploads\/2022\/11\/c2755a2b-05ce-4532-8804-ce7f5cfbf950_Ativo-25.png\" alt=\"imovirtual\"><\/p>\n<h3><strong>Arrendamento | Apartamentos e Moradias<\/strong><\/h3>\n<p>Em Portugal, o pre\u00e7o m\u00e9dio dos im\u00f3veis anunciados no Imovirtual no segmento de arrendamento estabilizou na ordem dos 0,4%, passando de 1.046\u20ac em janeiro para 1.050\u20ac em fevereiro.&nbsp;<\/p>\n<p><strong>Beja<\/strong> \u00e9 o distrito que teve o maior crescimento percentual de 16,4%, comparativamente a janeiro, passando de 438\u20ac para 510\u20ac. Comparativamente a fevereiro de 2020, verifica-se uma queda percentual que \u00e9 marcada por mais -14,2%. <strong>Bragan\u00e7a<\/strong> em segundo lugar, apresentou um crescimento de 16,3% (de 357\u20ac para 415\u20ac).<\/p>\n<p>Contrariamente, <strong>Portalegre <\/strong>e <strong>Guarda <\/strong>apresentam uma queda percentual do pre\u00e7o m\u00e9dio dos im\u00f3veis de -3,32%, -3,31% respetivamente. <\/p>\n<p class=\" block-img\"><img decoding=\"async\" src=\"https:\/\/www.imovirtual.com\/noticias\/wp-content\/uploads\/2022\/11\/9d206703-eac6-4031-abe2-2e2f5e1aa8f8_Ativo-21.png\" alt=\"imovirtual\"><\/p>\n<p class=\" block-img\"><img decoding=\"async\" src=\"https:\/\/www.imovirtual.com\/noticias\/wp-content\/uploads\/2022\/11\/fd7d7212-d177-48d4-b58c-49443d7472de_Ativo-29.png\" alt=\"imovirtual\"><\/p>\n<p class=\" block-img\"><img decoding=\"async\" src=\"https:\/\/www.imovirtual.com\/noticias\/wp-content\/uploads\/2022\/11\/242ceb3f-fe9d-452f-b4b0-e6a1f4b5cfac_Ativo-24.png\" alt=\"imovirtual\"><\/p>\n<h1><strong>Varia\u00e7\u00e3o Anual: Fevereiro 2022 vs Fevereiro 2021<\/strong><\/h1>\n<p>Para uma melhor an\u00e1lise da evolu\u00e7\u00e3o dos pre\u00e7os m\u00e9dios \u00e9 importante comparar tamb\u00e9m dois per\u00edodos hom\u00f3logos em anos seguidos com uma realidade social bastante distinta para compreender o impacto sentido.<\/p>\n<h3><strong>Venda | Apartamentos e Moradias<\/strong><\/h3>\n<p>Comparando os pre\u00e7os m\u00e9dios dos an\u00fancios dos im\u00f3veis no Imovirtual do m\u00eas de fevereiro de 2022 com igual per\u00edodo do ano anterior verifica-se um aumento de 7,9%, passando de 349.208\u20ac para 376.933\u20ac.&nbsp;<\/p>\n<p>O distrito que registou a maior varia\u00e7\u00e3o percentual foi <strong>\u00c9vora <\/strong>(37,5%), passando o pre\u00e7o m\u00e9dio de 189.125\u20ac no per\u00edodo hom\u00f3logo do ano anterior para 259.949\u20ac em fevereiro de 2022.&nbsp;<\/p>\n<p><strong>Regi\u00e3o Aut\u00f3noma da Madeira<\/strong> e <strong>Set\u00fabal <\/strong>registaram uma varia\u00e7\u00e3o percentual de 19,8% e 18% respetivamente.<\/p>\n<p><strong>Guarda<\/strong> mant\u00e9m-se nos distritos com a maior quebra percentual no per\u00edodo considerado com -4,7% (de 117.866\u20ac para 112.331\u20ac).<\/p>\n<p class=\" block-img\"><img decoding=\"async\" src=\"https:\/\/www.imovirtual.com\/noticias\/wp-content\/uploads\/2022\/11\/5ce7c01b-1845-4553-a9ff-bf0d13d8adcb_Ativo-20.png\" alt=\"imovirtual\"><\/p>\n<h3><strong>Arrendamento | Apartamentos e Moradias<\/strong><\/h3>\n<p>No segmento de arrendamento verificou-se uma estabiliza\u00e7\u00e3o percentual de 4,6%, comparando os pre\u00e7os m\u00e9dios anunciados do m\u00eas de fevereiro de 2022 (1.050\u20ac) com igual per\u00edodo do ano anterior (1.004\u20ac).<\/p>\n<p><strong>Porto<\/strong> registou novamente o maior aumento percentual de 19,2% no pre\u00e7o m\u00e9dio anunciado, passando a renda m\u00e9dia mensal de 869\u20ac para 1.035\u20ac em fevereiro de 2022. <strong>\u00c9vora<\/strong>, <strong>Regi\u00e3o Aut\u00f3noma da Madeira<\/strong> e <strong>Viana do Castelo <\/strong>apresentaram tamb\u00e9m um aumento percentual na ordem dos 17,5%, 14,4% e 12,8%, respetivamente.&nbsp;<\/p>\n<p>O distrito que registou a maior quebra percentual foi <strong>Beja<\/strong> com -14,2%, passando de 594\u20ac para 510\u20ac.<\/p>\n<p class=\" block-img\"><img decoding=\"async\" src=\"https:\/\/www.imovirtual.com\/noticias\/wp-content\/uploads\/2022\/11\/5effbdd9-5fb1-4c9e-92d1-e9644e9bb58b_Ativo-19.png\" alt=\"imovirtual\"><\/p>\n<h4><strong>Veja tamb\u00e9m:<\/strong><\/h4>\n<ul>\n<li><a href=\"https:\/\/www.imovirtual.com\/noticias\/imoblog\/escolha-consumidor-premio-cinco-estrelas-imovirtual\" target=\"_blank\" rel=\"noopener\"><strong>Imovirtual arrecada Pr\u00e9mio Cinco Estrelas e Escolha do Consumidor 2022 pelo 7\u00ba e 8\u00ba ano consecutivo<\/strong><\/a><\/li>\n<li><a href=\"https:\/\/www.imovirtual.com\/noticias\/imobiliario\/sustentabilidade-mercado-imobiliario\" target=\"_blank\" rel=\"noopener\"><strong>A sustentabilidade no Mercado Imobili\u00e1rio<\/strong><\/a><\/li>\n<li><a href=\"https:\/\/www.imovirtual.com\/portugal-nao-e-so-fachada\/\" target=\"_blank\" rel=\"noopener\"><strong>Campanha Imovirtual: Portugal n\u00e3o \u00e9 s\u00f3 fachada<\/strong><\/a><\/li>\n<\/ul>\n<\/p>\n<div class=\"css-h5fkc8\"><strong>Ultima actualiza\u00e7\u00e3o:<\/strong> 03 mar\u00e7o 2022<\/div>\n","protected":false},"excerpt":{"rendered":"<p>Varia\u00e7\u00e3o Mensal: Fevereiro 2022 vs Janeiro 2022 Venda | Apartamentos e Moradias O pre\u00e7o m\u00e9dio dos im\u00f3veis anunciados no Imovirtual para venda em Portugal foi de 376.933\u20ac em fevereiro de 2022. Assistimos assim a uma estabilidade de 1,3% face ao m\u00eas anterior que registou um pre\u00e7o m\u00e9dio de 372.000\u20ac. No m\u00eas de fevereiro, os distritos &hellip;<\/p>\n","protected":false},"author":3,"featured_media":992,"comment_status":"closed","ping_status":"open","sticky":false,"template":"","format":"standard","meta":{"footnotes":""},"categories":[2],"tags":[],"class_list":["post-991","post","type-post","status-publish","format-standard","has-post-thumbnail","hentry","category-relatorio-de-precos"],"_links":{"self":[{"href":"https:\/\/www.imovirtual.com\/noticias\/wp-json\/wp\/v2\/posts\/991","targetHints":{"allow":["GET"]}}],"collection":[{"href":"https:\/\/www.imovirtual.com\/noticias\/wp-json\/wp\/v2\/posts"}],"about":[{"href":"https:\/\/www.imovirtual.com\/noticias\/wp-json\/wp\/v2\/types\/post"}],"author":[{"embeddable":true,"href":"https:\/\/www.imovirtual.com\/noticias\/wp-json\/wp\/v2\/users\/3"}],"replies":[{"embeddable":true,"href":"https:\/\/www.imovirtual.com\/noticias\/wp-json\/wp\/v2\/comments?post=991"}],"version-history":[{"count":0,"href":"https:\/\/www.imovirtual.com\/noticias\/wp-json\/wp\/v2\/posts\/991\/revisions"}],"wp:featuredmedia":[{"embeddable":true,"href":"https:\/\/www.imovirtual.com\/noticias\/wp-json\/wp\/v2\/media\/992"}],"wp:attachment":[{"href":"https:\/\/www.imovirtual.com\/noticias\/wp-json\/wp\/v2\/media?parent=991"}],"wp:term":[{"taxonomy":"category","embeddable":true,"href":"https:\/\/www.imovirtual.com\/noticias\/wp-json\/wp\/v2\/categories?post=991"},{"taxonomy":"post_tag","embeddable":true,"href":"https:\/\/www.imovirtual.com\/noticias\/wp-json\/wp\/v2\/tags?post=991"}],"curies":[{"name":"wp","href":"https:\/\/api.w.org\/{rel}","templated":true}]}}