{"id":914,"date":"2022-02-17T00:00:00","date_gmt":"2022-02-17T00:00:00","guid":{"rendered":"https:\/\/www.imovirtual.com\/noticias2\/2022\/02\/17\/empreendimentos-faro\/"},"modified":"2024-08-28T10:29:15","modified_gmt":"2024-08-28T10:29:15","slug":"empreendimentos-faro","status":"publish","type":"post","link":"https:\/\/www.imovirtual.com\/noticias\/imobiliario\/empreendimentos-faro\/","title":{"rendered":"Empreendimentos em Faro"},"content":{"rendered":"<p class=\"css-8qfla4\">\n<p class=\"css-m5h6m0 edperro0\">\n<h1><strong>Novos empreendimentos em Faro<\/strong><\/h1>\n<p>Quer esteja \u00e0 procura da sua nova&nbsp;<a href=\"https:\/\/www.imovirtual.com\/noticias\/lifestyle\/criancas-casas-de-sonho\" target=\"_blank\" rel=\"noopener\">casa de sonho<\/a>&nbsp;ou de um im\u00f3vel para investir e rentabilizar, damos-lhe a conhecer as novas oportunidades de&nbsp;<a href=\"https:\/\/www.imovirtual.com\/investimento\/home\/\" target=\"_blank\" rel=\"noopener\">empreendimentos<\/a>&nbsp;que est\u00e3o a surgir no distrito de Faro, <strong>capital do Algarve<\/strong>. Como \u00e9 de conhecimento geral, toda a regi\u00e3o \u00e9 muito procurada na altura do <a href=\"https:\/\/www.imovirtual.com\/noticias\/decoracao\/sugestoes-mesas-de-jantar-verao\" target=\"_blank\" rel=\"noopener\">Ver\u00e3o<\/a> para <a href=\"https:\/\/www.imovirtual.com\/noticias\/lifestyle\/ferias-em-casa-atividades\" target=\"_blank\" rel=\"noopener\">f\u00e9rias<\/a>. <strong>Lagos, Portim\u00e3o, Quarteira, Loul\u00e9 e Tavira<\/strong> s\u00e3o algumas das cidades mais emblem\u00e1ticas, escondendo maravilhas como a Ponta da Piedade, a Praia da Rocha, Ria Formosa, a Cascata do Pego do Inferno, entre outras. N\u00e3o \u00e9 de estranhar tamb\u00e9m, que<strong> a oferta de im\u00f3veis no Algarve seja muito vasta<\/strong>, quer seja para comprar, para arrendar e sobretudo a n\u00edvel de novos empreendimentos imobili\u00e1rios. Neste artigo, mostramos-lhe alguns dos&nbsp;<strong>novos empreendimentos que est\u00e3o a caminho do Algarve<\/strong><\/p>\n<\/p>\n<h3>Conhe\u00e7a: <a href=\"https:\/\/www.imovirtual.com\/noticias\/imobiliario\/os-cinco-melhores-locais-para-comprar-ou-arrendar-no-algarve\" target=\"_blank\" rel=\"noopener\"><em><strong>Os Cinco Melhores Locais Para Comprar ou Arrendar no Algarve<\/strong><\/em><\/a><\/h3>\n<\/p>\n<h2><strong>Lux Garden<\/strong><\/h2>\n<p>Faro<\/p>\n<p><strong>De 3 226,42 \u20ac\/m\u00b2<\/strong><\/p>\n<p class=\" block-img\"><img decoding=\"async\" src=\"https:\/\/www.imovirtual.com\/noticias\/wp-content\/uploads\/2022\/11\/7633fd93-cbc0-4484-a573-68af0826d088_lux-garden-faro.png\" alt=\"lux garden faro empreendimentos\"><\/p>\n<p>O <strong>Lux Garden<\/strong> em Faro, \u00e9 um condom\u00ednio fechado de elevada qualidade e arquitetura contempor\u00e2nea, dotado de um grande jardim com parque infantil, \u00e1reas de lazer, <a href=\"https:\/\/www.imovirtual.com\/noticias\/decoracao\/decorar-sala-estar-sala-jantar\" target=\"_blank\" rel=\"noopener\">sala<\/a> com equipamentos de cardio-fitness, ampla piscina de adultos aquecida e outra de <a href=\"https:\/\/www.imovirtual.com\/noticias\/financas\/viver-com-criancas-essenciais-para-comecar-uma-vida-a-3-id139.html\" target=\"_blank\" rel=\"noopener\">crian\u00e7as<\/a>, ambas tratadas a sal e zona de portaria.<br \/>Numa envolvente de luxo e vegeta\u00e7\u00e3o, os<strong> apartamentos de T1 a T4<\/strong> disp\u00f5em de superf\u00edcies generosas e amplas varandas com <a href=\"https:\/\/www.imovirtual.com\/noticias\/imobiliario\/lei-churrascos-apartamentos\" target=\"_blank\" rel=\"noopener\">churrasco<\/a>, alguns com vista desafogada sobre a Ria Formosa, tendo os apartamentos nos \u00faltimos andares <a href=\"https:\/\/www.imovirtual.com\/noticias\/decoracao\/dicas-decorar-terraco-verao\" target=\"_blank\" rel=\"noopener\">terra\u00e7o<\/a> privativo na cobertura estando equipados com jacuzzi.<br \/>Cada apartamento \u00e9 dotado de uma ampla sala comum, com <a href=\"https:\/\/www.imovirtual.com\/noticias\/decoracao\/cozinhas-inspiradoras\" target=\"_blank\" rel=\"noopener\">cozinha<\/a> integrada e toda equipada, <a href=\"https:\/\/www.imovirtual.com\/noticias\/decoracao\/renovacao-wc-ideias\" target=\"_blank\" rel=\"noopener\">WC<\/a>\u00b4s em suites, e quartos com roupeiros. Os apartamentos t\u00eam estacionamentos, box&#8217;s, alguns com arrecada\u00e7\u00f5es que est\u00e3o distribu\u00eddos por 3 n\u00edveis de garagem.<\/p>\n<\/p>\n<h2><strong>Betunes 8<\/strong><\/h2>\n<p>Loul\u00e9<\/p>\n<p><strong>De 2 173,27 \u20ac\/m\u00b2<\/strong><\/p>\n<p class=\" block-img\"><img decoding=\"async\" src=\"https:\/\/www.imovirtual.com\/noticias\/wp-content\/uploads\/2022\/11\/bf8d75f9-542b-4bba-bd02-907a738d3c51_betunes1.png\" alt=\"empreendimentos faro loul\u00e9 betunes 8\"><\/p>\n<p>Concebido a pensar na sua casa como o seu lugar de ref\u00fagio. O<strong> Betunes 8<\/strong> \u00e9 um edif\u00edcio para 24 apartamentos<strong> com <a href=\"https:\/\/www.imovirtual.com\/noticias\/imobiliario\/guia-para-tipologia-moradias-apartamentos\" target=\"_blank\" rel=\"noopener\">tipologias<\/a> T2 e T3<\/strong> com arquitetura contempor\u00e2nea, simples e elegante. Espa\u00e7os amplos e abertos, com enorme espa\u00e7o de varandas. Materiais escolhidos a dedo para lhe proporcionar o maior bem-estar e conforto. Descubra este projeto \u00fanico no<strong> interior da cidade de Loul\u00e9<\/strong>, com a nossa garantia de qualidade.<\/p>\n<\/p>\n<h2><strong>Horizon Ocean Gardens<\/strong><\/h2>\n<p>Quarteira<\/p>\n<p><strong>De 5 359,32 \u20ac\/m\u00b2<\/strong><\/p>\n<p class=\" block-img\"><img decoding=\"async\" src=\"https:\/\/www.imovirtual.com\/noticias\/wp-content\/uploads\/2022\/11\/045691ae-bd7a-4d36-adf2-dfce2f5c3a98_Horizon-Ocean-Gardens.png\" alt=\"horizon ocean gardens empreendimentos faro loul\u00e9 quarteira\"><\/p>\n<p>Sob o mote &#8216;O \u00faltimo Algarve&#8217;, apresentamos-lhe o empreendimento<strong> Horizon Ocean Gardens<\/strong>. Localizado na Praia do Forte Novo, em Quarteira, envolvido pelo azul do oceano Atl\u00e2ntico e embalado por uma tranquilidade \u00fanica, nasce este novo projeto imobili\u00e1rio.<\/p>\n<p>Este projeto totalmente exclusivo situado na primeira linha de costa, \u00e9 da<strong> autoria do gabinete Saraiva+Associados<\/strong>. Composto por<strong> 129 apartamentos<\/strong>, todos com varanda com vista para o mar algarvio, divide-se em dois lotes, ambos privilegiando sempre o conforto e uma liga\u00e7\u00e3o aut\u00eantica com a natureza: o<strong> Horizon Sea<\/strong> e o <strong>Horizon Sand<\/strong>.<\/p>\n<p>O <strong>Horizon Sea<\/strong> s\u00e3o 67 apartamentos amplos e luminosos, de design contempor\u00e2neo e minimalista, distribu\u00eddos por 3 pisos virados para o mar, de tipologias T1 a T4 Penthouses. Os apartamentos <strong>Horizon Sand<\/strong> dividem-se por 2 edif\u00edcios, de 3 e 6 pisos, composto por 62 modernas e exclusivas fra\u00e7\u00f5es de tipologias T1 a T4 penthouses. Duas propostas diferentes para diferentes gostos e estilos de vida que convidam a uma vida tranquila, em frente ao mar.<\/p>\n<\/p>\n<h3>Saiba mais: <a href=\"https:\/\/www.imovirtual.com\/noticias\/imoblog\/faro-quarteira-id109.html\" target=\"_blank\" rel=\"noopener\"><em><strong>Faro: Quarteira<\/strong><\/em><\/a><\/h3>\n<\/p>\n<h2><strong>Encosta da Luz<\/strong><\/h2>\n<p>Lagos<\/p>\n<p><strong>De 7 142,86 \u20ac\/m\u00b2<\/strong><\/p>\n<\/p>\n<p class=\" block-img\"><img decoding=\"async\" src=\"https:\/\/www.imovirtual.com\/noticias\/wp-content\/uploads\/2022\/11\/e5bbe344-b417-4e18-b964-3d38e86c2492_Encosta-da-Luz-Lagos.png\" alt=\"encosta da luz empreendimentos lagos\"><\/p>\n<p>As moradias da <strong>Encosta da Luz<\/strong>, localizadas na Praia da Luz, Lagos, possuem \u00e1reas de constru\u00e7\u00e3o entre os 350 e os 480 m2. Todas com vista para o <a href=\"https:\/\/www.imovirtual.com\/noticias\/imobiliario\/casas-vista-mar\" target=\"_blank\" rel=\"noopener\">mar<\/a>, <a href=\"https:\/\/www.imovirtual.com\/noticias\/lifestyle\/urban-jungle-jardim-vertical-em-apartamento\" target=\"_blank\" rel=\"noopener\">jardim<\/a> privativo, <a href=\"https:\/\/www.imovirtual.com\/noticias\/imobiliario\/piscina-em-casa-inspire-se-nestas-5-sugestoes\" target=\"_blank\" rel=\"noopener\">piscina<\/a> aquecida com cobertura autom\u00e1tica e jacuzzi no terra\u00e7o exterior. Com uma <strong>arquitetura de autor contempor\u00e2nea<\/strong>, destacam-se pelos amplos espa\u00e7os interiores e por um design que combina modernidade e conforto. <\/p>\n<p>As vilas t\u00eam por base o conceito de <a href=\"https:\/\/www.imovirtual.com\/noticias\/imobiliario\/casas-passivas-sustentabilidade\" target=\"_blank\" rel=\"noopener\">Casas Passivas<\/a>, sendo pensadas para serem o mais auto-suficientes poss\u00edvel. Utilizam materiais distintos dos tipicamente utilizados, muito mais eficientes acusticamente, energ\u00e9ticamente e termicamente. O conceito de Passive House utiliza os mais avan\u00e7ados sistemas de <a href=\"https:\/\/www.imovirtual.com\/noticias\/financas\/paineis-solares-a-energia-que-a-sua-casa-precisa-id178.html\" target=\"_blank\" rel=\"noopener\">energia solar<\/a> e gest\u00e3o da \u00e1gua, bem como as melhores tecnologias de isolamento, reduzindo o custo da casa e criando uma verdadeira viv\u00eancia eco-friendly.<\/p>\n<p>O cliente ter\u00e1 sempre a<strong> op\u00e7\u00e3o de personalizar a arquitetura e os acabamentos<\/strong>.<\/p>\n<p class=\" block-img\"><img decoding=\"async\" src=\"https:\/\/www.imovirtual.com\/noticias\/wp-content\/uploads\/2022\/11\/3c23b667-0a08-4ca1-abcb-74566be5c538_Copia-de-Banners-Autores-2.png\" alt=\"Alexandre Lu\u00eds Autor Imovirtual\"><\/p>\n<h5><em>Tamb\u00e9m conhecido como &#8216;O Consultor&#8217;. Pode encontr\u00e1-lo a consultar o \u00faltimo estudo de mercado. N\u00e3o tem talento para vender, mas sabe tudo sobre Imobili\u00e1rio. Fala sobre quest\u00f5es relacionadas com o tema no Blog do Imovirtual.<\/em><\/h5>\n<\/p>\n<h4><strong>Mais sobre&nbsp;<em>Imobili\u00e1rio<\/em><\/strong><\/h4>\n<ul>\n<li>Como avaliar as&nbsp;<a href=\"https:\/\/www.imovirtual.com\/noticias\/imobiliario\/avaliar-acessibilidades-vizinhanca\" target=\"_blank\" rel=\"noopener\"><strong>acessibilidades<\/strong><\/a>&nbsp;de uma boa vizinhan\u00e7a<\/li>\n<li>Vantagens e desvantagens de&nbsp;<a href=\"https:\/\/www.imovirtual.com\/noticias\/imobiliario\/vantagens-desvantagens-grandes-cidades\" target=\"_blank\" rel=\"noopener\"><strong>viver em grandes cidades<\/strong><\/a><\/li>\n<li>O processo de&nbsp;<a href=\"https:\/\/www.imovirtual.com\/noticias\/imobiliario\/oito-etapas-comprar-casas\" target=\"_blank\" rel=\"noopener\"><strong>compra de um im\u00f3vel<\/strong><\/a>&nbsp;em 8 etapas<\/li>\n<\/ul>\n<\/p>\n<div class=\"css-h5fkc8\"><strong>Ultima actualiza\u00e7\u00e3o:<\/strong> 17 fevereiro 2022<\/div>\n","protected":false},"excerpt":{"rendered":"<p>Novos empreendimentos em Faro Quer esteja \u00e0 procura da sua nova&nbsp;casa de sonho&nbsp;ou de um im\u00f3vel para investir e rentabilizar, damos-lhe a conhecer as novas oportunidades de&nbsp;empreendimentos&nbsp;que est\u00e3o a surgir no distrito de Faro, capital do Algarve. Como \u00e9 de conhecimento geral, toda a regi\u00e3o \u00e9 muito procurada na altura do Ver\u00e3o para f\u00e9rias. Lagos, &hellip;<\/p>\n","protected":false},"author":3,"featured_media":915,"comment_status":"closed","ping_status":"open","sticky":false,"template":"","format":"standard","meta":{"footnotes":""},"categories":[37,5],"tags":[],"class_list":["post-914","post","type-post","status-publish","format-standard","has-post-thumbnail","hentry","category-financas-e-imobiliario","category-imobiliario"],"_links":{"self":[{"href":"https:\/\/www.imovirtual.com\/noticias\/wp-json\/wp\/v2\/posts\/914","targetHints":{"allow":["GET"]}}],"collection":[{"href":"https:\/\/www.imovirtual.com\/noticias\/wp-json\/wp\/v2\/posts"}],"about":[{"href":"https:\/\/www.imovirtual.com\/noticias\/wp-json\/wp\/v2\/types\/post"}],"author":[{"embeddable":true,"href":"https:\/\/www.imovirtual.com\/noticias\/wp-json\/wp\/v2\/users\/3"}],"replies":[{"embeddable":true,"href":"https:\/\/www.imovirtual.com\/noticias\/wp-json\/wp\/v2\/comments?post=914"}],"version-history":[{"count":0,"href":"https:\/\/www.imovirtual.com\/noticias\/wp-json\/wp\/v2\/posts\/914\/revisions"}],"wp:featuredmedia":[{"embeddable":true,"href":"https:\/\/www.imovirtual.com\/noticias\/wp-json\/wp\/v2\/media\/915"}],"wp:attachment":[{"href":"https:\/\/www.imovirtual.com\/noticias\/wp-json\/wp\/v2\/media?parent=914"}],"wp:term":[{"taxonomy":"category","embeddable":true,"href":"https:\/\/www.imovirtual.com\/noticias\/wp-json\/wp\/v2\/categories?post=914"},{"taxonomy":"post_tag","embeddable":true,"href":"https:\/\/www.imovirtual.com\/noticias\/wp-json\/wp\/v2\/tags?post=914"}],"curies":[{"name":"wp","href":"https:\/\/api.w.org\/{rel}","templated":true}]}}