{"id":892,"date":"2022-02-04T00:00:00","date_gmt":"2022-02-04T00:00:00","guid":{"rendered":"https:\/\/www.imovirtual.com\/noticias2\/2022\/02\/04\/imosintese-noticias-030222\/"},"modified":"2022-02-04T00:00:00","modified_gmt":"2022-02-04T00:00:00","slug":"imosintese-noticias-030222","status":"publish","type":"post","link":"https:\/\/www.imovirtual.com\/noticias\/novidades\/imosintese-noticias-030222\/","title":{"rendered":"IMOS\u00cdNTESE &#8211; NOT\u00cdCIAS 03\/02"},"content":{"rendered":"<p class=\"css-8qfla4\">\n<p class=\"css-m5h6m0 edperro0\">\n<h2><strong>Em parceria com o Di\u00e1rio Imobili\u00e1rio, o Imovirtual apresenta diariamente um resumo notici\u00e1rio dos acontecimentos mais relevantes do dia. Fique a par das \u00faltimas novidades do Mercado Imobili\u00e1rio:<\/strong><\/h2>\n<\/p>\n<h1><strong>Valor do mercado mundial de resid\u00eancias prime sobe 6,9% em 2021<\/strong><\/h1>\n<p>O sector residencial em Portugal demonstrou uma recupera\u00e7\u00e3o total no ano passado, tendo sido ultrapassados os valores de 2019, revela a Savills.&nbsp;<\/p>\n<h3><strong>Saiba mais <a href=\"https:\/\/www.diarioimobiliario.pt\/Actualidade\/Internacional\/Valor-do-mercado-mundial-de-residencias-prime-sobe-6-9-em-2021\" target=\"_blank\" rel=\"noopener\">aqui<\/a><\/strong><\/h3>\n<\/p>\n<h1><strong>Gestora de fundos espanhola Azora lan\u00e7a-se em for\u00e7a no residencial para arrendamento<\/strong><\/h1>\n<p>A Azora, empresa espanhola gestora de fundos, que adquiriu recentemente em Portugal os hot\u00e9is de 5 estrelas Tivoli Vilamoura, Tivoli Carvoeiro e Vilalara Thalassa Resort, na regi\u00e3o do Algarve, criou uma empresa onde vai investir 1,5 mil milh\u00f5es de euros em habita\u00e7\u00e3o para arrendamento.<\/p>\n<h3><strong>Saiba mais <a href=\"https:\/\/www.diarioimobiliario.pt\/Actualidade\/Internacional\/Gestora-de-fundos-espanhola-Azora-lanca-se-em-forca-no-residencial-para-arrendamento\" target=\"_blank\" rel=\"noopener\">aqui<\/a><\/strong><\/h3>\n<\/p>\n<h1><strong>Mota-Engil com contrato no Uganda de 162,4 milh\u00f5es de d\u00f3lares norte-americanos<\/strong><\/h1>\n<p>A Mota-Engil avan\u00e7a que a sua participada Mota-Engil Uganda conseguiu mais um contrato no valor de 162,4 milh\u00f5es de d\u00f3lares norte-americanos, para&nbsp;um projecto no sector energ\u00e9tico.<\/p>\n<h3><strong>Saiba mais <a href=\"https:\/\/www.diarioimobiliario.pt\/Actualidade\/Mota-Engil-com-contrato-no-Uganda-de-162-4-milhoes-de-dolares-norte-americanos\" target=\"_blank\" rel=\"noopener\">aqui<\/a><\/strong><\/h3>\n<\/p>\n<h1><strong>Doutor Finan\u00e7as com aumento de 36% do volume de neg\u00f3cios em 2021<\/strong><\/h1>\n<p>O Doutor Finan\u00e7as, empresa especializada em finan\u00e7as pessoais e familiares, acaba de divulgar dados referentes ao desenvolvimento da sua opera\u00e7\u00e3o em 2021, reportando um aumento de 36% no seu volume de neg\u00f3cios.<\/p>\n<h3><strong>Saiba mais <a href=\"https:\/\/www.diarioimobiliario.pt\/Actualidade\/Doutor-Financas-com-aumento-de-36-do-volume-de-negocios-em-2021\" target=\"_blank\" rel=\"noopener\">aqui<\/a><\/strong><\/h3>\n<\/p>\n<h1><strong>Pedra Sinterizada da Neolith com nova identidade visual<\/strong><\/h1>\n<p>A Neolith, empresa ib\u00e9rica de&nbsp;Pedra Sinterizada, apresenta uma nova identidade. A sua nova assinatura &#8220;<em>touch.feel.live&#8221;<\/em>&nbsp;\u00e9 uma declara\u00e7\u00e3o de princ\u00edpios: inspirar a cria\u00e7\u00e3o de solu\u00e7\u00f5es \u00fanicas, de espa\u00e7os interiores e exteriores, assente no equil\u00edbrio perfeito entre a funcionalidade e o design.<\/p>\n<h3><strong>Saiba mais <a href=\"https:\/\/www.diarioimobiliario.pt\/Arquitectura\/Design\/Pedra-Sinterizada-da-Neolith-com-nova-identidade-visual\" target=\"_blank\" rel=\"noopener\">aqui<\/a><\/strong><\/h3>\n<\/p>\n<h3><strong>Leia as anteriores Imos\u00edntese:<\/strong><\/h3>\n<p>\ud83d\udc49<a href=\"https:\/\/www.imovirtual.com\/noticias\/noticias\/imosintese-noticias-020222\" target=\"_blank\" rel=\"noopener\"><strong>IMOS\u00cdNTESE &#8211; NOT\u00cdCIAS 02\/02<\/strong><\/a><\/p>\n<p>\ud83d\udc49<a href=\"https:\/\/www.imovirtual.com\/noticias\/noticias\/imosintese-noticias-010222\" target=\"_blank\" rel=\"noopener\"><strong>IMOS\u00cdNTESE &#8211; NOT\u00cdCIAS 01\/02<\/strong><\/a><\/p>\n<p>\ud83d\udc49<a href=\"https:\/\/www.imovirtual.com\/noticias\/noticias\/imosintese-noticias-3101\" target=\"_blank\" rel=\"noopener\"><strong>IMOS\u00cdNTESE &#8211; NOT\u00cdCIAS 31\/01<\/strong><\/a><\/p>\n<\/p>\n<div class=\"css-h5fkc8\"><strong>Ultima actualiza\u00e7\u00e3o:<\/strong> 04 fevereiro 2022<\/div>\n","protected":false},"excerpt":{"rendered":"<p>Em parceria com o Di\u00e1rio Imobili\u00e1rio, o Imovirtual apresenta diariamente um resumo notici\u00e1rio dos acontecimentos mais relevantes do dia. Fique a par das \u00faltimas novidades do Mercado Imobili\u00e1rio: Valor do mercado mundial de resid\u00eancias prime sobe 6,9% em 2021 O sector residencial em Portugal demonstrou uma recupera\u00e7\u00e3o total no ano passado, tendo sido ultrapassados os &hellip;<\/p>\n","protected":false},"author":3,"featured_media":100,"comment_status":"closed","ping_status":"open","sticky":false,"template":"","format":"standard","meta":{"footnotes":""},"categories":[4],"tags":[],"class_list":["post-892","post","type-post","status-publish","format-standard","has-post-thumbnail","hentry","category-novidades"],"_links":{"self":[{"href":"https:\/\/www.imovirtual.com\/noticias\/wp-json\/wp\/v2\/posts\/892","targetHints":{"allow":["GET"]}}],"collection":[{"href":"https:\/\/www.imovirtual.com\/noticias\/wp-json\/wp\/v2\/posts"}],"about":[{"href":"https:\/\/www.imovirtual.com\/noticias\/wp-json\/wp\/v2\/types\/post"}],"author":[{"embeddable":true,"href":"https:\/\/www.imovirtual.com\/noticias\/wp-json\/wp\/v2\/users\/3"}],"replies":[{"embeddable":true,"href":"https:\/\/www.imovirtual.com\/noticias\/wp-json\/wp\/v2\/comments?post=892"}],"version-history":[{"count":0,"href":"https:\/\/www.imovirtual.com\/noticias\/wp-json\/wp\/v2\/posts\/892\/revisions"}],"wp:featuredmedia":[{"embeddable":true,"href":"https:\/\/www.imovirtual.com\/noticias\/wp-json\/wp\/v2\/media\/100"}],"wp:attachment":[{"href":"https:\/\/www.imovirtual.com\/noticias\/wp-json\/wp\/v2\/media?parent=892"}],"wp:term":[{"taxonomy":"category","embeddable":true,"href":"https:\/\/www.imovirtual.com\/noticias\/wp-json\/wp\/v2\/categories?post=892"},{"taxonomy":"post_tag","embeddable":true,"href":"https:\/\/www.imovirtual.com\/noticias\/wp-json\/wp\/v2\/tags?post=892"}],"curies":[{"name":"wp","href":"https:\/\/api.w.org\/{rel}","templated":true}]}}