{"id":888,"date":"2022-01-31T00:00:00","date_gmt":"2022-01-31T00:00:00","guid":{"rendered":"https:\/\/www.imovirtual.com\/noticias2\/2022\/01\/31\/imozine-a-revista-do-consultor-imobiliario-decima-edicao\/"},"modified":"2024-09-02T14:56:02","modified_gmt":"2024-09-02T14:56:02","slug":"imozine-a-revista-do-consultor-imobiliario-decima-edicao","status":"publish","type":"post","link":"https:\/\/www.imovirtual.com\/noticias\/relatorio-de-precos\/imozine-a-revista-do-consultor-imobiliario-decima-edicao\/","title":{"rendered":"IMOZINE: A Revista do Consultor Imobili\u00e1rio | Vers\u00e3o digital"},"content":{"rendered":"<p class=\"css-8qfla4\">\n<p class=\"css-m5h6m0 edperro0\">\n<p>O Imovirtual lan\u00e7ou a d\u00e9cima edi\u00e7\u00e3o da Revista trimestral do Consultor Imobili\u00e1rio!<\/p>\n<p>A revista IMOZINE \u00e9 uma publica\u00e7\u00e3o especializada para Profissionais do Setor Imobili\u00e1rio, distribu\u00edda de forma gratuita e elaborada pela equipa de Marketing do Imovirtual com o objetivo de fortalecer rela\u00e7\u00f5es e informar os profissionais do setor.&nbsp; Na Revista s\u00e3o abordados temas dedicados ao Consultor Imobili\u00e1rio: dados, not\u00edcias e novidades de mercado, partilha das novas caracter\u00edsticas do Portal, entrevistas a diferentes intervenientes e efetua uma retrospectiva de eventos passados, assim como comunica\u00e7\u00e3o de pr\u00f3ximos.<\/p>\n<p>Nesta edi\u00e7\u00e3o entrevistamos Manuel Duarte Pinheiro, Professor no Instituto Superior T\u00e9cnico e Respons\u00e1vel pelo Sistema LiderA, que respondeu a quest\u00f5es sobre a sustentabilidade no mercado imobili\u00e1rio. Apresentamos um Guia Imovirtual com dicas para melhorar o seu neg\u00f3cio, com um de como utilizar o seu b\u00f3nus. Na Imozine pode tamb\u00e9m consultar o Artigo de Opini\u00e3o escrito por Aleksandar Tutulic, Marketing Director Europe, Real Estate Customer Unit do OLX Group, com o panorama dos pr\u00f3ximos 10 anos do Imovirtual.<\/p>\n<p>&nbsp;<\/p>\n<h2><strong>Para aceder aos conte\u00fados da Imozine&nbsp;<a href=\"https:\/\/newsletter.imgrap.com\/imovirtual2019\/imozine\/\" target=\"_blank\" rel=\"noopener\">clique aqui<\/a>.&nbsp;<\/strong><\/h2>\n<p><strong>Caso queira entrar em contacto ou tenha sugest\u00f5es, poder\u00e1 faz\u00ea-lo atrav\u00e9s do e-mail:&nbsp;marketing@imovirtual.com<\/strong><\/p>\n<\/p>\n<h4><strong>Veja tamb\u00e9m<\/strong><\/h4>\n<ul>\n<li><strong>Mercado Imobili\u00e1rio em N\u00fameros: <a href=\"https:\/\/www.imovirtual.com\/noticias\/imoblog\/mercado-imobiliario-em-numeros-barometro-mensal-de-janeiro2022\" target=\"_blank\" rel=\"noopener\">Bar\u00f3metro Mensal de Janeiro<\/a><\/strong><\/li>\n<li><strong>Tudo sobre <a href=\"https:\/\/www.imovirtual.com\/noticias\/imoblog\/marketing-imobiliario\" target=\"_blank\" rel=\"noopener\">Marketing Imobili\u00e1rio<\/a><\/strong><\/li>\n<li><strong>Imovirtual arrecada <a href=\"https:\/\/www.imovirtual.com\/noticias\/imoblog\/escolha-consumidor-premio-cinco-estrelas-imovirtual\" target=\"_blank\" rel=\"noopener\">Pr\u00e9mio Cinco Estrelas e Escolha do Consumidor 2022<\/a> pelo 7\u00ba e 8\u00ba ano consecutivo<\/strong><\/li>\n<\/ul>\n<\/p>\n<div class=\"css-h5fkc8\"><strong>Ultima actualiza\u00e7\u00e3o:<\/strong> 31 janeiro 2022<\/div>\n","protected":false},"excerpt":{"rendered":"<p>O Imovirtual lan\u00e7ou a d\u00e9cima edi\u00e7\u00e3o da Revista trimestral do Consultor Imobili\u00e1rio! A revista IMOZINE \u00e9 uma publica\u00e7\u00e3o especializada para Profissionais do Setor Imobili\u00e1rio, distribu\u00edda de forma gratuita e elaborada pela equipa de Marketing do Imovirtual com o objetivo de fortalecer rela\u00e7\u00f5es e informar os profissionais do setor.&nbsp; Na Revista s\u00e3o abordados temas dedicados ao &hellip;<\/p>\n","protected":false},"author":3,"featured_media":889,"comment_status":"closed","ping_status":"open","sticky":false,"template":"","format":"standard","meta":{"footnotes":""},"categories":[36,2],"tags":[],"class_list":["post-888","post","type-post","status-publish","format-standard","has-post-thumbnail","hentry","category-profissionais","category-relatorio-de-precos"],"_links":{"self":[{"href":"https:\/\/www.imovirtual.com\/noticias\/wp-json\/wp\/v2\/posts\/888","targetHints":{"allow":["GET"]}}],"collection":[{"href":"https:\/\/www.imovirtual.com\/noticias\/wp-json\/wp\/v2\/posts"}],"about":[{"href":"https:\/\/www.imovirtual.com\/noticias\/wp-json\/wp\/v2\/types\/post"}],"author":[{"embeddable":true,"href":"https:\/\/www.imovirtual.com\/noticias\/wp-json\/wp\/v2\/users\/3"}],"replies":[{"embeddable":true,"href":"https:\/\/www.imovirtual.com\/noticias\/wp-json\/wp\/v2\/comments?post=888"}],"version-history":[{"count":0,"href":"https:\/\/www.imovirtual.com\/noticias\/wp-json\/wp\/v2\/posts\/888\/revisions"}],"wp:featuredmedia":[{"embeddable":true,"href":"https:\/\/www.imovirtual.com\/noticias\/wp-json\/wp\/v2\/media\/889"}],"wp:attachment":[{"href":"https:\/\/www.imovirtual.com\/noticias\/wp-json\/wp\/v2\/media?parent=888"}],"wp:term":[{"taxonomy":"category","embeddable":true,"href":"https:\/\/www.imovirtual.com\/noticias\/wp-json\/wp\/v2\/categories?post=888"},{"taxonomy":"post_tag","embeddable":true,"href":"https:\/\/www.imovirtual.com\/noticias\/wp-json\/wp\/v2\/tags?post=888"}],"curies":[{"name":"wp","href":"https:\/\/api.w.org\/{rel}","templated":true}]}}