{"id":887,"date":"2022-02-01T00:00:00","date_gmt":"2022-02-01T00:00:00","guid":{"rendered":"https:\/\/www.imovirtual.com\/noticias2\/2022\/02\/01\/imosintese-noticias-010222\/"},"modified":"2022-02-01T00:00:00","modified_gmt":"2022-02-01T00:00:00","slug":"imosintese-noticias-010222","status":"publish","type":"post","link":"https:\/\/www.imovirtual.com\/noticias\/novidades\/imosintese-noticias-010222\/","title":{"rendered":"IMOS\u00cdNTESE &#8211; NOT\u00cdCIAS 01\/02"},"content":{"rendered":"<p class=\"css-8qfla4\">\n<p class=\"css-m5h6m0 edperro0\">\n<h2><strong>Em parceria com o Di\u00e1rio Imobili\u00e1rio, o Imovirtual apresenta diariamente um resumo notici\u00e1rio dos acontecimentos mais relevantes do dia. Fique a par das \u00faltimas novidades do Mercado Imobili\u00e1rio:<\/strong><\/h2>\n<\/p>\n<h1><strong>Pre\u00e7os das casas em Portugal no 3\u00ba trimestre de 2021 subiram 12,2%<\/strong><\/h1>\n<p>No 3\u00ba trimestre de 2021, o pre\u00e7o mediano de alojamentos familiares em Portugal foi 1311 euros\/m2 , representando uma taxa de varia\u00e7\u00e3o hom\u00f3loga de +12,2% (+6,8% no trimestre anterior), revela hoje o INE.<\/p>\n<h3><strong>Saiba mais <a href=\"https:\/\/www.diarioimobiliario.pt\/Habitacao\/Precos-das-casas-em-Portugal-no-3o-trimestre-de-2021-subiram-12-2\" target=\"_blank\" rel=\"noopener\">aqui<\/a><\/strong><\/h3>\n<\/p>\n<h1><strong>Coporgest investe 5,8 M\u20ac em novo projecto habitacional em Lisboa<\/strong><\/h1>\n<p>A Coporgest, empresa especializada no desenvolvimento de projectos imobili\u00e1rios, vai investir 5,8 milh\u00f5es de euros num novo projecto de reabilita\u00e7\u00e3o urbana em Lisboa.<\/p>\n<h3><strong>Saiba mais <a href=\"https:\/\/www.diarioimobiliario.pt\/Habitacao\/Coporgest-investe-5-8-M-em-novo-projecto-habitacional-em-Lisboa\" target=\"_blank\" rel=\"noopener\">aqui<\/a><\/strong><\/h3>\n<\/p>\n<h1><strong>Mercado de revenda \u201cpremium\u201d em alta<\/strong><\/h1>\n<p>&nbsp;A pandemia e o teletrabalho contribu\u00edram para que mais estrangeiros procurem resid\u00eancia em Portugal. Casas de qualidade, bem localizadas e com condi\u00e7\u00f5es de ocupa\u00e7\u00e3o imediata est\u00e3o a fazer crescer o mercado de revenda nos segmentos m\u00e9dio-alto e alto.<\/p>\n<h3><strong>Saiba mais <a href=\"https:\/\/www.diarioimobiliario.pt\/Habitacao\/Mercado-de-revenda-premium-em-alta\" target=\"_blank\" rel=\"noopener\">aqui<\/a><\/strong><\/h3>\n<\/p>\n<h1><strong>Perspetivas para o Mercado imobili\u00e1rio portugu\u00eas para 2022<\/strong><\/h1>\n<p><strong>[Artigo de Opini\u00e3o &#8211; Pedro Vicente] &#8211; <\/strong>O ano de 2021 revelou um setor imobili\u00e1rio nacional resiliente, que resistiu aos impactos da crise pand\u00e9mica de forma assinal\u00e1vel. A este facto n\u00e3o \u00e9 alheia a sua crescente profissionaliza\u00e7\u00e3o, garante da sua competitividade e da sua capacidade de realiza\u00e7\u00e3o.<\/p>\n<h3><strong>Saiba mais <a href=\"https:\/\/www.diarioimobiliario.pt\/Opiniao\/Perspetivas-para-o-Mercado-imobiliario-portugues-para-2022\" target=\"_blank\" rel=\"noopener\">aqui<\/a><\/strong><\/h3>\n<\/p>\n<h1><strong>ERA com 1.7 mil milh\u00f5es de euros em vendas em 2021<\/strong><\/h1>\n<p>A ERA Imobili\u00e1ria vendeu cerca de 10.600 im\u00f3veis em 2021, mais 20% do que em 2020, o que representa um valor de 1.7 mil milh\u00f5es de euros, sendo este o maior valor registado dos \u00faltimos tr\u00eas anos. Em m\u00e9dia, a imobili\u00e1ria vendeu cerca de 29 im\u00f3veis por dia.<\/p>\n<h3><strong>Saiba mais <a href=\"https:\/\/www.diarioimobiliario.pt\/Actualidade\/ERA-com-1.7-mil-milhoes-de-euros-em-vendas-em-2021\" target=\"_blank\" rel=\"noopener\">aqui<\/a><\/strong><\/h3>\n<\/p>\n<h3><strong>Leia as anteriores Imos\u00edntese:<\/strong><\/h3>\n<p>\ud83d\udc49<a href=\"https:\/\/www.imovirtual.com\/noticias\/noticias\/imosintese-noticias-3101\" target=\"_blank\" rel=\"noopener\"><strong>IMOS\u00cdNTESE &#8211; NOT\u00cdCIAS 31\/01<\/strong><\/a><\/p>\n<p>\ud83d\udc49<a href=\"https:\/\/www.imovirtual.com\/noticias\/noticias\/imosintese-noticias-280122\" target=\"_blank\" rel=\"noopener\"><strong>IMOS\u00cdNTESE &#8211; NOT\u00cdCIAS 28\/01<\/strong><\/a><\/p>\n<p>\ud83d\udc49<a href=\"https:\/\/www.imovirtual.com\/noticias\/noticias\/imosintese-noticias-270122\" target=\"_blank\" rel=\"noopener\"><strong>IMOS\u00cdNTESE &#8211; NOT\u00cdCIAS 27\/01<\/strong><\/a><\/p>\n<\/p>\n<div class=\"css-h5fkc8\"><strong>Ultima actualiza\u00e7\u00e3o:<\/strong> 01 fevereiro 2022<\/div>\n","protected":false},"excerpt":{"rendered":"<p>Em parceria com o Di\u00e1rio Imobili\u00e1rio, o Imovirtual apresenta diariamente um resumo notici\u00e1rio dos acontecimentos mais relevantes do dia. Fique a par das \u00faltimas novidades do Mercado Imobili\u00e1rio: Pre\u00e7os das casas em Portugal no 3\u00ba trimestre de 2021 subiram 12,2% No 3\u00ba trimestre de 2021, o pre\u00e7o mediano de alojamentos familiares em Portugal foi 1311 &hellip;<\/p>\n","protected":false},"author":3,"featured_media":100,"comment_status":"closed","ping_status":"open","sticky":false,"template":"","format":"standard","meta":{"footnotes":""},"categories":[4],"tags":[],"class_list":["post-887","post","type-post","status-publish","format-standard","has-post-thumbnail","hentry","category-novidades"],"_links":{"self":[{"href":"https:\/\/www.imovirtual.com\/noticias\/wp-json\/wp\/v2\/posts\/887","targetHints":{"allow":["GET"]}}],"collection":[{"href":"https:\/\/www.imovirtual.com\/noticias\/wp-json\/wp\/v2\/posts"}],"about":[{"href":"https:\/\/www.imovirtual.com\/noticias\/wp-json\/wp\/v2\/types\/post"}],"author":[{"embeddable":true,"href":"https:\/\/www.imovirtual.com\/noticias\/wp-json\/wp\/v2\/users\/3"}],"replies":[{"embeddable":true,"href":"https:\/\/www.imovirtual.com\/noticias\/wp-json\/wp\/v2\/comments?post=887"}],"version-history":[{"count":0,"href":"https:\/\/www.imovirtual.com\/noticias\/wp-json\/wp\/v2\/posts\/887\/revisions"}],"wp:featuredmedia":[{"embeddable":true,"href":"https:\/\/www.imovirtual.com\/noticias\/wp-json\/wp\/v2\/media\/100"}],"wp:attachment":[{"href":"https:\/\/www.imovirtual.com\/noticias\/wp-json\/wp\/v2\/media?parent=887"}],"wp:term":[{"taxonomy":"category","embeddable":true,"href":"https:\/\/www.imovirtual.com\/noticias\/wp-json\/wp\/v2\/categories?post=887"},{"taxonomy":"post_tag","embeddable":true,"href":"https:\/\/www.imovirtual.com\/noticias\/wp-json\/wp\/v2\/tags?post=887"}],"curies":[{"name":"wp","href":"https:\/\/api.w.org\/{rel}","templated":true}]}}