{"id":873,"date":"2022-01-20T00:00:00","date_gmt":"2022-01-20T00:00:00","guid":{"rendered":"https:\/\/www.imovirtual.com\/noticias2\/2022\/01\/20\/empreendimentos-campo-ourique\/"},"modified":"2024-08-28T10:29:18","modified_gmt":"2024-08-28T10:29:18","slug":"empreendimentos-campo-ourique","status":"publish","type":"post","link":"https:\/\/www.imovirtual.com\/noticias\/imobiliario\/empreendimentos-campo-ourique\/","title":{"rendered":"Empreendimentos em Campo de Ourique"},"content":{"rendered":"<p class=\"css-8qfla4\">\n<p class=\"css-m5h6m0 edperro0\">\n<h1><strong>Novos empreendimentos em Campo de Ourique<\/strong><\/h1>\n<p>Quer esteja \u00e0 procura da sua nova&nbsp;<a href=\"https:\/\/www.imovirtual.com\/noticias\/lifestyle\/criancas-casas-de-sonho\" target=\"_blank\" rel=\"noopener\">casa de sonho<\/a>&nbsp;ou de um im\u00f3vel para investir e rentabilizar, damos-lhe a conhecer as novas oportunidades de&nbsp;<a href=\"https:\/\/www.imovirtual.com\/investimento\/home\/\" target=\"_blank\" rel=\"noopener\">empreendimentos<\/a>&nbsp;que est\u00e3o a surgir na zona de&nbsp;<strong>Campo de Ourique, Lisboa<\/strong>. \u00c9 uma das zonas hist\u00f3ricas de&nbsp;<strong>Lisboa<\/strong> que disponibiliza uma grande variedade de servi\u00e7os, com\u00e9rcio, escolas e restaurantes. Ali\u00e1s, \u00e9 nesta zona da cidade que se situa um dos mais conhecidos e requisitados Mercados, o <strong>Mercado de Campo de Ourique<\/strong>, lugar de conv\u00edvio e tradi\u00e7\u00e3o. A<strong> Casa Fernando Pessoa<\/strong>, a<strong> Igreja do Santo Condest\u00e1vel <\/strong>e o<strong> Jardim da Parada<\/strong>, s\u00e3o alguns dos pontos de interesse que pode encontrar nesta zona. A n\u00edvel de im\u00f3veis, Campo de Ourique \u00e9 das zonas com maior variedade de im\u00f3veis, e inclusivamente, por l\u00e1 est\u00e3o a surgir novas casas, fruto de novas constru\u00e7\u00f5es ou requalifica\u00e7\u00f5es. Mostramos-lhe agora alguns dos&nbsp;<strong>novos empreendimentos em Campo de Ourique.<\/strong><\/p>\n<\/p>\n<h3>Saiba mais sobre&nbsp;<a href=\"https:\/\/www.imovirtual.com\/noticias\/imoblog\/campo-de-ourique\" target=\"_blank\" rel=\"noopener\"><strong>Campo de Ourique, Lisboa<\/strong><\/a><\/h3>\n<\/p>\n<h2><a href=\"https:\/\/www.imovirtual.com\/pt\/anuncio\/poiais-de-sao-bento-lisboa-ID17HOQ.html#81f8e26d7a\" target=\"_blank\" rel=\"noopener\"><strong>Poiais de S\u00e3o Bento &#8211; Lisboa<\/strong><\/a><\/h2>\n<p>De 1 \u20ac\/m\u00b2<\/p>\n<p class=\" block-img\"><img decoding=\"async\" src=\"https:\/\/www.imovirtual.com\/noticias\/wp-content\/uploads\/2022\/11\/bcda1f21-0f6f-4ffd-93ab-e032babb1afb_poiais.png\" alt=\"poiais de s\u00e3o bento empreendimento lisboa\"><\/p>\n<p>O <strong>Poiais de S. Bento<\/strong> \u00e9 um empreendimento residencial de luxo, com 10 apartamentos repartidos por 5 pisos, com 5 apartamentos T0 e 5 apartamentos T2.<\/p>\n<p>Localizado a 600 m da Assembleia da Rep\u00fablica, e nas imedia\u00e7\u00f5es da &#8216;Golden Area&#8217; de Lisboa (Av da Liberdade \u2013 Chiado \u2013 Pr\u00edncipe Real), inserido num bairro t\u00edpico lisboeta, muito procurado por turistas e residentes de v\u00e1rias nacionalidades que partilham o dia-a-dia com os residentes locais.<\/p>\n<p>Servido pelo famoso &#8216;El\u00e9trico 28&#8217; que atravessa a parte hist\u00f3rica da cidade, este empreendimento tem nas imedia\u00e7\u00f5es todos os servi\u00e7os, escolas, com\u00e9rcio de rua, restaurantes, bares e outros locais de interesse que fazem desta zona um local de atra\u00e7\u00e3o.<\/p>\n<h2><a href=\"https:\/\/www.imovirtual.com\/pt\/anuncio\/santa-isabel-ID17oCP.html#81f8e26d7a\" target=\"_blank\" rel=\"noopener\"><strong>Santa Isabel<\/strong><\/a><\/h2>\n<p>De 6 715,69 \u20ac\/m\u00b2<\/p>\n<p class=\" block-img\"><img decoding=\"async\" src=\"https:\/\/www.imovirtual.com\/noticias\/wp-content\/uploads\/2022\/11\/d29ec589-ea8e-4b26-ab63-ff6a3ddb9798_santa-isabel.png\" alt=\"empreendimento lisboa santa isabel\"><\/p>\n<p>Na Rua de Santa Isabel, no cen\u00e1rio \u00fanico do bairro de Campo de Ourique, em Lisboa, vai encontrar o <strong>Santa Isabel<\/strong>, um edif\u00edcio marcante que serve de ponto de encontro a duas \u00e9pocas distintas. Este novo empreendimento, com 16 apartamentos de tipologias T1 a T4 e \u00e1reas entre os 54 e os 255m2, distribu\u00eddos por tr\u00eas edif\u00edcios ligados entre si por um parque de estacionamento subterr\u00e2neo, \u00e9 uma incompar\u00e1vel viagem pelo tempo, harmonizando num \u00fanico projeto, o classicismo da \u00e9poca oitocentista, com o conforto das solu\u00e7\u00f5es mais modernas.<\/p>\n<\/p>\n<h2><a href=\"https:\/\/www.imovirtual.com\/pt\/anuncio\/cr-80-ID17nmc.html#81f8e26d7a\" target=\"_blank\" rel=\"noopener\"><strong>CR 80<\/strong><\/a><\/h2>\n<p>Pre\u00e7o sob consulta<\/p>\n<p class=\" block-img\"><img decoding=\"async\" src=\"https:\/\/www.imovirtual.com\/noticias\/wp-content\/uploads\/2022\/11\/531726c5-7ed3-46d8-b3e2-470fa414b216_cr-80.png\" alt=\"empreendimento cr 80 lisboa\"><\/p>\n<p>O empreendimento <strong>CR 80<\/strong> \u00e9 um projeto residencial composto por 4 apartamentos num edif\u00edcio de 4 pisos em Campo de Ourique.<\/p>\n<p>Este edif\u00edcio com elevador concentra 4 apartamentos, sendo tr\u00eas deles T2 e um T3 Duplex com \u00e1reas entre 79,3 m2 e 152,4 m2. O apartamento do r\u00e9s-de-ch\u00e3o possui ainda logradouro.<\/p>\n<p>O resultado \u00e9 um projeto que tem como prioridades o m\u00e1ximo conforto e modernidade.<\/p>\n<\/p>\n<h2><a href=\"https:\/\/www.imovirtual.com\/pt\/anuncio\/vintage-campo-de-ourique-ID17Nx5.html#81f8e26d7a\" target=\"_blank\" rel=\"noopener\"><strong>Vintage Campo de Ourique<\/strong><\/a><\/h2>\n<p>De 6 421,15 \u20ac\/m\u00b2<\/p>\n<p class=\" block-img\"><img decoding=\"async\" src=\"https:\/\/www.imovirtual.com\/noticias\/wp-content\/uploads\/2022\/11\/9b7f965f-952f-407c-961f-4b891ffc6f6b_vintage-campo-de-ourique.png\" alt=\"vintage campo de ourique empreendimento lisboa\"><\/p>\n<p>O <strong>Vintage Campo de Ourique<\/strong> \u00e9 um novo empreendimento a nascer no cora\u00e7\u00e3o de Campo de Ourique.<\/p>\n<p>Composto por 12 apartamentos, de tipologias T1e T2 com \u00e1reas que variam entre os 44m2 e 74m2, o <strong>Vintage Campo de Ourique<\/strong> resulta da requalifica\u00e7\u00e3o de um edif\u00edcio tradicional que ir\u00e1 aliar o beleza do charme original ao conforto dos acabamentos modernos.<\/p>\n<p>A minutos do mercado de Campo de Ourique, o empreendimento <strong>Vintage Campo de Ourique<\/strong> \u00e9 a oportunidade perfeita para quem procura um investimento seguro ou para quem procura residir em Campo de Ourique.<\/p>\n<p>Considerado um dos melhores bairros de Lisboa para se viver, esta zona \u00e9 muito procurada por fam\u00edlias que procuram uma viv\u00eancia de bairro com todas as comodidades de estar no centro da cidade.<\/p>\n<p>Desfrutando de uma localiza\u00e7\u00e3o estrat\u00e9gica, pr\u00f3xima do Marqu\u00eas de Pombal e do Central Business District, este bairro tem muito para oferecer; o Liceu Franc\u00eas, o Mercado de Campo de Ourique, as Amoreiras e o Jardim da Parada s\u00e3o apenas alguns dos pontos que atraem uma popula\u00e7\u00e3o cada vez mais jovem que dinamiza e moderniza a zona.<\/p>\n<h2><a href=\"https:\/\/www.imovirtual.com\/pt\/anuncio\/alvares-cabral-premium-apartments-ID15vwO.html#81f8e26d7a\" target=\"_blank\" rel=\"noopener\"><strong>\u00c1lvares Cabral Premium Apartments<\/strong><\/a><\/h2>\n<p>De 95,24 \u20ac\/m\u00b2<\/p>\n<p class=\" block-img\"><img decoding=\"async\" src=\"https:\/\/www.imovirtual.com\/noticias\/wp-content\/uploads\/2022\/11\/73550432-11c0-4b53-a5f2-a23ed665a20c_Alvares-Cabral-Premium-Apartments.png\" alt=\"\u00c1lvares Cabral Premium Apartments empreendimento lisboa\"><\/p>\n<p>O empreendimento <strong>\u00c1lvares Cabral Premium Apartments <\/strong>\u00e9 um novo empreendimento de luxo situado no cora\u00e7\u00e3o de Lisboa, entre o Jardim da Estrela e o Largo do Rato, muito pr\u00f3ximo do bairro de Campo de Ourique, do Pr\u00edncipe Real e da prestigiada Avenida da Liberdade.<br \/>Viver na avenida \u00c1lvares Cabral \u00e9 ter a tranquilidade das melhores zonas residenciais de Lisboa, desfrutando do melhor dos mundos: centralidade e qualidade de vida!<\/p>\n<p>Partindo de um edif\u00edcio existente nesta famosa avenida, cujo nome inspirou a determina\u00e7\u00e3o e a coragem das Descobertas Portuguesas, nasce um edif\u00edcio moderno, totalmente remodelado, num arrojado projeto de arquitetura contempor\u00e2nea, de um dos mais prestigiados promotores portugueses.<br \/>O <strong>\u00c1lvares Cabral Premium Apartments<\/strong> conta com 13 apartamentos, de tipologia T1 a T5, todos com \u00e1reas exteriores e muita luz.<\/p>\n<p>Os apartamentos, com acabamentos de elevada qualidade, disp\u00f5em de amplas \u00e1reas, arrecada\u00e7\u00e3o e estacionamento em garagem para carros e bicicletas.<br \/>Este empreendimento de luxo destaca-se tamb\u00e9m pelas vistas magn\u00edficas sobre Lisboa e o rio Tejo, que podem ser usufru\u00eddas das varandas e terra\u00e7os de alguns dos apartamentos.<\/p>\n<p>Longe da az\u00e1fama tur\u00edstica, mas suficientemente perto do centro para poder deixar o carro na garagem e visitar a cidade a p\u00e9 ou de metro, este \u00e9, sem d\u00favida, um investimento seguro!<\/p>\n<\/p>\n<p class=\" block-img\"><img decoding=\"async\" src=\"https:\/\/www.imovirtual.com\/noticias\/wp-content\/uploads\/2022\/11\/3c23b667-0a08-4ca1-abcb-74566be5c538_Copia-de-Banners-Autores-2.png\" alt=\"Alexandre Lu\u00eds Autor Imovirtual\"><\/p>\n<h5><em>Tamb\u00e9m conhecido como &#8216;O Consultor&#8217;. Pode encontr\u00e1-lo a consultar o \u00faltimo estudo de mercado. N\u00e3o tem talento para vender, mas sabe tudo sobre Imobili\u00e1rio. Fala sobre quest\u00f5es relacionadas com o tema no Blog do Imovirtual.<\/em><\/h5>\n<\/p>\n<h4><strong>Mais sobre&nbsp;<em>Imobili\u00e1rio<\/em><\/strong><\/h4>\n<ul>\n<li>Como avaliar as&nbsp;<a href=\"https:\/\/www.imovirtual.com\/noticias\/imobiliario\/avaliar-acessibilidades-vizinhanca\" target=\"_blank\" rel=\"noopener\"><strong>acessibilidades<\/strong><\/a>&nbsp;de uma boa vizinhan\u00e7a<\/li>\n<li>Vantagens e desvantagens de&nbsp;<a href=\"https:\/\/www.imovirtual.com\/noticias\/imobiliario\/vantagens-desvantagens-grandes-cidades\" target=\"_blank\" rel=\"noopener\"><strong>viver em grandes cidades<\/strong><\/a><\/li>\n<li>O processo de&nbsp;<a href=\"https:\/\/www.imovirtual.com\/noticias\/imobiliario\/oito-etapas-comprar-casas\" target=\"_blank\" rel=\"noopener\"><strong>compra de um im\u00f3vel<\/strong><\/a>&nbsp;em 8 etapas<\/li>\n<\/ul>\n<\/p>\n<div class=\"css-h5fkc8\"><strong>Ultima actualiza\u00e7\u00e3o:<\/strong> 20 janeiro 2022<\/div>\n","protected":false},"excerpt":{"rendered":"<p>Novos empreendimentos em Campo de Ourique Quer esteja \u00e0 procura da sua nova&nbsp;casa de sonho&nbsp;ou de um im\u00f3vel para investir e rentabilizar, damos-lhe a conhecer as novas oportunidades de&nbsp;empreendimentos&nbsp;que est\u00e3o a surgir na zona de&nbsp;Campo de Ourique, Lisboa. \u00c9 uma das zonas hist\u00f3ricas de&nbsp;Lisboa que disponibiliza uma grande variedade de servi\u00e7os, com\u00e9rcio, escolas e restaurantes. &hellip;<\/p>\n","protected":false},"author":3,"featured_media":874,"comment_status":"closed","ping_status":"open","sticky":false,"template":"","format":"standard","meta":{"footnotes":""},"categories":[37,5],"tags":[],"class_list":["post-873","post","type-post","status-publish","format-standard","has-post-thumbnail","hentry","category-financas-e-imobiliario","category-imobiliario"],"_links":{"self":[{"href":"https:\/\/www.imovirtual.com\/noticias\/wp-json\/wp\/v2\/posts\/873","targetHints":{"allow":["GET"]}}],"collection":[{"href":"https:\/\/www.imovirtual.com\/noticias\/wp-json\/wp\/v2\/posts"}],"about":[{"href":"https:\/\/www.imovirtual.com\/noticias\/wp-json\/wp\/v2\/types\/post"}],"author":[{"embeddable":true,"href":"https:\/\/www.imovirtual.com\/noticias\/wp-json\/wp\/v2\/users\/3"}],"replies":[{"embeddable":true,"href":"https:\/\/www.imovirtual.com\/noticias\/wp-json\/wp\/v2\/comments?post=873"}],"version-history":[{"count":0,"href":"https:\/\/www.imovirtual.com\/noticias\/wp-json\/wp\/v2\/posts\/873\/revisions"}],"wp:featuredmedia":[{"embeddable":true,"href":"https:\/\/www.imovirtual.com\/noticias\/wp-json\/wp\/v2\/media\/874"}],"wp:attachment":[{"href":"https:\/\/www.imovirtual.com\/noticias\/wp-json\/wp\/v2\/media?parent=873"}],"wp:term":[{"taxonomy":"category","embeddable":true,"href":"https:\/\/www.imovirtual.com\/noticias\/wp-json\/wp\/v2\/categories?post=873"},{"taxonomy":"post_tag","embeddable":true,"href":"https:\/\/www.imovirtual.com\/noticias\/wp-json\/wp\/v2\/tags?post=873"}],"curies":[{"name":"wp","href":"https:\/\/api.w.org\/{rel}","templated":true}]}}