{"id":864,"date":"2022-02-02T00:00:00","date_gmt":"2022-02-02T00:00:00","guid":{"rendered":"https:\/\/www.imovirtual.com\/noticias2\/2022\/02\/02\/arrendamento-pacos-ferreira\/"},"modified":"2024-09-02T13:56:24","modified_gmt":"2024-09-02T13:56:24","slug":"arrendamento-pacos-ferreira","status":"publish","type":"post","link":"https:\/\/www.imovirtual.com\/noticias\/novidades\/arrendamento-pacos-ferreira\/","title":{"rendered":"Arrendamento: Pa\u00e7os de Ferreira constr\u00f3i 60 habita\u00e7\u00f5es a pre\u00e7o reduzido"},"content":{"rendered":"<p class=\"css-8qfla4\">\n<p class=\"css-m5h6m0 edperro0\">\n<h1><strong>Arrendamento: Pa\u00e7os de Ferreira constr\u00f3i 60 habita\u00e7\u00f5es a pre\u00e7o reduzido<\/strong><\/h1>\n<p>Um fonte aut\u00e1rquica da Ag\u00eancia Lusa, revelou que a C\u00e2mara de Pa\u00e7os de Ferreira e o <strong>Instituto de Habita\u00e7\u00e3o e da Reabilita\u00e7\u00e3o Urbana<\/strong> (IHRU) celebraram um protocolo para a constru\u00e7\u00e3o de <strong>60 habita\u00e7\u00f5es destinadas a arrendamento<\/strong> a pre\u00e7os reduzidos. De acordo com a fonte, trata-se da primeira fase de um empreendimento localizado em <strong>Freamunde<\/strong> (segundo polo urbano do concelho), que procura corresponder \u00e0s necessidades de \u201cagregados familiares cujo n\u00edvel de rendimento n\u00e3o lhes permite aceder a um im\u00f3vel adequado \u00e0s suas necessidades\u201d.<\/p>\n<\/p>\n<h3>Encontre aqui todos os im\u00f3veis \u00e0 venda em <a href=\"https:\/\/www.imovirtual.com\/comprar\/freamunde-pacos-de-ferreira\/?search%5Bregion_id%5D=13&amp;search%5Bsubregion_id%5D=187&amp;search%5Bcity_id%5D=13640712\" target=\"_blank\" rel=\"noopener\"><strong>Freamunde, Pa\u00e7os de Ferreira<\/strong><\/a><\/h3>\n<\/p>\n<p>Na cerim\u00f3nia, realizada em formato digital, participaram Paulo Ferreira, vice-presidente da c\u00e2mara, J\u00falio Morais, vereador da Habita\u00e7\u00e3o, e Arm\u00e9nio Ribeiro, presidente da Junta de Freguesia de Freamunde. Ainda no \u00e2mbito das pol\u00edticas de habita\u00e7\u00e3o desenvolvidas por aquele munic\u00edpio do distrito do <a href=\"https:\/\/www.imovirtual.com\/arrendar\/porto\/?search%5Bregion_id%5D=13\" target=\"_blank\" rel=\"noopener\"><strong>Porto<\/strong><\/a>, tamb\u00e9m j\u00e1 foi aprovada a empreitada de<strong> requalifica\u00e7\u00e3o do conjunto habitacional de Arreigada<\/strong>, no valor de 2,6 milh\u00f5es de euros. <\/p>\n<p>Os trabalhos incluir\u00e3o substitui\u00e7\u00e3o de caixilharias, aplica\u00e7\u00e3o de sistema de isolamento t\u00e9rmico pelo exterior e substitui\u00e7\u00e3o de telas de impermeabiliza\u00e7\u00e3o, entre outros melhoramentos.<\/p>\n<p>Nas pr\u00f3ximas semanas, acrescentou a fonte, \u201cos restantes conjuntos habitacionais do munic\u00edpio ser\u00e3o tamb\u00e9m aprovadas as respetivas <a href=\"https:\/\/www.imovirtual.com\/noticias\/imobiliario\/lei-obras-casa\" target=\"_blank\" rel=\"noopener\">obras<\/a>, num investimento global de v\u00e1rios milh\u00f5es de euros\u201d. Os trabalhos em curso e os programados permitir\u00e3o a \u201c<strong>requalifica\u00e7\u00e3o do parque habitacional propriedade da c\u00e2mara municipal<\/strong>\u201d.<\/p>\n<\/p>\n<h4><strong>Leia tamb\u00e9m<\/strong><\/h4>\n<ul>\n<li><a href=\"https:\/\/www.imovirtual.com\/noticias\/noticias\/preco-casas-lisboa-ine\" target=\"_blank\" rel=\"noopener\"><strong>INE<\/strong><\/a>: Pre\u00e7o das casas aceleram significativamente em Lisboa<\/li>\n<li><a href=\"https:\/\/www.imovirtual.com\/noticias\/noticias\/preco-das-casas-2021\" target=\"_blank\" rel=\"noopener\"><strong>Pre\u00e7o das casas<\/strong><\/a>&nbsp;sobe 11,7% em Lisboa e 10,3% no Porto<\/li>\n<li><a href=\"https:\/\/www.imovirtual.com\/noticias\/noticias\/as-datas-que-vao-marcar-o-processo-de-entrega-do-irs\" target=\"_blank\" rel=\"noopener\"><strong>IRS 2021<\/strong><\/a>: as datas que deve marcar no seu calend\u00e1rio<\/li>\n<\/ul>\n<\/p>\n<div class=\"css-h5fkc8\"><strong>Ultima actualiza\u00e7\u00e3o:<\/strong> 02 fevereiro 2022<\/div>\n","protected":false},"excerpt":{"rendered":"<p>Arrendamento: Pa\u00e7os de Ferreira constr\u00f3i 60 habita\u00e7\u00f5es a pre\u00e7o reduzido Um fonte aut\u00e1rquica da Ag\u00eancia Lusa, revelou que a C\u00e2mara de Pa\u00e7os de Ferreira e o Instituto de Habita\u00e7\u00e3o e da Reabilita\u00e7\u00e3o Urbana (IHRU) celebraram um protocolo para a constru\u00e7\u00e3o de 60 habita\u00e7\u00f5es destinadas a arrendamento a pre\u00e7os reduzidos. De acordo com a fonte, trata-se &hellip;<\/p>\n","protected":false},"author":3,"featured_media":865,"comment_status":"closed","ping_status":"open","sticky":false,"template":"","format":"standard","meta":{"footnotes":""},"categories":[35,4],"tags":[],"class_list":["post-864","post","type-post","status-publish","format-standard","has-post-thumbnail","hentry","category-guia-de-arrendamento","category-novidades"],"_links":{"self":[{"href":"https:\/\/www.imovirtual.com\/noticias\/wp-json\/wp\/v2\/posts\/864","targetHints":{"allow":["GET"]}}],"collection":[{"href":"https:\/\/www.imovirtual.com\/noticias\/wp-json\/wp\/v2\/posts"}],"about":[{"href":"https:\/\/www.imovirtual.com\/noticias\/wp-json\/wp\/v2\/types\/post"}],"author":[{"embeddable":true,"href":"https:\/\/www.imovirtual.com\/noticias\/wp-json\/wp\/v2\/users\/3"}],"replies":[{"embeddable":true,"href":"https:\/\/www.imovirtual.com\/noticias\/wp-json\/wp\/v2\/comments?post=864"}],"version-history":[{"count":0,"href":"https:\/\/www.imovirtual.com\/noticias\/wp-json\/wp\/v2\/posts\/864\/revisions"}],"wp:featuredmedia":[{"embeddable":true,"href":"https:\/\/www.imovirtual.com\/noticias\/wp-json\/wp\/v2\/media\/865"}],"wp:attachment":[{"href":"https:\/\/www.imovirtual.com\/noticias\/wp-json\/wp\/v2\/media?parent=864"}],"wp:term":[{"taxonomy":"category","embeddable":true,"href":"https:\/\/www.imovirtual.com\/noticias\/wp-json\/wp\/v2\/categories?post=864"},{"taxonomy":"post_tag","embeddable":true,"href":"https:\/\/www.imovirtual.com\/noticias\/wp-json\/wp\/v2\/tags?post=864"}],"curies":[{"name":"wp","href":"https:\/\/api.w.org\/{rel}","templated":true}]}}