{"id":834,"date":"2022-03-13T00:00:00","date_gmt":"2022-03-13T00:00:00","guid":{"rendered":"https:\/\/www.imovirtual.com\/noticias2\/2022\/03\/13\/cuidados-moveis-madeira\/"},"modified":"2024-08-28T10:18:55","modified_gmt":"2024-08-28T10:18:55","slug":"cuidados-moveis-madeira","status":"publish","type":"post","link":"https:\/\/www.imovirtual.com\/noticias\/lifestyle\/cuidados-moveis-madeira\/","title":{"rendered":"Como cuidar dos seus m\u00f3veis de madeira"},"content":{"rendered":"<p class=\"css-8qfla4\">\n<p class=\"css-m5h6m0 edperro0\">\n<h1><strong>Como cuidar dos seus m\u00f3veis de madeira<\/strong><\/h1>\n<p>\u00c9 sabido que a madeira \u00e9 um material robusto, capaz de se aguentar intacto por v\u00e1rios anos. \u00c9 por isso que os <strong>m\u00f3veis de <a href=\"https:\/\/www.imovirtual.com\/noticias\/decoracao\/bancadas-madeira-cozinha-vantagens-desvantagens\" target=\"_blank\" rel=\"noopener\">madeira<\/a><\/strong>, embora mais caros do que os de MDF\/melamina, por exemplo,<strong> est\u00e3o no topo das prefer\u00eancias de v\u00e1rios designeres de interiores, profissionais e amadores<\/strong>. Isto porque, uma divis\u00e3o com m\u00f3veis em madeira transmite uma <strong>sensa\u00e7\u00e3o de aconchego, naturalidade e conforto<\/strong>. Al\u00e9m disso, este material \u00e9 altamente personaliz\u00e1vel, sendo poss\u00edvel construir com eles<strong> m\u00f3veis \u00e0 medida<\/strong> para todos os gostos e tipos de decora\u00e7\u00e3o. Ainda assim, tenha em aten\u00e7\u00e3o que apesar de resistente, <strong>a madeira necessita de cuidados extra para preservar o seu bom aspeto<\/strong>. Diariamente, deve acautelar a sua mob\u00edlia garantindo o seu aspeto jovial e saud\u00e1vel durante v\u00e1rios anos. <\/p>\n<\/p>\n<h2><strong>Quais os cuidados a ter com os m\u00f3veis de madeira?<\/strong><\/h2>\n<p>Dentre os cuidados mais simples, destacamos: <\/p>\n<ul>\n<li>Aten\u00e7\u00e3o \u00e0 <strong>luminosidade<\/strong>, j\u00e1 que o excesso de <a href=\"https:\/\/www.imovirtual.com\/noticias\/imobiliario\/como-poupar-na-fatura-da-luz\" target=\"_blank\" rel=\"noopener\">luz<\/a> danifica a madeira, causando o desaparecimento do brilho e da <a href=\"https:\/\/www.imovirtual.com\/noticias\/decoracao\/cromoterapia-como-escolher-as-cores-para-a-sua-casa\" target=\"_blank\" rel=\"noopener\">cor<\/a> natural;<\/li>\n<li>N\u00e3o coloque <strong>recipientes quentes<\/strong> diretamente sobre os m\u00f3veis;<\/li>\n<li>Com ch\u00e1venas e copos, quentes ou frios, <strong>utilize sempre bases para evitar manchas<\/strong>;<\/li>\n<li>Tenha aten\u00e7\u00e3o ao<strong> peso dos objetos<\/strong>, garantindo que n\u00e3o ultrapassam o peso m\u00e1ximo suportado;<\/li>\n<li><strong>N\u00e3o deve molhar<\/strong> os seus m\u00f3veis de madeira, j\u00e1 que a <a href=\"https:\/\/www.imovirtual.com\/noticias\/imobiliario\/como-poupar-na-fatura-da-agua\" target=\"_blank\" rel=\"noopener\">\u00e1gua<\/a> dilata e empena este material;<\/li>\n<li><strong>Evite o uso de produtos e <a href=\"https:\/\/www.imovirtual.com\/noticias\/lifestyle\/diy-detergentes-caseiros\" target=\"_blank\" rel=\"noopener\">detergentes<\/a> t\u00f3xicos e corrosivos<\/strong>, como o amon\u00edaco;<\/li>\n<li><strong>Limpe eventuais manchas na hora <\/strong>para evitar que a madeira fique manchada;<\/li>\n<li><strong>Distancie ligeiramente os seus m\u00f3veis da <a href=\"https:\/\/www.imovirtual.com\/noticias\/decoracao\/dicas-para-integrar-o-papel-de-parede-na-decoracao\" target=\"_blank\" rel=\"noopener\">parede<\/a> <\/strong>para evitar a cria\u00e7\u00e3o de mofos e bolores.<\/li>\n<\/ul>\n<h2><strong>Como manter os m\u00f3veis de madeira em bom estado?<\/strong><\/h2>\n<p>Al\u00e9m dos cuidados de preven\u00e7\u00e3o que referimos anteriormente, existem pr\u00e1ticas de manuten\u00e7\u00e3o que podem ajudar a aumentar a vida dos seus m\u00f3veis de madeira. <\/p>\n<ul>\n<li><strong>Limpe os m\u00f3veis todos os dias:<\/strong> o <a href=\"https:\/\/www.imovirtual.com\/noticias\/lifestyle\/truques-limpeza-po\" target=\"_blank\" rel=\"noopener\">p\u00f3<\/a> \u00e9 um dos grandes inimigos de qualquer casa. <strong>Tende a acumular-se muito facilmente e em locais inusitados e nos m\u00f3veis de madeira isso n\u00e3o \u00e9 excep\u00e7\u00e3o<\/strong> &#8211; especialmente se estiver a falar de <a href=\"https:\/\/www.imovirtual.com\/noticias\/decoracao\/moveis-antigos-decoracao-moderna\" target=\"_blank\" rel=\"noopener\">mob\u00edlias antigas<\/a> com talhas, pormenores e detalhes. Bem sabemos como \u00e9 enfadonho estar constantemente a tentar eliminar este &#8216;parasita&#8217;, mas para garantir a boa sa\u00fade dos seus m\u00f3veis \u00e9 muito importante que lhes passe um pano seco com regularidade. Assim evitar\u00e1 que se acumule lixo em excesso;<\/li>\n<li><strong>Encerar \u00e9 a resposta:<\/strong> n\u00e3o precisa de adotar esta pr\u00e1tica com tanta regularidade como a anterior, mas \u00e9 muito importante que encere os seus m\u00f3veis com \u00f3leo de cedro e um pano macio, no m\u00ednimo uma vez por m\u00eas. Deve faz\u00ea-lo depois de terminar a sua rotina de limpeza, para assim evitar que o p\u00f3 se entranhe. Isto ir\u00e1 garantir que a sua madeira estar\u00e1 sempre brilhante, hidratada e bem cuidada.<\/li>\n<\/ul>\n<p class=\" block-img\"><img decoding=\"async\" src=\"https:\/\/www.imovirtual.com\/noticias\/wp-content\/uploads\/2022\/11\/af14b393-f5d1-4a75-8368-42f656903033_Copia-de-Banners-Autores-3.png\" alt=\"Maria Lu\u00edsa Autor Imovirtual\"><\/p>\n<h5><em>Maria Lu\u00edsa \u00e9 a decoradora. A paix\u00e3o pela decora\u00e7\u00e3o surgiu desde muito cedo, quando as paredes se tornaram folhas de desenho. Juntou o \u00fatil ao agrad\u00e1vel e fez da voca\u00e7\u00e3o o seu trabalho. Est\u00e1 a cargo dos temas sobre &#8216;Decora\u00e7\u00e3o&#8217; do Blog do Imovirtual.<\/em><\/h5>\n<\/p>\n<h4><strong>Tamb\u00e9m lhe pode interessar<\/strong><\/h4>\n<ul>\n<li>6 pa\u00edses e os seus <a href=\"https:\/\/www.imovirtual.com\/noticias\/decoracao\/estilos-decoracao-paises\" target=\"_blank\" rel=\"noopener\"><strong>estilos de decora\u00e7\u00e3o<\/strong><\/a><\/li>\n<li><a href=\"https:\/\/www.imovirtual.com\/noticias\/decoracao\/bancadas-cozinha-materiais\" target=\"_blank\" rel=\"noopener\"><strong>Bancadas de Cozinha<\/strong><\/a>: qual o material mais indicado?<\/li>\n<li>Motivos para escolher <a href=\"https:\/\/www.imovirtual.com\/noticias\/decoracao\/motivos-para-escolher-mobilia-modular-para-a-sua-casa\" target=\"_blank\" rel=\"noopener\"><strong>mob\u00edlia modular<\/strong><\/a> para a sua casa<\/li>\n<\/ul>\n<\/p>\n<div class=\"css-h5fkc8\"><strong>Ultima actualiza\u00e7\u00e3o:<\/strong> 13 mar\u00e7o 2022<\/div>\n","protected":false},"excerpt":{"rendered":"<p>Como cuidar dos seus m\u00f3veis de madeira \u00c9 sabido que a madeira \u00e9 um material robusto, capaz de se aguentar intacto por v\u00e1rios anos. \u00c9 por isso que os m\u00f3veis de madeira, embora mais caros do que os de MDF\/melamina, por exemplo, est\u00e3o no topo das prefer\u00eancias de v\u00e1rios designeres de interiores, profissionais e amadores. &hellip;<\/p>\n","protected":false},"author":3,"featured_media":835,"comment_status":"closed","ping_status":"open","sticky":false,"template":"","format":"standard","meta":{"footnotes":""},"categories":[3],"tags":[],"class_list":["post-834","post","type-post","status-publish","format-standard","has-post-thumbnail","hentry","category-lifestyle"],"_links":{"self":[{"href":"https:\/\/www.imovirtual.com\/noticias\/wp-json\/wp\/v2\/posts\/834","targetHints":{"allow":["GET"]}}],"collection":[{"href":"https:\/\/www.imovirtual.com\/noticias\/wp-json\/wp\/v2\/posts"}],"about":[{"href":"https:\/\/www.imovirtual.com\/noticias\/wp-json\/wp\/v2\/types\/post"}],"author":[{"embeddable":true,"href":"https:\/\/www.imovirtual.com\/noticias\/wp-json\/wp\/v2\/users\/3"}],"replies":[{"embeddable":true,"href":"https:\/\/www.imovirtual.com\/noticias\/wp-json\/wp\/v2\/comments?post=834"}],"version-history":[{"count":0,"href":"https:\/\/www.imovirtual.com\/noticias\/wp-json\/wp\/v2\/posts\/834\/revisions"}],"wp:featuredmedia":[{"embeddable":true,"href":"https:\/\/www.imovirtual.com\/noticias\/wp-json\/wp\/v2\/media\/835"}],"wp:attachment":[{"href":"https:\/\/www.imovirtual.com\/noticias\/wp-json\/wp\/v2\/media?parent=834"}],"wp:term":[{"taxonomy":"category","embeddable":true,"href":"https:\/\/www.imovirtual.com\/noticias\/wp-json\/wp\/v2\/categories?post=834"},{"taxonomy":"post_tag","embeddable":true,"href":"https:\/\/www.imovirtual.com\/noticias\/wp-json\/wp\/v2\/tags?post=834"}],"curies":[{"name":"wp","href":"https:\/\/api.w.org\/{rel}","templated":true}]}}