{"id":828,"date":"2022-03-24T00:00:00","date_gmt":"2022-03-24T00:00:00","guid":{"rendered":"https:\/\/www.imovirtual.com\/noticias2\/2022\/03\/24\/imosintese-noticias-230322\/"},"modified":"2022-03-24T00:00:00","modified_gmt":"2022-03-24T00:00:00","slug":"imosintese-noticias-230322","status":"publish","type":"post","link":"https:\/\/www.imovirtual.com\/noticias\/novidades\/imosintese-noticias-230322\/","title":{"rendered":"IMOS\u00cdNTESE &#8211; NOT\u00cdCIAS 23\/03"},"content":{"rendered":"<p class=\"css-8qfla4\">\n<p class=\"css-m5h6m0 edperro0\">\n<h2><strong>Em parceria com o Di\u00e1rio Imobili\u00e1rio, o Imovirtual apresenta diariamente um resumo notici\u00e1rio dos acontecimentos mais relevantes do dia. Fique a par das \u00faltimas novidades do Mercado Imobili\u00e1rio:<\/strong><\/h2>\n<\/p>\n<h1><strong>IHRU vai atribuir 54 habita\u00e7\u00f5es de renda acess\u00edvel em v\u00e1rias regi\u00f5es do pa\u00eds<\/strong><\/h1>\n<p>O Instituto da Habita\u00e7\u00e3o e da Reabilita\u00e7\u00e3o Urbana &#8211; IHRU&nbsp;vai atribuir, por sorteio, 54 habita\u00e7\u00f5es em v\u00e1rias regi\u00f5es do pa\u00eds, para contratos de arrendamento apoiado e de arrendamento acess\u00edvel.<\/p>\n<h3><strong>Saiba mais <a href=\"https:\/\/www.diarioimobiliario.pt\/Habitacao\/Arrendamento\/IHRU-vai-atribuir-54-habitacoes-de-renda-acessivel-em-varias-regioes-do-pais\" target=\"_blank\" rel=\"noopener\">aqui<\/a><\/strong><\/h3>\n<\/p>\n<h1><strong>Alem\u00e3es interessados em imobili\u00e1rio de luxo no Algarve, j\u00e1 representam 15% do investimento<\/strong><\/h1>\n<p>O mercado alem\u00e3o tem vindo a registar, nos \u00faltimos dois anos, um interesse crescente na aquisi\u00e7\u00e3o de im\u00f3veis em Portugal, com particular incid\u00eancia na regi\u00e3o do Algarve. Os compradores alem\u00e3es j\u00e1 representam em m\u00e9dia 15% do total de compradores da imobili\u00e1ria Engel &amp; V\u00f6lkers, consultora&nbsp;direccionada para o mercado de luxo, na zona sul do pa\u00eds.<\/p>\n<h3><strong>Saiba mais <a href=\"https:\/\/www.diarioimobiliario.pt\/Actualidade\/Alemaes-interessados-em-imobiliario-de-luxo-no-Algarve-ja-representam-15-do-investimento\" target=\"_blank\" rel=\"noopener\">aqui<\/a><\/strong><\/h3>\n<\/p>\n<h1><strong>V\u00e3o chegar mais 426 casas a Miraflores num investimento de 260 milh\u00f5es pela m\u00e3o da Solyd<\/strong><\/h1>\n<p>Mirear \u00e9 o novo projecto multiusos da Solyd Property Developers, que inclui cinco&nbsp;edif\u00edcios residenciais, 1 bloco de escrit\u00f3rios e v\u00e1rios espa\u00e7os comerciais no cora\u00e7\u00e3o de Miraflores.<\/p>\n<h3><strong>Saiba mais <a href=\"https:\/\/www.diarioimobiliario.pt\/Habitacao\/Vao-chegar-mais-426-casas-a-Miraflores-num-investimento-de-260-milhoes-pela-mao-da-Solyd\" target=\"_blank\" rel=\"noopener\">aqui<\/a><\/strong><\/h3>\n<\/p>\n<h1><strong>Mercado imobili\u00e1rio inicia 2022 em alta<\/strong><\/h1>\n<p>O n\u00famero de&nbsp;licen\u00e7as para obras de constru\u00e7\u00e3o nova ou de reabilita\u00e7\u00e3o em edif\u00edcios residenciais aumentou 7,1%, em Janeiro em&nbsp;termos hom\u00f3logos, a concess\u00e3o de cr\u00e9dito \u00e0 habita\u00e7\u00e3o teve uma varia\u00e7\u00e3o de 22,6% e avalia\u00e7\u00e3o banc\u00e1ria subiu&nbsp;10,4%.&nbsp;<\/p>\n<h3><strong>Saiba mais <a href=\"https:\/\/www.diarioimobiliario.pt\/Habitacao\/Mercado-imobiliario-inicia-2022-em-alta\" target=\"_blank\" rel=\"noopener\">aqui<\/a><\/strong><\/h3>\n<\/p>\n<h1><strong>Pre\u00e7os das casas aumentaram 9,4% em 2021 &#8211; INE<\/strong><\/h1>\n<p>Em 2021, o \u00cdndice de Pre\u00e7os da Habita\u00e7\u00e3o&nbsp;(IPHab)&nbsp;apresentou uma varia\u00e7\u00e3o m\u00e9dia anual de 9,4%, mais 0,6 pontos percentuais (p.p.) que a registada em 2020. A subida dos pre\u00e7os foi mais intensa nas habita\u00e7\u00f5es existentes (9,6%) do que nas habita\u00e7\u00f5es novas (8,7%), revela hoje o INE &#8211; Instituto Nacional de Estat\u00edstica.<\/p>\n<h3><strong>Saiba mais <a href=\"https:\/\/www.diarioimobiliario.pt\/Habitacao\/Precos-das-casas-aumentaram-9-4-em-2021-INE\" target=\"_blank\" rel=\"noopener\">aqui<\/a><\/strong><\/h3>\n<\/p>\n<h4><strong>Leia as anteriores Imos\u00edntese:<\/strong><\/h4>\n<p><strong>\ud83d\udc49<a href=\"https:\/\/www.imovirtual.com\/noticias\/noticias\/imosintese-noticias-220322\" target=\"_blank\" rel=\"noopener\">IMOS\u00cdNTESE &#8211; NOT\u00cdCIAS 22\/03<\/a><\/strong><\/p>\n<p><strong>\ud83d\udc49<a href=\"https:\/\/www.imovirtual.com\/noticias\/noticias\/imosintese-noticias-210322\" target=\"_blank\" rel=\"noopener\">IMOS\u00cdNTESE &#8211; NOT\u00cdCIAS 21\/03<\/a><\/strong><\/p>\n<p><strong>\ud83d\udc49<a href=\"https:\/\/www.imovirtual.com\/noticias\/noticias\/imosintese-noticias-180322\" target=\"_blank\" rel=\"noopener\">IMOS\u00cdNTESE &#8211; NOT\u00cdCIAS 18\/03<\/a><\/strong><\/p>\n<\/p>\n<div class=\"css-h5fkc8\"><strong>Ultima actualiza\u00e7\u00e3o:<\/strong> 24 mar\u00e7o 2022<\/div>\n","protected":false},"excerpt":{"rendered":"<p>Em parceria com o Di\u00e1rio Imobili\u00e1rio, o Imovirtual apresenta diariamente um resumo notici\u00e1rio dos acontecimentos mais relevantes do dia. Fique a par das \u00faltimas novidades do Mercado Imobili\u00e1rio: IHRU vai atribuir 54 habita\u00e7\u00f5es de renda acess\u00edvel em v\u00e1rias regi\u00f5es do pa\u00eds O Instituto da Habita\u00e7\u00e3o e da Reabilita\u00e7\u00e3o Urbana &#8211; IHRU&nbsp;vai atribuir, por sorteio, 54 &hellip;<\/p>\n","protected":false},"author":3,"featured_media":100,"comment_status":"closed","ping_status":"open","sticky":false,"template":"","format":"standard","meta":{"footnotes":""},"categories":[4],"tags":[],"class_list":["post-828","post","type-post","status-publish","format-standard","has-post-thumbnail","hentry","category-novidades"],"_links":{"self":[{"href":"https:\/\/www.imovirtual.com\/noticias\/wp-json\/wp\/v2\/posts\/828","targetHints":{"allow":["GET"]}}],"collection":[{"href":"https:\/\/www.imovirtual.com\/noticias\/wp-json\/wp\/v2\/posts"}],"about":[{"href":"https:\/\/www.imovirtual.com\/noticias\/wp-json\/wp\/v2\/types\/post"}],"author":[{"embeddable":true,"href":"https:\/\/www.imovirtual.com\/noticias\/wp-json\/wp\/v2\/users\/3"}],"replies":[{"embeddable":true,"href":"https:\/\/www.imovirtual.com\/noticias\/wp-json\/wp\/v2\/comments?post=828"}],"version-history":[{"count":0,"href":"https:\/\/www.imovirtual.com\/noticias\/wp-json\/wp\/v2\/posts\/828\/revisions"}],"wp:featuredmedia":[{"embeddable":true,"href":"https:\/\/www.imovirtual.com\/noticias\/wp-json\/wp\/v2\/media\/100"}],"wp:attachment":[{"href":"https:\/\/www.imovirtual.com\/noticias\/wp-json\/wp\/v2\/media?parent=828"}],"wp:term":[{"taxonomy":"category","embeddable":true,"href":"https:\/\/www.imovirtual.com\/noticias\/wp-json\/wp\/v2\/categories?post=828"},{"taxonomy":"post_tag","embeddable":true,"href":"https:\/\/www.imovirtual.com\/noticias\/wp-json\/wp\/v2\/tags?post=828"}],"curies":[{"name":"wp","href":"https:\/\/api.w.org\/{rel}","templated":true}]}}