{"id":823,"date":"2022-03-19T00:00:00","date_gmt":"2022-03-19T00:00:00","guid":{"rendered":"https:\/\/www.imovirtual.com\/noticias2\/2022\/03\/19\/perguntas-respostas-elevadores\/"},"modified":"2024-08-28T10:29:09","modified_gmt":"2024-08-28T10:29:09","slug":"perguntas-respostas-elevadores","status":"publish","type":"post","link":"https:\/\/www.imovirtual.com\/noticias\/imobiliario\/perguntas-respostas-elevadores\/","title":{"rendered":"5 perguntas e respostas sobre elevadores"},"content":{"rendered":"<p class=\"css-8qfla4\">\n<p class=\"css-m5h6m0 edperro0\">\n<h1><strong>5 perguntas e respostas sobre elevadores<\/strong><\/h1>\n<p>Na hora de procurar uma nova habita\u00e7\u00e3o, s\u00e3o muitos os compradores que solicitam aos <a href=\"https:\/\/www.imovirtual.com\/noticias\/guia-para-comprar-casa\/consultor-imobiliario-qual-a-sua-importancia-id25.html\" target=\"_blank\" rel=\"noopener\"><strong>Consultores Imobili\u00e1rios<\/strong><\/a>, <strong>casas que disponibilizem caracter\u00edsticas espec\u00edficas, como \u00e9 o caso do elevador<\/strong>. Mais comuns em pr\u00e9dios com v\u00e1rios <a href=\"https:\/\/www.imovirtual.com\/comprar\/apartamento\/\" target=\"_blank\" rel=\"noopener\">apartamentos<\/a>, tamb\u00e9m \u00e9 poss\u00edvel encontr\u00e1-los em <a href=\"https:\/\/www.imovirtual.com\/comprar\/moradia\/\" target=\"_blank\" rel=\"noopener\">moradias<\/a> e vivendas t\u00e9rreas. Efetivamente, <strong>existem v\u00e1rios tipos de elevadores que para facilitar a vida dos utilizadores em certos momentos.<\/strong><\/p>\n<p>Dependendo da finalidade da instala\u00e7\u00e3o do elevador, podemos dizer que, de um modo geral, existem os seguintes tipos de elevador:<\/p>\n<ul>\n<li><strong>Elevadores el\u00e9tricos<\/strong>: a m\u00e1quina localiza-se numa casa de m\u00e1quinas no piso superior;<\/li>\n<li><strong>Elevadores hidr\u00e1ulicos sustent\u00e1veis:<\/strong> tratam-se de uma evolu\u00e7\u00e3o com melhorias significativas, a n\u00edvel da mec\u00e2nica. Primam pelo conforto e o consumo energ\u00e9tico, sem abdicarem da performance;<\/li>\n<li><strong>Elevadores para espa\u00e7os reduzidos: <\/strong>ideais para pr\u00e9dios j\u00e1 constru\u00eddos que necessitem de instalar um elevador, mas sem espa\u00e7o para uma casa das m\u00e1quinas;<\/li>\n<li><strong>Plataformas elevat\u00f3rias:<em> <\/em><\/strong>ideais para habita\u00e7\u00f5es com pessoas com mobilidade reduzida, podendo ser instaladas em moradias ou edif\u00edcios j\u00e1 existentes permitindo <strong>melhorar as acessibilidades de forma pr\u00e1tica e sem sacrificar a arquitetura e fluidez dos edif\u00edcios.<\/strong><\/li>\n<\/ul>\n<p>A instala\u00e7\u00e3o de um elevador num pr\u00e9dio, dever\u00e1 obedecer a um conjunto de diretrizes, estipuladas na Sec\u00e7\u00e3o 2.6, do <a href=\"https:\/\/dre.pt\/dre\/detalhe\/decreto-lei\/163-2006-538624\" target=\"_blank\" rel=\"noopener\"><strong>Decreto-Lei n.\u00ba 163\/2006<\/strong><\/a> de 8 de agosto de 2006. No que toca \u00e0 manuten\u00e7\u00e3o e inspe\u00e7\u00e3o dos ascensores a lei tamb\u00e9m \u00e9 clara: segundo o <a href=\"https:\/\/dre.pt\/dre\/detalhe\/decreto-lei\/320-2002-391196\" target=\"_blank\" rel=\"noopener\"><strong>Decreto-Lei n.\u00ba 320\/2002<\/strong><\/a>, &#8220;<em>as instala\u00e7\u00f5es abrangidas pelo presente diploma ficam, obrigatoriamente, sujeitas a manuten\u00e7\u00e3o regular, a qual \u00e9 assegurada por uma EMA, que assumir\u00e1 a responsabilidade, criminal e civil, pelos acidentes causados pela deficiente manuten\u00e7\u00e3o das instala\u00e7\u00f5es ou pelo incumprimento das normas aplic\u00e1veis<\/em>&#8220;.<\/p>\n<p>Posto isto, apresentamos-lhe agora<strong> 5 perguntas e respostas sobre elevadores<\/strong>, para que possa ficar melhor esclarecido sobre este tipo de equipamento:<\/p>\n<\/p>\n<h3>Pode interessar-lhe: <a href=\"https:\/\/www.imovirtual.com\/noticias\/imobiliario\/comprar-casa-condominio-privado\" target=\"_blank\" rel=\"noopener\"><em><strong>Vantagens de comprar uma casa num condom\u00ednio privado<\/strong><\/em><\/a><\/h3>\n<\/p>\n<h2><strong>Quais s\u00e3o as modalidades de elevador que existem? <\/strong><\/h2>\n<p>Podemos dizer que ao todo, existem duas modalidades de elevador: <\/p>\n<ul>\n<li><strong>Com po\u00e7o: <\/strong>s\u00e3o mais caros, por conta das obras para adapta\u00e7\u00e3o do espa\u00e7o superior e inferior do im\u00f3vel. Em contrapartida, apresenta-se como uma op\u00e7\u00e3o mais r\u00e1pida, comparativamente aos elevadores da seguinte modalidade;<\/li>\n<li><strong>Sem po\u00e7o: <\/strong>mais f\u00e1cil de instalar e mais em muitos casos, de instala\u00e7\u00e3o mais barata, este tipo de modalidade obriga a menos altera\u00e7\u00f5es na disposi\u00e7\u00e3o do dispositivo e ocupa menos espa\u00e7o. Apesar de serem apelidados de ascensores sem po\u00e7o, a verdade \u00e9 que este tipo de modalidade exige sempre a cria\u00e7\u00e3o de um fosso entre 10 a 25 cent\u00edmetros, que comparativamente com os po\u00e7os tradicionais, se trata de uma medida substancial.<\/li>\n<\/ul>\n<p>Note que, por po\u00e7o, entende-se o espa\u00e7o subterr\u00e2neo onde os elevadores que necessitam desta modalidade assentam, para que a porta fique ao n\u00edvel do solo.<\/p>\n<\/p>\n<h2><strong>Qual \u00e9 o custo de um elevador?<\/strong><\/h2>\n<p><strong>N\u00e3o \u00e9 poss\u00edvel especificar o custo exato de um elevador<\/strong>, j\u00e1 que este vai ser influenciado pelo modelo escolhido, n\u00famero de pisos, a localiza\u00e7\u00e3o e espa\u00e7o para montagem, bem como a empresa escolhida e a m\u00e3o de obra. O ideal \u00e9 fazer uma <strong>pesquisa pelas empresas de elevadores existentes no mercado<\/strong>: <a href=\"https:\/\/www.otis.com\/pt\/pt\/\" target=\"_blank\" rel=\"noopener\">Otis<\/a>, <a href=\"https:\/\/www.schmitt-elevadores.com\/\" target=\"_blank\" rel=\"noopener\">Schmitt<\/a>, <a href=\"https:\/\/www.thyssenkrupp.com\/en\/home\" target=\"_blank\" rel=\"noopener\">Thyssunkrup <\/a>e <a href=\"https:\/\/www.ascensoresdooeste.pt\/a\/index.php\/noticias\/cuidados-a-ter-na-utilizacao-do-elevador-por-criancas\" target=\"_blank\" rel=\"noopener\">Ascensores do Oeste<\/a> s\u00e3o alguns exemplos de marcas a operar neste setor. Note ainda que ter\u00e1 de contar com o valor das manuten\u00e7\u00f5es.<\/p>\n<\/p>\n<h2><strong>Qual \u00e9 a periodicidade da inspe\u00e7\u00e3o dos elevadores?<\/strong><\/h2>\n<p>A <strong>obrigatoriedade de inspe\u00e7\u00e3o dos elevadores vai variar consoante o tipo de edif\u00edcio e os andares de cada pr\u00e9dio<\/strong>. De um modo geral, podemos dizer que os prazos s\u00e3o os seguintes: <\/p>\n<ul>\n<li><strong>2 anos<\/strong>, quando situados em edif\u00edcios comerciais ou de presta\u00e7\u00e3o de servi\u00e7os, abertos ao p\u00fablico;<\/li>\n<li><strong>4 anos<\/strong>, quando situados em edif\u00edcios mistos, de habita\u00e7\u00e3o e comerciais ou de presta\u00e7\u00e3o de servi\u00e7os, e em edif\u00edcios habitacionais com mais de 32 fogos ou mais de 8 pisos;<\/li>\n<li><strong>6 anos<\/strong>, quando situados em edif\u00edcios habitacionais n\u00e3o inclu\u00eddos no n\u00famero anterior, em estabelecimentos industriais e nos casos n\u00e3o previstos anteriormente.<\/li>\n<\/ul>\n<h2><strong>Vivo num r\u00e9s-do-ch\u00e3o de um pr\u00e9dio: tenho de pagar as despesas do elevador?<\/strong><\/h2>\n<p>Sim, uma vez que se trata de uma parte comum, ter\u00e1 de entrar nas contas dos elevadores. De acordo com a <a href=\"https:\/\/www.deco.proteste.pt\/casa-energia\/condominio\/dossies\/como-resolver-problemas-condominio-vizinhanca\/obras-conservacao\" target=\"_blank\" rel=\"noopener\">Deco Proteste<\/a>, &#8220;todos os cond\u00f3minos pagam desde que deles beneficiem ou possam faz\u00ea-lo&#8221;. A organiza\u00e7\u00e3o de defesa do consumidor, garante que &#8220;um morador do r\u00e9s-do-ch\u00e3o tamb\u00e9m paga, mesmo que garanta n\u00e3o usar o elevador&#8221;, sendo que s\u00f3 pode livrar-se da despesa caso n\u00e3o tenha &#8220;acesso aos espa\u00e7os servidos pelo elevador&#8221;.<\/p>\n<\/p>\n<h2><strong>Quando \u00e9 que \u00e9 obrigat\u00f3rio ter um elevador?<\/strong><\/h2>\n<p><strong>Em edif\u00edcios novos de cinco ou mais pisos, a instala\u00e7\u00e3o de um elevador \u00e9 obrigat\u00f3ria.<\/strong>&nbsp;A obrigatoriedade persiste em edif\u00edcios com menos de 5 pisos que possuam uma altura total maior que 11,5 metros &#8211; incluindo <a href=\"https:\/\/www.imovirtual.com\/noticias\/decoracao\/otimize-o-espaco-da-sua-garagem\" target=\"_blank\" rel=\"noopener\">garagem<\/a>, caves ou arrecada\u00e7\u00f5es. Note que as garagens contam como um piso, assim como os s\u00f3t\u00e3os.<\/p>\n<\/p>\n<p>Como v\u00ea, apesar de se tratarem de uma regalia que facilita a vida de muitos moradores, independentemente da idade e das condi\u00e7\u00f5es de sa\u00fade, <strong>os elevadores tamb\u00e9m obrigam a responsabilidades acrescidas<\/strong>. <\/p>\n<p class=\" block-img\"><img decoding=\"async\" src=\"https:\/\/www.imovirtual.com\/noticias\/wp-content\/uploads\/2022\/11\/3c23b667-0a08-4ca1-abcb-74566be5c538_Copia-de-Banners-Autores-2.png\" alt=\"Alexandre Lu\u00eds Autor Imovirtual\"><\/p>\n<h5><em>Tamb\u00e9m conhecido como &#8216;O Consultor&#8217;. Pode encontr\u00e1-lo a consultar o \u00faltimo estudo de mercado. N\u00e3o tem talento para vender, mas sabe tudo sobre Imobili\u00e1rio. Fala sobre quest\u00f5es relacionadas com o tema no Blog do Imovirtual.<\/em><\/h5>\n<\/p>\n<h4><strong>Leia tamb\u00e9m<\/strong><\/h4>\n<ul>\n<li>Condom\u00ednio: como resolver conflito sobre&nbsp;<a href=\"https:\/\/www.imovirtual.com\/noticias\/imobiliario\/condominios-como-resolver-conflito-estender-roupa\" target=\"_blank\" rel=\"noopener\"><strong>estender roupa<\/strong><\/a><\/li>\n<li><a href=\"https:\/\/www.imovirtual.com\/noticias\/imobiliario\/videovigilancia-no-condominio-lei\" target=\"_blank\" rel=\"noopener\"><strong>Videovigil\u00e2ncia no condom\u00ednio<\/strong><\/a>. O que diz a lei<\/li>\n<li>Condom\u00ednio: posso instalar um carregador para o meu&nbsp;<a href=\"https:\/\/www.imovirtual.com\/noticias\/imobiliario\/carros-eletricos-condominio\" target=\"_blank\" rel=\"noopener\"><strong>carro el\u00e9trico<\/strong><\/a>&nbsp;na garagem comum?<\/li>\n<\/ul>\n<\/p>\n<div class=\"css-h5fkc8\"><strong>Ultima actualiza\u00e7\u00e3o:<\/strong> 19 mar\u00e7o 2022<\/div>\n","protected":false},"excerpt":{"rendered":"<p>5 perguntas e respostas sobre elevadores Na hora de procurar uma nova habita\u00e7\u00e3o, s\u00e3o muitos os compradores que solicitam aos Consultores Imobili\u00e1rios, casas que disponibilizem caracter\u00edsticas espec\u00edficas, como \u00e9 o caso do elevador. Mais comuns em pr\u00e9dios com v\u00e1rios apartamentos, tamb\u00e9m \u00e9 poss\u00edvel encontr\u00e1-los em moradias e vivendas t\u00e9rreas. Efetivamente, existem v\u00e1rios tipos de elevadores &hellip;<\/p>\n","protected":false},"author":3,"featured_media":824,"comment_status":"closed","ping_status":"open","sticky":false,"template":"","format":"standard","meta":{"footnotes":""},"categories":[37,5],"tags":[],"class_list":["post-823","post","type-post","status-publish","format-standard","has-post-thumbnail","hentry","category-financas-e-imobiliario","category-imobiliario"],"_links":{"self":[{"href":"https:\/\/www.imovirtual.com\/noticias\/wp-json\/wp\/v2\/posts\/823","targetHints":{"allow":["GET"]}}],"collection":[{"href":"https:\/\/www.imovirtual.com\/noticias\/wp-json\/wp\/v2\/posts"}],"about":[{"href":"https:\/\/www.imovirtual.com\/noticias\/wp-json\/wp\/v2\/types\/post"}],"author":[{"embeddable":true,"href":"https:\/\/www.imovirtual.com\/noticias\/wp-json\/wp\/v2\/users\/3"}],"replies":[{"embeddable":true,"href":"https:\/\/www.imovirtual.com\/noticias\/wp-json\/wp\/v2\/comments?post=823"}],"version-history":[{"count":0,"href":"https:\/\/www.imovirtual.com\/noticias\/wp-json\/wp\/v2\/posts\/823\/revisions"}],"wp:featuredmedia":[{"embeddable":true,"href":"https:\/\/www.imovirtual.com\/noticias\/wp-json\/wp\/v2\/media\/824"}],"wp:attachment":[{"href":"https:\/\/www.imovirtual.com\/noticias\/wp-json\/wp\/v2\/media?parent=823"}],"wp:term":[{"taxonomy":"category","embeddable":true,"href":"https:\/\/www.imovirtual.com\/noticias\/wp-json\/wp\/v2\/categories?post=823"},{"taxonomy":"post_tag","embeddable":true,"href":"https:\/\/www.imovirtual.com\/noticias\/wp-json\/wp\/v2\/tags?post=823"}],"curies":[{"name":"wp","href":"https:\/\/api.w.org\/{rel}","templated":true}]}}