{"id":808,"date":"2022-03-27T00:00:00","date_gmt":"2022-03-27T00:00:00","guid":{"rendered":"https:\/\/www.imovirtual.com\/noticias2\/2022\/03\/27\/como-decorar-alpendre\/"},"modified":"2024-08-28T10:18:54","modified_gmt":"2024-08-28T10:18:54","slug":"como-decorar-alpendre","status":"publish","type":"post","link":"https:\/\/www.imovirtual.com\/noticias\/lifestyle\/como-decorar-alpendre\/","title":{"rendered":"Como decorar um alpendre"},"content":{"rendered":"<p class=\"css-8qfla4\">\n<p class=\"css-m5h6m0 edperro0\">\n<h1><strong>Como decorar um alpendre<\/strong><\/h1>\n<p>Decorar um alpendre n\u00e3o tem de ser um quebra-cabe\u00e7as e, na verdade, <strong>com muito pouco conseguir\u00e1 fazer este espa\u00e7o brilhar<\/strong>. Muito comum em <a href=\"https:\/\/www.imovirtual.com\/comprar\/moradia\/\" target=\"_blank\" rel=\"noopener\">moradias<\/a>, o alpendre \u00e9 conhecido por muitos como um telheiro, j\u00e1 que se trata de um<strong> espa\u00e7o coberto por um telhado sem paredes \u00e0 sua frente e com um edif\u00edcio \u00e0 sua retaguarda<\/strong>. \u00c9, por isso, muito diferente dos <a href=\"https:\/\/www.imovirtual.com\/noticias\/decoracao\/dicas-decorar-terraco-verao\" target=\"_blank\" rel=\"noopener\">terra\u00e7os<\/a> que n\u00e3o oferecem qualquer tipo de abrigo. Geralmente fica situado \u00e0 entrada de uma casa, podendo tamb\u00e9m ser constru\u00eddo num <strong>p\u00e1tio interior<\/strong> ou em<strong> outra \u00e1rea do im\u00f3vel com espa\u00e7o suficiente <\/strong>para erguer a estrutura de colunas ou pilares. Nesses casos, muitas vezes, \u00e9 utilizado como<strong> espa\u00e7o de lazer <\/strong>com direito a <a href=\"https:\/\/www.imovirtual.com\/noticias\/lifestyle\/quais-os-cuidados-a-ter-na-instalacao-da-sua-churrasqueira\" target=\"_blank\" rel=\"noopener\">churrasqueira<\/a>, <a href=\"https:\/\/www.imovirtual.com\/noticias\/decoracao\/decorar-sala-estar-sala-jantar\" target=\"_blank\" rel=\"noopener\">sala de jantar<\/a> e outras ameninades. \u00c9 uma \u00f3tima solu\u00e7\u00e3o para quem aprecia passar tempo no exterior da casa, resguardando-se das condi\u00e7\u00f5es climat\u00e9ricas como a chuva e o calor excessivo. No artigo de hoje, apresentamos-lhe <strong>4 dicas para o ajudar a transformar este espa\u00e7o num local acolhedor e convidativo<\/strong>.<\/p>\n<\/p>\n<h2><strong>Escolha o mobili\u00e1rio de exterior<\/strong><\/h2>\n<p>A primeira coisa que deve ter em mente \u00e9 que esteja onde estiver instalado, o <strong>alpendre ser\u00e1 sempre um espa\u00e7o de transi\u00e7\u00e3o entre o exterior e o interior <\/strong>da casa. Isto significa que tal como d\u00e1 a devida aten\u00e7\u00e3o ao design de divis\u00f5es como o <a href=\"https:\/\/www.imovirtual.com\/noticias\/imobiliario\/6-formas-reaproveitar-quarto\" target=\"_blank\" rel=\"noopener\">quarto<\/a> ou a <a href=\"https:\/\/www.imovirtual.com\/noticias\/decoracao\/bancadas-madeira-cozinha-vantagens-desvantagens\" target=\"_blank\" rel=\"noopener\">cozinha<\/a>, deve tamb\u00e9m ter a mesma preocupa\u00e7\u00e3o com este espa\u00e7o. Por isso, \u00e9 importante seguir o mesmo <a href=\"https:\/\/www.imovirtual.com\/noticias\/decoracao\/estilos-decoracao-paises\" target=\"_blank\" rel=\"noopener\">estilo de decora\u00e7\u00e3o<\/a>, n\u00e3o esquecendo de que se trata de um espa\u00e7o exterior, o que significa que o mobili\u00e1rio dever\u00e1 ser pr\u00f3prio para este ambiente. <\/p>\n<p>O ideal ser\u00e1 construir um<strong> espa\u00e7o-multifun\u00e7\u00f5es<\/strong>, para assim poder aproveit\u00e1-lo em diversas ocasi\u00f5es: escolha uma mesa com cadeiras para relaxar neste local ou para poder <a href=\"https:\/\/www.imovirtual.com\/noticias\/lifestyle\/o-que-nao-pode-faltar-num-jantar-italiano\" target=\"_blank\" rel=\"noopener\"><strong>jantar<\/strong><\/a> com uma visita, juntamente com os seus amigos e fam\u00edlia. Em alternativa, pode apenas criar um espa\u00e7o<em> lounge<\/em> recorrendo a sof\u00e1s, camas de rede ou at\u00e9 cadeiras suspensas. A n\u00edvel de materiais, recomendamos que opte por <strong>m\u00f3veis em resina, pl\u00e1stico ou <a href=\"https:\/\/www.imovirtual.com\/noticias\/decoracao\/cuidados-moveis-madeira\" target=\"_blank\" rel=\"noopener\">madeira<\/a><\/strong>, dependendo das suas prefer\u00eancias pessoais.<\/p>\n<\/p>\n<h2><strong>T\u00eaxteis s\u00e3o sempre a resposta<\/strong><\/h2>\n<p>Com a mesa, cadeiras ou <a href=\"https:\/\/www.imovirtual.com\/noticias\/decoracao\/como-escolher-sofa-perfeito-sala-de-estar\" target=\"_blank\" rel=\"noopener\">sof\u00e1<\/a> escolhidos \u00e9 tempo de come\u00e7ar a escolher os t\u00eaxteis. Como em qualquer ambiente, as <strong>mantas, tapetes e almofadas <\/strong>t\u00eam um importante papel na decora\u00e7\u00e3o, al\u00e9m de serem itens geralmente em conta, que lhe permitem fazer muito gastando pouco dinheiro. A partir destes materiais conseguir\u00e1 transformar qualquer tipo de espa\u00e7o,<strong> adaptando-o \u00e0s tend\u00eancias ou \u00e0s esta\u00e7\u00f5es do ano<\/strong>. Al\u00e9m disso, os t\u00eaxteis conferem aconchego e conforto, tornando os espa\u00e7os mais quentes e convidativos. Por isso <strong>aposte em v\u00e1rias almofadas, mantas para os dias mais frios e tapetes suaves, de v\u00e1rias <a href=\"https:\/\/www.imovirtual.com\/noticias\/decoracao\/cromoterapia-como-escolher-as-cores-para-a-sua-casa\" target=\"_blank\" rel=\"noopener\">cores<\/a>, padr\u00f5es e formatos<\/strong>. <\/p>\n<\/p>\n<h3>Pode interessar-lhe: <a href=\"https:\/\/www.imovirtual.com\/noticias\/decoracao\/guia-almofadas-decorativas\" target=\"_blank\" rel=\"noopener\"><em><strong>Guia para escolher almofadas decorativas<\/strong><\/em><\/a><\/h3>\n<\/p>\n<h2><strong>Traga a natureza para o seu alpendre<\/strong><\/h2>\n<p>\u00c9 certo que em muitos cen\u00e1rios, as moradias com alpendre j\u00e1 se encontram rodeadas por <a href=\"https:\/\/www.imovirtual.com\/noticias\/decoracao\/traga-a-natureza-para-dentro-da-sua-casa-id243.html\" target=\"_blank\" rel=\"noopener\">natureza<\/a>. Mas as <a href=\"https:\/\/www.imovirtual.com\/noticias\/decoracao\/plantas-must-have-decoracao-de-interiores\" target=\"_blank\" rel=\"noopener\">plantas<\/a> s\u00e3o sempre uma boa aposta para a decora\u00e7\u00e3o de qualquer tipo de ambiente. Escolha <strong>esp\u00e9cies que resistam \u00e0 oscila\u00e7\u00e3o de temperaturas do exterior<\/strong>, como as dracaenas, yuccas, cactos e sansevieiras. Escolha esp\u00e9cies de <strong>v\u00e1rios tamanhos<\/strong> e estados de crescimento para assim poder conjugar <strong>vasos maiores<\/strong>, <strong>vasos suspensos em macram\u00e9<\/strong> ou at\u00e9 mesmo em <strong>pequenas floreiras<\/strong>.<\/p>\n<\/p>\n<h2><strong>Ilumine o espa\u00e7o<\/strong><\/h2>\n<p>De forma a poder desfrutar deste espa\u00e7o de dia e de noite, \u00e9 importante apostar numa ilumina\u00e7\u00e3o de qualidade. <strong>Grinaldas de luzes, apliques ou candeeiros suspensos de tecto<\/strong> s\u00e3o muito boas escolhas. No entanto, tenha em aten\u00e7\u00e3o que a ideia \u00e9 este espa\u00e7o transmitir conforto e aconchego. Por isso, para o tornar convidativo, recomendamos que<strong> opte por uma tonalidade de luz mais amarelada<\/strong>, para assim funcionar como uma ilumina\u00e7\u00e3o ambiente.<strong> <a href=\"https:\/\/www.imovirtual.com\/noticias\/lifestyle\/ambientadores-velas-cheiros-casa\" target=\"_blank\" rel=\"noopener\">Velas<\/a>, casti\u00e7ais e pequenos candeeiros de mesa<\/strong> tamb\u00e9m s\u00e3o elementos importantes para dar uma luminosidade extra ao seu alpendre.<\/p>\n<\/p>\n<h3>Confira: <a href=\"https:\/\/www.imovirtual.com\/noticias\/lifestyle\/iluminacao-guia\" target=\"_blank\" rel=\"noopener\"><em><strong>Ilumina\u00e7\u00e3o: como escolher a melhor para a sua casa<\/strong><\/em><\/a><\/h3>\n<\/p>\n<p class=\" block-img\"><img decoding=\"async\" src=\"https:\/\/www.imovirtual.com\/noticias\/wp-content\/uploads\/2022\/11\/af14b393-f5d1-4a75-8368-42f656903033_Copia-de-Banners-Autores-3.png\" alt=\"Maria Lu\u00edsa Autor Imovirtual\"><\/p>\n<h5><em>Maria Lu\u00edsa \u00e9 a decoradora. A paix\u00e3o pela decora\u00e7\u00e3o surgiu desde muito cedo, quando as paredes se tornaram folhas de desenho. Juntou o \u00fatil ao agrad\u00e1vel e fez da voca\u00e7\u00e3o o seu trabalho. Est\u00e1 a cargo dos temas sobre &#8216;Decora\u00e7\u00e3o&#8217; do Blog do Imovirtual.<\/em><\/h5>\n<\/p>\n<h4><strong>Tamb\u00e9m lhe pode interessar<\/strong><\/h4>\n<ul>\n<li>Saiba tudo sobre o <a href=\"https:\/\/www.imovirtual.com\/noticias\/decoracao\/homefullness-casa\" target=\"_blank\" rel=\"noopener\"><strong>Homefullness<\/strong><\/a><\/li>\n<li><a href=\"https:\/\/www.imovirtual.com\/noticias\/decoracao\/diy-projetos-decoracao\" target=\"_blank\" rel=\"noopener\"><strong>DIY<\/strong><\/a>: os projetos favoritos dos amantes de decora\u00e7\u00e3o<\/li>\n<li>Guia para escolher <a href=\"https:\/\/www.imovirtual.com\/noticias\/decoracao\/guia-almofadas-decorativas\" target=\"_blank\" rel=\"noopener\"><strong>almofadas<\/strong><\/a> decorativas<\/li>\n<\/ul>\n<\/p>\n<div class=\"css-h5fkc8\"><strong>Ultima actualiza\u00e7\u00e3o:<\/strong> 27 mar\u00e7o 2022<\/div>\n","protected":false},"excerpt":{"rendered":"<p>Como decorar um alpendre Decorar um alpendre n\u00e3o tem de ser um quebra-cabe\u00e7as e, na verdade, com muito pouco conseguir\u00e1 fazer este espa\u00e7o brilhar. Muito comum em moradias, o alpendre \u00e9 conhecido por muitos como um telheiro, j\u00e1 que se trata de um espa\u00e7o coberto por um telhado sem paredes \u00e0 sua frente e com &hellip;<\/p>\n","protected":false},"author":3,"featured_media":809,"comment_status":"closed","ping_status":"open","sticky":false,"template":"","format":"standard","meta":{"footnotes":""},"categories":[3],"tags":[],"class_list":["post-808","post","type-post","status-publish","format-standard","has-post-thumbnail","hentry","category-lifestyle"],"_links":{"self":[{"href":"https:\/\/www.imovirtual.com\/noticias\/wp-json\/wp\/v2\/posts\/808","targetHints":{"allow":["GET"]}}],"collection":[{"href":"https:\/\/www.imovirtual.com\/noticias\/wp-json\/wp\/v2\/posts"}],"about":[{"href":"https:\/\/www.imovirtual.com\/noticias\/wp-json\/wp\/v2\/types\/post"}],"author":[{"embeddable":true,"href":"https:\/\/www.imovirtual.com\/noticias\/wp-json\/wp\/v2\/users\/3"}],"replies":[{"embeddable":true,"href":"https:\/\/www.imovirtual.com\/noticias\/wp-json\/wp\/v2\/comments?post=808"}],"version-history":[{"count":0,"href":"https:\/\/www.imovirtual.com\/noticias\/wp-json\/wp\/v2\/posts\/808\/revisions"}],"wp:featuredmedia":[{"embeddable":true,"href":"https:\/\/www.imovirtual.com\/noticias\/wp-json\/wp\/v2\/media\/809"}],"wp:attachment":[{"href":"https:\/\/www.imovirtual.com\/noticias\/wp-json\/wp\/v2\/media?parent=808"}],"wp:term":[{"taxonomy":"category","embeddable":true,"href":"https:\/\/www.imovirtual.com\/noticias\/wp-json\/wp\/v2\/categories?post=808"},{"taxonomy":"post_tag","embeddable":true,"href":"https:\/\/www.imovirtual.com\/noticias\/wp-json\/wp\/v2\/tags?post=808"}],"curies":[{"name":"wp","href":"https:\/\/api.w.org\/{rel}","templated":true}]}}