{"id":806,"date":"2022-03-21T00:00:00","date_gmt":"2022-03-21T00:00:00","guid":{"rendered":"https:\/\/www.imovirtual.com\/noticias2\/2022\/03\/21\/mudanca-hora-2022\/"},"modified":"2022-03-21T00:00:00","modified_gmt":"2022-03-21T00:00:00","slug":"mudanca-hora-2022","status":"publish","type":"post","link":"https:\/\/www.imovirtual.com\/noticias\/novidades\/mudanca-hora-2022\/","title":{"rendered":"Aten\u00e7\u00e3o, \u00e9 j\u00e1 este domingo que a hora muda"},"content":{"rendered":"<p class=\"css-8qfla4\">\n<p class=\"css-m5h6m0 edperro0\">\n<h1><strong>A hora muda este domingo<\/strong><\/h1>\n<p>A <a href=\"https:\/\/www.imovirtual.com\/noticias\/decoracao\/como-preparar-a-casa-para-a-primavera\" target=\"_blank\" rel=\"noopener\"><strong>Primavera<\/strong><\/a> chegou, o que significa que \u00e9 tempo de apontar j\u00e1 na sua agenda e de come\u00e7ar j\u00e1 a preparar-se para a mudan\u00e7a da hora, que acontece j\u00e1 neste domingo, 27 de mar\u00e7o. <\/p>\n<p>Desta vez, vamos dizer adeus ao hor\u00e1rio de Inverno e abra\u00e7ar os dias mais longos que o<strong> hor\u00e1rio de <a href=\"https:\/\/www.imovirtual.com\/noticias\/decoracao\/sugestoes-mesas-de-jantar-verao\" target=\"_blank\" rel=\"noopener\">Ver\u00e3o<\/a><\/strong> tr\u00e1s consigo. No Continente e na Madeira, os rel\u00f3gios passar\u00e3o a marcar uma hora \u00e0 mais. Assim sendo, \u00e0 1h00 da manh\u00e3 ser\u00e3o na realidade 2h00. Nos A\u00e7ores, por conta da diferen\u00e7a hor\u00e1ria, a hora ser\u00e1 adiantada \u00e0 meia-noite. Por isso, n\u00e3o se esque\u00e7a de acertar os rel\u00f3gios para saber sempre a quantas anda.<\/p>\n<p>Recorde-se que em 2018 e 2019, a Comiss\u00e3o Europeia tentou erradicar a mudan\u00e7a da hora, mas a verdade \u00e9 que teremos de continuar a acertar os rel\u00f3gios duas vezes por ano. Na altura, os eurodeputados votaram a favor do fim deste regime, sendo que a medida iria entrar em vigor em 2021. A orienta\u00e7\u00e3o tinha sido aprovada com&nbsp;<strong>410 votos a favor, 192 contra e 51 absten\u00e7\u00f5es<\/strong>. Mas a proposta acabou por n\u00e3o seguir em frente, j\u00e1 a vontade do parlamento n\u00e3o se sobrep\u00f5em ao parecer dos 27 estados-membro.<\/p>\n<p>O<strong> hor\u00e1rio de inverno<\/strong> voltar\u00e1 no \u00faltimo domingo de outubro, que em 2022 acontece a 30 de outubro. O Continente e a Madeira dever\u00e3o atentar ao hor\u00e1rio das 2h00 da manh\u00e3, altura em que os ponteiros do rel\u00f3gio v\u00e3o atrasar uma hora, marcando assim 1h00. J\u00e1 nos A\u00e7ores, quando for 1h00 o rel\u00f3gio atrasa para a meia-noite.<\/p>\n<p class=\" block-img\"><img decoding=\"async\" src=\"https:\/\/www.imovirtual.com\/noticias\/wp-content\/uploads\/2022\/11\/bd5974cf-f0b2-4813-a690-c8359669947e_Copia-de-Banners-Autores.png\" alt=\"Ana Catarina Autor Imovirtual\"><\/p>\n<h5><em>Ana Catarina \u00e9 a mi\u00fada das tend\u00eancias. Gosta de ficar em casa a perder-se pelas p\u00e1ginas de um livro, mas tamb\u00e9m n\u00e3o dispensa um caf\u00e9 tardio com os amigos. Est\u00e1 sempre \u00e0 procura do \u00faltimo grito em Lifestyle para revelar no Blog do Imovirtual.<\/em><\/h5>\n<\/p>\n<h4><strong>Saiba mais<\/strong><\/h4>\n<ul>\n<li><a href=\"https:\/\/www.imovirtual.com\/noticias\/noticias\/porto-quarteirao-carlos-alberto\" target=\"_blank\" rel=\"noopener\"><strong>C\u00e2mara do Porto<\/strong><\/a>&nbsp;abre concurso para reabilita\u00e7\u00e3o de edif\u00edcio no Quarteir\u00e3o de Carlos Alberto<\/li>\n<li><a href=\"https:\/\/www.imovirtual.com\/noticias\/noticias\/preco-das-casas-2021\" target=\"_blank\" rel=\"noopener\"><strong>Pre\u00e7o das casas<\/strong><\/a>&nbsp;sobe 11,7% em Lisboa e 10,3% no Porto<\/li>\n<li><a href=\"https:\/\/www.imovirtual.com\/noticias\/noticias\/taxa-juro-cai-inicio-2022\" target=\"_blank\" rel=\"noopener\"><strong>Cr\u00e9dito Habita\u00e7\u00e3o<\/strong><\/a>: taxa de juro ca\u00ed no inicio de 2022<\/li>\n<\/ul>\n<\/p>\n<div class=\"css-h5fkc8\"><strong>Ultima actualiza\u00e7\u00e3o:<\/strong> 21 mar\u00e7o 2022<\/div>\n","protected":false},"excerpt":{"rendered":"<p>A hora muda este domingo A Primavera chegou, o que significa que \u00e9 tempo de apontar j\u00e1 na sua agenda e de come\u00e7ar j\u00e1 a preparar-se para a mudan\u00e7a da hora, que acontece j\u00e1 neste domingo, 27 de mar\u00e7o. Desta vez, vamos dizer adeus ao hor\u00e1rio de Inverno e abra\u00e7ar os dias mais longos que &hellip;<\/p>\n","protected":false},"author":3,"featured_media":807,"comment_status":"closed","ping_status":"open","sticky":false,"template":"","format":"standard","meta":{"footnotes":""},"categories":[4],"tags":[],"class_list":["post-806","post","type-post","status-publish","format-standard","has-post-thumbnail","hentry","category-novidades"],"_links":{"self":[{"href":"https:\/\/www.imovirtual.com\/noticias\/wp-json\/wp\/v2\/posts\/806","targetHints":{"allow":["GET"]}}],"collection":[{"href":"https:\/\/www.imovirtual.com\/noticias\/wp-json\/wp\/v2\/posts"}],"about":[{"href":"https:\/\/www.imovirtual.com\/noticias\/wp-json\/wp\/v2\/types\/post"}],"author":[{"embeddable":true,"href":"https:\/\/www.imovirtual.com\/noticias\/wp-json\/wp\/v2\/users\/3"}],"replies":[{"embeddable":true,"href":"https:\/\/www.imovirtual.com\/noticias\/wp-json\/wp\/v2\/comments?post=806"}],"version-history":[{"count":0,"href":"https:\/\/www.imovirtual.com\/noticias\/wp-json\/wp\/v2\/posts\/806\/revisions"}],"wp:featuredmedia":[{"embeddable":true,"href":"https:\/\/www.imovirtual.com\/noticias\/wp-json\/wp\/v2\/media\/807"}],"wp:attachment":[{"href":"https:\/\/www.imovirtual.com\/noticias\/wp-json\/wp\/v2\/media?parent=806"}],"wp:term":[{"taxonomy":"category","embeddable":true,"href":"https:\/\/www.imovirtual.com\/noticias\/wp-json\/wp\/v2\/categories?post=806"},{"taxonomy":"post_tag","embeddable":true,"href":"https:\/\/www.imovirtual.com\/noticias\/wp-json\/wp\/v2\/tags?post=806"}],"curies":[{"name":"wp","href":"https:\/\/api.w.org\/{rel}","templated":true}]}}