{"id":804,"date":"2022-03-15T00:00:00","date_gmt":"2022-03-15T00:00:00","guid":{"rendered":"https:\/\/www.imovirtual.com\/noticias2\/2022\/03\/15\/direitos-consumidor-2022\/"},"modified":"2024-09-02T14:53:22","modified_gmt":"2024-09-02T14:53:22","slug":"direitos-consumidor-2022","status":"publish","type":"post","link":"https:\/\/www.imovirtual.com\/noticias\/financas\/direitos-consumidor-2022\/","title":{"rendered":"Direitos do consumidor: o que mudou em 2022"},"content":{"rendered":"<p class=\"css-8qfla4\">\n<p class=\"css-m5h6m0 edperro0\">\n<h1><strong>Direitos do consumidor: o que mudou em 2022<\/strong><\/h1>\n<p>Muita coisa mudou ou est\u00e1 a mudar em 2022. No artigo de hoje, em particular, iremos centrar-nos nos <strong>direitos dos consumidores<\/strong>, os quais, segundo a <a href=\"https:\/\/www.consumidor.gov.pt\/consumidor_4\/direitos-dos-consumidores.aspx\" target=\"_blank\" rel=\"noopener\"><strong>Dire\u00e7\u00e3o Geral do Consumidor<\/strong><\/a>, implicam a defesa da sua qualidade de vida, a boa qualidade dos bens e servi\u00e7os, o pre\u00e7o competitivo e equilibrado, a prote\u00e7\u00e3o da sa\u00fade, a seguran\u00e7a, a elimina\u00e7\u00e3o do preju\u00edzo e a forma\u00e7\u00e3o e informa\u00e7\u00e3o. De referir que, os direitos dos consumidores est\u00e3o consagrados na Constitui\u00e7\u00e3o da Rep\u00fablica Portuguesa e na <a href=\"https:\/\/www.pgdlisboa.pt\/leis\/lei_mostra_articulado.php?nid=726&amp;tabela=leis\" target=\"_blank\" rel=\"noopener\">Lei n\u00ba 24\/96<\/a>, de 31 de Julho. No in\u00edcio deste ano, <strong>sofreram uma atualiza\u00e7\u00e3o que visa o refor\u00e7o das benesses aos consumidores<\/strong>, por interm\u00e9dio do <a href=\"https:\/\/dre.pt\/dre\/detalhe\/decreto-lei\/84-2021-172938301\" target=\"_blank\" rel=\"noopener\">Decreto-lei n.\u00ba 84\/2021<\/a>. As mudan\u00e7as abrangem a compra de bens m\u00f3veis e servi\u00e7os digitais, mas tamb\u00e9m de bens im\u00f3veis, ou seja, as casas.<\/p>\n<p>Assim, desde 1 de janeiro de 2022, que quem compra uma nova habita\u00e7\u00e3o pode beneficiar da altera\u00e7\u00e3o no prazo de garantia. Para isso \u00e9 importante ter em conta a <strong>falta de conformidade<\/strong> e os <strong>elementos construtivos estruturais<\/strong>. O primeiro diz respeito \u00e0s caracter\u00edsticas previstas no <strong>contrato de compra e venda<\/strong>, enquanto o segundo abrange estruturas como os telhados, paredes, tetos, <a href=\"https:\/\/www.imovirtual.com\/noticias\/imobiliario\/canalizacao-antiga-quando-substituir\" target=\"_blank\" rel=\"noopener\">canaliza\u00e7\u00f5es<\/a>, instala\u00e7\u00e3o el\u00e9trica e <a href=\"https:\/\/www.imovirtual.com\/noticias\/decoracao\/pavimento-flutuante-vantagens-desvantagens\" target=\"_blank\" rel=\"noopener\">pavimento<\/a>. <\/p>\n<p>Nos casos em que existam<strong> faltas de conformidade de elementos construtivos estruturais<\/strong>, <strong>o prazo passa de 5 para 10 anos<\/strong>. Nas restantes faltas de conformidade, <strong>a garantia \u00e9 de 5 anos<\/strong>. Note que, caso exista falta de conformidade, a lei permite que o consumidor opte pela repara\u00e7\u00e3o ou substitui\u00e7\u00e3o, pela redu\u00e7\u00e3o proporcional do pre\u00e7o ou pela resolu\u00e7\u00e3o do contrato. De referir que estes direitos se aplicam de igual forma ao terceiro adquirente, ou seja, a quem vier a comprar o im\u00f3vel ou a beneficiar dele gratuitamente.<\/p>\n<p>Todavia note que existem excep\u00e7\u00f5es: o<strong> Decreto-lei 84\/2021<\/strong> n\u00e3o se aplica aos bens vendidos atrav\u00e9s de penhora ou qualquer outra forma de execu\u00e7\u00e3o judicial ou fiscal nem \u00e0 compra e venda de animais. Est\u00e3o tamb\u00e9m exclu\u00eddos os contratos de servi\u00e7os de comunica\u00e7\u00f5es eletr\u00f3nicas, servi\u00e7os de cuidados de sa\u00fade, jogo e apostas&nbsp;<em>online<\/em>, servi\u00e7os financeiros,&nbsp;<em>software<\/em>&nbsp;oferecido no \u00e2mbito de uma licen\u00e7a de acesso livre e gratuito ou conte\u00fados digitais disponibilizados ao p\u00fablico (sem transmiss\u00e3o de sinal) como proje\u00e7\u00f5es cinematogr\u00e1ficas digitais.<\/p>\n<p class=\" block-img\"><img decoding=\"async\" src=\"https:\/\/www.imovirtual.com\/noticias\/wp-content\/uploads\/2022\/11\/35ce8fdc-7f6c-4930-b514-06c8b6107a8e_Joao-Miguel-Banner-2.png\" alt=\"Jo\u00e3o Miguel Autor Imovirtual Blog\"><\/p>\n<h5><em>Jo\u00e3o Miguel \u00e9 o homem dos n\u00fameros. O jeito para os n\u00fameros sempre foi inato, assim como o talento para a escrita. J\u00e1 tentou fazer um sem o outro, mas n\u00e3o foi bem sucedido na tarefa. Por isso, hoje escreve para a sec\u00e7\u00e3o &#8216;Finan\u00e7as&#8217; do Blog do Imovirtual.<\/em><\/h5>\n<\/p>\n<h4><strong>Mais sobre Finan\u00e7as<\/strong><\/h4>\n<ul>\n<li>Tudo sobre <a href=\"https:\/\/https:\/\/www.imovirtual.com\/noticias\/financas\/comissoes-bancarias\" target=\"_blank\" rel=\"noopener\"><strong>comiss\u00f5es banc\u00e1rias<\/strong><\/a><\/li>\n<li>Como declarar <a href=\"https:\/\/https:\/\/www.imovirtual.com\/noticias\/financas\/declarar-recibos-renda-irs\" target=\"_blank\" rel=\"noopener\"><strong>recibos de renda<\/strong><\/a> no IRS<\/li>\n<li>Finan\u00e7as Pessoais: <a href=\"https:\/\/www.imovirtual.com\/noticias\/financas\/financas-pessoais-como-poupar-em-2022\" target=\"_blank\" rel=\"noopener\"><strong>como poupar em 2022<\/strong><\/a><\/li>\n<\/ul>\n<\/p>\n<div class=\"css-h5fkc8\"><strong>Ultima actualiza\u00e7\u00e3o:<\/strong> 15 mar\u00e7o 2022<\/div>\n","protected":false},"excerpt":{"rendered":"<p>Direitos do consumidor: o que mudou em 2022 Muita coisa mudou ou est\u00e1 a mudar em 2022. No artigo de hoje, em particular, iremos centrar-nos nos direitos dos consumidores, os quais, segundo a Dire\u00e7\u00e3o Geral do Consumidor, implicam a defesa da sua qualidade de vida, a boa qualidade dos bens e servi\u00e7os, o pre\u00e7o competitivo &hellip;<\/p>\n","protected":false},"author":3,"featured_media":805,"comment_status":"closed","ping_status":"open","sticky":false,"template":"","format":"standard","meta":{"footnotes":""},"categories":[6,37,36],"tags":[],"class_list":["post-804","post","type-post","status-publish","format-standard","has-post-thumbnail","hentry","category-financas","category-financas-e-imobiliario","category-profissionais"],"_links":{"self":[{"href":"https:\/\/www.imovirtual.com\/noticias\/wp-json\/wp\/v2\/posts\/804","targetHints":{"allow":["GET"]}}],"collection":[{"href":"https:\/\/www.imovirtual.com\/noticias\/wp-json\/wp\/v2\/posts"}],"about":[{"href":"https:\/\/www.imovirtual.com\/noticias\/wp-json\/wp\/v2\/types\/post"}],"author":[{"embeddable":true,"href":"https:\/\/www.imovirtual.com\/noticias\/wp-json\/wp\/v2\/users\/3"}],"replies":[{"embeddable":true,"href":"https:\/\/www.imovirtual.com\/noticias\/wp-json\/wp\/v2\/comments?post=804"}],"version-history":[{"count":0,"href":"https:\/\/www.imovirtual.com\/noticias\/wp-json\/wp\/v2\/posts\/804\/revisions"}],"wp:featuredmedia":[{"embeddable":true,"href":"https:\/\/www.imovirtual.com\/noticias\/wp-json\/wp\/v2\/media\/805"}],"wp:attachment":[{"href":"https:\/\/www.imovirtual.com\/noticias\/wp-json\/wp\/v2\/media?parent=804"}],"wp:term":[{"taxonomy":"category","embeddable":true,"href":"https:\/\/www.imovirtual.com\/noticias\/wp-json\/wp\/v2\/categories?post=804"},{"taxonomy":"post_tag","embeddable":true,"href":"https:\/\/www.imovirtual.com\/noticias\/wp-json\/wp\/v2\/tags?post=804"}],"curies":[{"name":"wp","href":"https:\/\/api.w.org\/{rel}","templated":true}]}}