{"id":797,"date":"2022-01-26T00:00:00","date_gmt":"2022-01-26T00:00:00","guid":{"rendered":"https:\/\/www.imovirtual.com\/noticias2\/2022\/01\/26\/imosintese-noticias-240122\/"},"modified":"2022-01-26T00:00:00","modified_gmt":"2022-01-26T00:00:00","slug":"imosintese-noticias-240122","status":"publish","type":"post","link":"https:\/\/www.imovirtual.com\/noticias\/novidades\/imosintese-noticias-240122\/","title":{"rendered":"IMOS\u00cdNTESE &#8211; NOT\u00cdCIAS 24\/01"},"content":{"rendered":"<p class=\"css-8qfla4\">\n<p class=\"css-m5h6m0 edperro0\">\n<h2><strong>Em parceria com o Di\u00e1rio Imobili\u00e1rio, o Imovirtual apresenta diariamente um resumo notici\u00e1rio dos acontecimentos mais relevantes do dia. Fique a par das \u00faltimas novidades do Mercado Imobili\u00e1rio:<\/strong><\/h2>\n<\/p>\n<h1><strong>Assistimos a um crescimento cada vez maior por parte dos portugueses na procura por im\u00f3veis<\/strong><\/h1>\n<p><strong>[Entrevista &#8211; Tiago Ferreira] &#8211; <\/strong>Tiago Ferreira, Head of Sales Imovirtual, faz o balan\u00e7o de dez anos no Mercado imobili\u00e1rio, que regista um aumento da procura por&nbsp;compra de casa nos \u00faltimos anos e a uma escassez de im\u00f3veis para dar resposta a essa procura.<\/p>\n<h3><strong>Saiba mais <a href=\"https:\/\/www.diarioimobiliario.pt\/Entrevistas\/Assistimos-a-um-crescimento-cada-vez-maior-por-parte-dos-portugueses-na-procura-por-imoveis\" target=\"_blank\" rel=\"noopener\">aqui<\/a><\/strong><\/h3>\n<\/p>\n<h1><strong>CBRE lan\u00e7a o Private Capital Group para clientes individuais e family offices<\/strong><\/h1>\n<p>A CBRE acaba de lan\u00e7ar uma nova linha de neg\u00f3cio focada em solu\u00e7\u00f5es de investimento para clientes individuais e&nbsp;family offices&nbsp;com elevado poder aquisitivo, o PCG \u2013 Private Capital Group.<\/p>\n<h3><strong>Saiba mais <a href=\"https:\/\/www.diarioimobiliario.pt\/Actualidade\/CBRE-lanca-o-Private-Capital-Group-para-clientes-individuais-e-family-offices\" target=\"_blank\" rel=\"noopener\">aqui<\/a><\/strong><\/h3>\n<\/p>\n<h1><strong>33 anos depois surge finalmente o Jardins do Mar no centro de Sesimbra<\/strong><\/h1>\n<p>Jardins do Mar e\u0301 o novo condomi\u0301nio residencial de luxo&nbsp;localizado no centro de Sesimbra, um projecto que come\u00e7ou com outro promotor e esteve inacabado&nbsp;cerca de 33 anos,&nbsp;foi agora conclui\u0301do. Um projecto agora promovido&nbsp;pela Cetim, em representac\u0327a\u0303o de um conjunto de investidores Belgas, projetado&nbsp;pelo atelier Fragmentos, exectuda pela MAP Engenharia e fiscalizado&nbsp;pela DDN.<\/p>\n<h3><strong>Saiba mais <a href=\"https:\/\/www.diarioimobiliario.pt\/Habitacao\/33-anos-depois-surge-finalmente-o-Jardins-do-Mar-no-centro-de-Sesimbra\" target=\"_blank\" rel=\"noopener\">aqui<\/a><\/strong><\/h3>\n<\/p>\n<h1><strong>Ocean Line \u00e9 o novo empreendimento junto ao Forte S\u00e3o Jo\u00e3o em Vila do Conde<\/strong><\/h1>\n<p>Constitu\u00eddo por duas moradias de luxo e projetadas pelo&nbsp;gabinete de arquitetura&nbsp;Spaceworkers, o Ocean Line&nbsp;\u00e9 promovido&nbsp;pela&nbsp;STLD&nbsp;e a comercializa\u00e7\u00e3o pertence \u00e0&nbsp;dipe imobili\u00e1ria.<\/p>\n<h3><strong>Saiba mais <a href=\"https:\/\/www.diarioimobiliario.pt\/Habitacao\/Ocean-Line-e-o-novo-empreendimento-junto-ao-Forte-Sao-Joao-em-Vila-do-Conde\" target=\"_blank\" rel=\"noopener\">aqui<\/a><\/strong><\/h3>\n<\/p>\n<h1><strong>Marriott International procura tr\u00eas viajantes para servirem como correspondentes do Tik Tok<\/strong><\/h1>\n<p>A cadeia hoteleira lan\u00e7a&nbsp;um concurso para recrutar tr\u00eas&nbsp;pessoas que servir\u00e3o essencialmente como correspondentes do Tik Tok, narrando suas experi\u00eancias nas unidades da Marriott em todo o mundo ao longo de um ano no popular aplicativo de media social de v\u00eddeo.<\/p>\n<h3><strong>Saiba mais <a href=\"https:\/\/www.diarioimobiliario.pt\/Turismo\/Marriott-International-procura-tres-viajantes-para-servirem-como-correspondentes-do-Tik-Tok\" target=\"_blank\" rel=\"noopener\">aqui<\/a><\/strong><\/h3>\n<\/p>\n<h3><strong>Leia as anteriores Imos\u00edntese:<\/strong><\/h3>\n<p>\ud83d\udc49<a href=\"https:\/\/www.imovirtual.com\/noticias\/noticias\/imosintese-noticias-210122\" target=\"_blank\" rel=\"noopener\"><strong>IMOS\u00cdNTESE &#8211; NOT\u00cdCIAS 21\/01<\/strong><\/a><\/p>\n<p>\ud83d\udc49<a href=\"https:\/\/www.imovirtual.com\/noticias\/noticias\/imosintese-noticias-200122\" target=\"_blank\" rel=\"noopener\"><strong>IMOS\u00cdNTESE &#8211; NOT\u00cdCIAS 20\/01<\/strong><\/a><\/p>\n<p>\ud83d\udc49<a href=\"https:\/\/www.imovirtual.com\/noticias\/noticias\/imosintese-noticias-190122\" target=\"_blank\" rel=\"noopener\"><strong>IMOS\u00cdNTESE &#8211; NOT\u00cdCIAS 19\/01<\/strong><\/a><\/p>\n<\/p>\n<div class=\"css-h5fkc8\"><strong>Ultima actualiza\u00e7\u00e3o:<\/strong> 26 janeiro 2022<\/div>\n","protected":false},"excerpt":{"rendered":"<p>Em parceria com o Di\u00e1rio Imobili\u00e1rio, o Imovirtual apresenta diariamente um resumo notici\u00e1rio dos acontecimentos mais relevantes do dia. Fique a par das \u00faltimas novidades do Mercado Imobili\u00e1rio: Assistimos a um crescimento cada vez maior por parte dos portugueses na procura por im\u00f3veis [Entrevista &#8211; Tiago Ferreira] &#8211; Tiago Ferreira, Head of Sales Imovirtual, faz &hellip;<\/p>\n","protected":false},"author":3,"featured_media":100,"comment_status":"closed","ping_status":"open","sticky":false,"template":"","format":"standard","meta":{"footnotes":""},"categories":[4],"tags":[],"class_list":["post-797","post","type-post","status-publish","format-standard","has-post-thumbnail","hentry","category-novidades"],"_links":{"self":[{"href":"https:\/\/www.imovirtual.com\/noticias\/wp-json\/wp\/v2\/posts\/797","targetHints":{"allow":["GET"]}}],"collection":[{"href":"https:\/\/www.imovirtual.com\/noticias\/wp-json\/wp\/v2\/posts"}],"about":[{"href":"https:\/\/www.imovirtual.com\/noticias\/wp-json\/wp\/v2\/types\/post"}],"author":[{"embeddable":true,"href":"https:\/\/www.imovirtual.com\/noticias\/wp-json\/wp\/v2\/users\/3"}],"replies":[{"embeddable":true,"href":"https:\/\/www.imovirtual.com\/noticias\/wp-json\/wp\/v2\/comments?post=797"}],"version-history":[{"count":0,"href":"https:\/\/www.imovirtual.com\/noticias\/wp-json\/wp\/v2\/posts\/797\/revisions"}],"wp:featuredmedia":[{"embeddable":true,"href":"https:\/\/www.imovirtual.com\/noticias\/wp-json\/wp\/v2\/media\/100"}],"wp:attachment":[{"href":"https:\/\/www.imovirtual.com\/noticias\/wp-json\/wp\/v2\/media?parent=797"}],"wp:term":[{"taxonomy":"category","embeddable":true,"href":"https:\/\/www.imovirtual.com\/noticias\/wp-json\/wp\/v2\/categories?post=797"},{"taxonomy":"post_tag","embeddable":true,"href":"https:\/\/www.imovirtual.com\/noticias\/wp-json\/wp\/v2\/tags?post=797"}],"curies":[{"name":"wp","href":"https:\/\/api.w.org\/{rel}","templated":true}]}}