{"id":783,"date":"2022-01-28T00:00:00","date_gmt":"2022-01-28T00:00:00","guid":{"rendered":"https:\/\/www.imovirtual.com\/noticias2\/2022\/01\/28\/diy-projetos-decoracao\/"},"modified":"2024-08-28T10:18:58","modified_gmt":"2024-08-28T10:18:58","slug":"diy-projetos-decoracao","status":"publish","type":"post","link":"https:\/\/www.imovirtual.com\/noticias\/lifestyle\/diy-projetos-decoracao\/","title":{"rendered":"DIY: os projetos favoritos dos amantes de decora\u00e7\u00e3o"},"content":{"rendered":"<p class=\"css-8qfla4\">\n<p class=\"css-m5h6m0 edperro0\">\n<h1><strong>DIY: os projetos favoritos dos amantes de decora\u00e7\u00e3o<\/strong><\/h1>\n<p>Seja por <strong>motivos economicos ou simplesmente pelo desafio<\/strong>, a t\u00e9cnica<strong> DIY, acr\u00f3nimo da express\u00e3o &#8220;Do it Yourself&#8221; <\/strong>(tradu\u00e7\u00e3o: &#8216;Fa\u00e7a voc\u00ea mesmo&#8217;), est\u00e1 bastante enraizada na decora\u00e7\u00e3o. O conceito come\u00e7ou a ser utilizado no<strong> in\u00edcio do s\u00e9culo XX<\/strong> para definir eventuais remodela\u00e7\u00f5es e melhorias em casa, mas ganhou mais reconhecimento durante os anos 50. Nesta altura, era usado para descrever projetos que visavam ser recreativos ou economicos.<\/p>\n<p>O certo \u00e9 que <strong>a pr\u00e1tica veio para ficar<\/strong> e desde ent\u00e3o os projetos DIY t\u00eam vindo a conquistar cada vez mais apreciadores e praticantes. Um pouco por toda a internet, em redes sociais como o <a href=\"https:\/\/www.youtube.com\/hashtag\/diy\" target=\"_blank\" rel=\"noopener\"><strong>YouTube<\/strong><\/a>, o <a href=\"https:\/\/www.instagram.com\/explore\/tags\/diy\/?hl=en\" target=\"_blank\" rel=\"noopener\"><strong>Instagram<\/strong><\/a>, o <a href=\"https:\/\/www.pinterest.com\/search\/pins\/?q=diy&amp;rs=typed&amp;term_meta[]=diy%7Ctyped\" target=\"_blank\" rel=\"noopener\"><strong>Pinterest<\/strong><\/a> e <a href=\"https:\/\/www.tiktok.com\/tag\/diy?lang=en\" target=\"_blank\" rel=\"noopener\">Tik Tok<\/a> muitos s\u00e3o os internautas e decoradores amadores, que partilham v\u00e1rios tutoriais de objetos, quadros e at\u00e9 mob\u00edlias. Muitos deles acabam por ser mais baratos do que a pe\u00e7a final numa loja, mas h\u00e1 daqueles que s\u00e3o <strong>bastante complexos e que feitas as contas acabam por n\u00e3o compensar.<\/strong> <\/p>\n<p>No artigo de hoje apresentamos-lhe<strong> 3 projetos que conquistaram os amantes de decora\u00e7\u00e3o<\/strong>. Simples de executar, mais econ\u00f3micos que os produtos finais, estes itens decorativos podem tornar-se um bom passatempo em que toda a sua fam\u00edlia pode participar.<\/p>\n<\/p>\n<h3>Descubra: <a href=\"https:\/\/www.imovirtual.com\/noticias\/decoracao\/dicas-decorar-casa\" target=\"_blank\" rel=\"noopener\"><em><strong>8 dicas para decorar a casa com sucesso<\/strong><\/em><\/a><\/h3>\n<\/p>\n<h2><strong>Vela Cubo<\/strong><\/h2>\n<p class=\" block-img\"><img decoding=\"async\" src=\"https:\/\/www.imovirtual.com\/noticias\/wp-content\/uploads\/2022\/11\/e470ba72-4bcd-447a-9afe-ee85b837dbee_diy-pinterest.png\" alt=\"diy vela cubo pinterest\"><\/p>\n<p>\u00c9 um dos DIY que muito tem circulado pelo Pinterest e TikTok. <strong>Consiste numa vela formada por 27 esferas de cera da\u00ed o nome em ingl\u00eas &#8220;Bubble Candle&#8221;<\/strong>. Com cheiros, cores e tamanhos diferentes, o conceito \u00e9 sempre o mesmo. E apesar de a poder adquirir em alguns dos sites mais conhecidos de decora\u00e7\u00e3o como a <a href=\"https:\/\/www.sklum.com\/pt\/comprar-velas-e-mikados\/100990-vela-goblin.html?id_c=200445&amp;esl-k=google-ads|nu|c468018724066|m|k873565262864|p|t|dc|a113462474521|g11203729106&amp;gclid=Cj0KCQiAraSPBhDuARIsAM3Js4o3rLwg7gfRpSHb0Qo2g7TWym0D1XAyOcrz14E8mjZuKp9EegeRdzIaAtCmEALw_wcB\" target=\"_blank\" rel=\"noopener\"><strong>SKLUM<\/strong><\/a>, n\u00e3o h\u00e1 nada como fazer a sua em casa &#8211; at\u00e9 porque uma vez que tiver os materiais pode fazer quantas quiser. <\/p>\n<ul>\n<li><strong>MATERIAIS:<\/strong> Tudo o que necessita \u00e9 de um <a href=\"https:\/\/pt.shein.com\/1pc-DIY-Silicone-Candle-Mold-p-5226027-cat-3501.html?currency=EUR&amp;url_from=adpla-pt-pla-sh2109268389781115-one-size_LPT&amp;gclid=Cj0KCQiAraSPBhDuARIsAM3Js4r4tYn2MEvDJa2Yfhw0DJ3IFWg898Jl486XNwr-NP6ieqs2tgwgcuAaAk9TEALw_wcB\" target=\"_blank\" rel=\"noopener\">molde de silicone<\/a> com a forma da dita vela, <a href=\"https:\/\/lojadamarta.pt\/cera-de-soja-1kg?gclid=Cj0KCQiAraSPBhDuARIsAM3Js4q72Kk4bcctgyBFy6qe7ak_6rqnC5NR_BM6jEz2ilQRNGZ3-yL6BiAaAse4EALw_wcB\" target=\"_blank\" rel=\"noopener\">flocos de cera<\/a> (recomendamos de soja), <a href=\"https:\/\/craftelier.com\/pt-pt\/mechas-para-velas.html?gclid=Cj0KCQiAraSPBhDuARIsAM3Js4qbREmHjLDjJiB5mk1HSEMxuyvbsnOXk_i1LkaxM8g2WiCYsEjGmAMaAlqtEALw_wcB\" target=\"_blank\" rel=\"noopener\">pavios<\/a>, \u00f3leo essencial \u00e0 escolha e opcionalmente, <a href=\"https:\/\/www.holyart.pt\/consumiveis-liturgicos\/cera-liquida-para-lampadas-e-lamparinas\/corantes-para-cera-liquida?gclid=Cj0KCQiAraSPBhDuARIsAM3Js4rDo8jlzutCI0qk_tBp7GRjfhzdYVTsnaipppuHLfsapQMictK2UYEaArRuEALw_wcB\" target=\"_blank\" rel=\"noopener\">corantes para cera<\/a>.<\/li>\n<li><strong>M\u00c9TODO:<\/strong> Num tacho derreta os flocos de cera. Enquanto espera que liquidifiquem, prepare o molde inserindo o pavio. Adicione 10-15 gotas de \u00f3leo essencial e o corante desejado ao preparado. Mexa com uma colher de pau. Assim que tudo estiver bem incorporado, despeje a mistura no molde e aguarde que solidifique. Depois \u00e9 s\u00f3 desenformar, cortar o fio de pavio em excesso e j\u00e1 est\u00e1. Para refer\u00eancia visual, consulte este tutorial do <a href=\"https:\/\/www.pinterest.pt\/pin\/261771797082826303\/\">Pinterest<\/a>.<\/li>\n<\/ul>\n<h2><strong>Sof\u00e1 de Paletes<\/strong><\/h2>\n<p class=\" block-img\"><img decoding=\"async\" src=\"https:\/\/www.imovirtual.com\/noticias\/wp-content\/uploads\/2022\/11\/753bdfac-39b0-41b6-bc35-fe0adabb41a5_iStock-1252858277.jpg\" alt=\"sof\u00e1 de paletes\"><\/p>\n<p>E porque ao contr\u00e1rio do que se possa pensar, construir <a href=\"https:\/\/www.imovirtual.com\/noticias\/decoracao\/upcycling-moveis-paletes\" target=\"_blank\" rel=\"noopener\">m\u00f3veis<\/a> do zero n\u00e3o \u00e9 assim t\u00e3o dif\u00edcil e este DIY vem provar isso mesmo. Aqui no <a href=\"https:\/\/www.imovirtual.com\/noticias\/\" target=\"_blank\" rel=\"noopener\">Blog do Imovirtual<\/a>, j\u00e1 falamos sobre os benef\u00edcios de reutilizar <strong><a href=\"https:\/\/www.imovirtual.com\/noticias\/decoracao\/como-reutilizar-paletes-para-decorar\" target=\"_blank\" rel=\"noopener\">paletes<\/a><\/strong>, os seus diferentes usos e utilidades. H\u00e1 quem as transforme em <a href=\"https:\/\/www.imovirtual.com\/noticias\/decoracao\/escolher-melhor-colchao-cama\" target=\"_blank\" rel=\"noopener\">camas<\/a>, mesas ou at\u00e9 mesmo em <a href=\"https:\/\/www.imovirtual.com\/noticias\/lifestyle\/urban-jungle-jardim-vertical-em-apartamento\" target=\"_blank\" rel=\"noopener\">jardins verticais<\/a>. Mas hoje falamos-lhe de um <strong><a href=\"https:\/\/www.imovirtual.com\/noticias\/decoracao\/como-escolher-sofa-perfeito-sala-de-estar\" target=\"_blank\" rel=\"noopener\">sof\u00e1<\/a> feito com paletes<\/strong>. Ideal para jardins, <a href=\"https:\/\/www.imovirtual.com\/noticias\/decoracao\/dicas-decorar-terraco-verao\" target=\"_blank\" rel=\"noopener\">terra\u00e7os<\/a> ou <a href=\"https:\/\/www.imovirtual.com\/noticias\/decoracao\/dicas-utilizar-varanda-todo-ano\" target=\"_blank\" rel=\"noopener\">varandas<\/a> grandes, <strong>este tipo de assento \u00e9 normalmente usado no exterior, mas se a sua decora\u00e7\u00e3o lhe permitir, pode sempre arriscar e coloc\u00e1-lo na sua <a href=\"https:\/\/www.imovirtual.com\/noticias\/decoracao\/decorar-sala-estar-sala-jantar\" target=\"_blank\" rel=\"noopener\">sala de estar<\/a><\/strong>. Seja como for, a op\u00e7\u00e3o \u00e9 sua. Para efetuar este projeto recomendamos que assista ao seguinte v\u00eddeo do <strong>YouTube<\/strong>:<\/p>\n<div data-oembed=\"https:\/\/www.youtube.com\/watch?v=0lXJlLr9YdA\" data-oembed-type=\"video\" data-oembed-provider=\"YouTube\" class=\"embed embed-youtube\">\n<div><iframe loading=\"lazy\" width=\"200\" height=\"113\" src=\"https:\/\/www.youtube.com\/embed\/0lXJlLr9YdA?feature=oembed\" frameborder=\"0\" allow=\"accelerometer; autoplay; clipboard-write; encrypted-media; gyroscope; picture-in-picture\" allowfullscreen=\"\"><\/iframe><\/div>\n<\/div>\n<h2><strong>Tela com Textura<\/strong><\/h2>\n<p class=\" block-img\"><img decoding=\"async\" src=\"https:\/\/www.imovirtual.com\/noticias\/wp-content\/uploads\/2022\/11\/474597d9-607c-4a02-aa7d-aaeb48a7c7da_97940fe05e5aaec7b0e697c76568a868.jpg\" alt=\"tela com textura\"><\/p>\n<p>N\u00e3o h\u00e1 d\u00favida que as <strong>obras de arte s\u00e3o caras<\/strong> e n\u00e3o est\u00e3o ao alcance de todas as carteiras. Se a sua decora\u00e7\u00e3o estiver a pedir um<em> je ne sais quoi<\/em> que n\u00e3o passe pelos tradicionais <a href=\"https:\/\/www.imovirtual.com\/noticias\/decoracao\/pendurar-quadros-sem-furar-parede\" target=\"_blank\" rel=\"noopener\">quadros<\/a> com fotografias, paisagens ou posteres, uma boa op\u00e7\u00e3o pode ser uma tela com textura. Este \u00e9 um<strong> DIY muito simples, para o qual s\u00f3 vai necessitar de uma tela de tamanho \u00e0 escolha, uma esp\u00e1tula e de <a href=\"https:\/\/www.elcorteingles.pt\/papelaria\/A24377819-medio-em-pasta-para-modelar-profissional-liquitex\/?ref=001006670203899%20&amp;feed=true&amp;gclid=Cj0KCQiAraSPBhDuARIsAM3Js4qT1JC9F-a3uTs2CCCkEtdovo_lyCXQI_H9N8kYVqQp3rvK992psKAaAkWzEALw_wcB\" target=\"_blank\" rel=\"noopener\">pasta para modelar<\/a>.<\/strong> Opcionalmente, pode tamb\u00e9m fazer-se acompanhar de pinc\u00e9is e tintas para cobrir a massa branca. Depois, basta dar largas \u00e0 imagina\u00e7\u00e3o e come\u00e7ar a espalhar a massa pela tela de forma irregular. N\u00e3o se esque\u00e7a de deixar o quadro a secar durante o per\u00edodo de tempo necess\u00e1rio. Para melhor visualizar este projeto, acompanhe todo o processo de cria\u00e7\u00e3o neste v\u00eddeo do <a href=\"https:\/\/www.tiktok.com\/@samishome\/video\/6992221723462536450?lang=en\" target=\"_blank\" rel=\"noopener\"><strong>TikTok<\/strong><\/a>. <\/p>\n<p class=\" block-img\"><img decoding=\"async\" src=\"https:\/\/www.imovirtual.com\/noticias\/wp-content\/uploads\/2022\/11\/af14b393-f5d1-4a75-8368-42f656903033_Copia-de-Banners-Autores-3.png\" alt=\"Maria Lu\u00edsa Autor Imovirtual\"><\/p>\n<h5><em>Maria Lu\u00edsa \u00e9 a decoradora. A paix\u00e3o pela decora\u00e7\u00e3o surgiu desde muito cedo, quando as paredes se tornaram folhas de desenho. Juntou o \u00fatil ao agrad\u00e1vel e fez da voca\u00e7\u00e3o o seu trabalho. Est\u00e1 a cargo dos temas sobre &#8216;Decora\u00e7\u00e3o&#8217; do Blog do Imovirtual.<\/em><\/h5>\n<\/p>\n<h4><strong>Mais sobre &#8216;Decora\u00e7\u00e3o&#8217;<\/strong><\/h4>\n<ul>\n<li><a href=\"https:\/\/www.imovirtual.com\/noticias\/decoracao\/corredores-como-decorar\" target=\"_blank\" rel=\"noopener\"><strong>Corredores<\/strong><\/a>: como decorar de forma harmoniosa e pr\u00e1tica<\/li>\n<li>8 dicas para&nbsp;<a href=\"https:\/\/www.imovirtual.com\/noticias\/decoracao\/dicas-decorar-casa\" target=\"_blank\" rel=\"noopener\"><strong>decorar a casa<\/strong><\/a>&nbsp;com sucesso<\/li>\n<li>Porque necessita de contratar um&nbsp;<a href=\"https:\/\/www.imovirtual.com\/noticias\/decoracao\/motivos-contratar-personal-organizer\" target=\"_blank\" rel=\"noopener\"><strong>Personal Organizer<\/strong><\/a>?<\/li>\n<\/ul>\n<\/p>\n<div class=\"css-h5fkc8\"><strong>Ultima actualiza\u00e7\u00e3o:<\/strong> 28 janeiro 2022<\/div>\n","protected":false},"excerpt":{"rendered":"<p>DIY: os projetos favoritos dos amantes de decora\u00e7\u00e3o Seja por motivos economicos ou simplesmente pelo desafio, a t\u00e9cnica DIY, acr\u00f3nimo da express\u00e3o &#8220;Do it Yourself&#8221; (tradu\u00e7\u00e3o: &#8216;Fa\u00e7a voc\u00ea mesmo&#8217;), est\u00e1 bastante enraizada na decora\u00e7\u00e3o. O conceito come\u00e7ou a ser utilizado no in\u00edcio do s\u00e9culo XX para definir eventuais remodela\u00e7\u00f5es e melhorias em casa, mas ganhou &hellip;<\/p>\n","protected":false},"author":3,"featured_media":784,"comment_status":"closed","ping_status":"open","sticky":false,"template":"","format":"standard","meta":{"footnotes":""},"categories":[3],"tags":[],"class_list":["post-783","post","type-post","status-publish","format-standard","has-post-thumbnail","hentry","category-lifestyle"],"_links":{"self":[{"href":"https:\/\/www.imovirtual.com\/noticias\/wp-json\/wp\/v2\/posts\/783","targetHints":{"allow":["GET"]}}],"collection":[{"href":"https:\/\/www.imovirtual.com\/noticias\/wp-json\/wp\/v2\/posts"}],"about":[{"href":"https:\/\/www.imovirtual.com\/noticias\/wp-json\/wp\/v2\/types\/post"}],"author":[{"embeddable":true,"href":"https:\/\/www.imovirtual.com\/noticias\/wp-json\/wp\/v2\/users\/3"}],"replies":[{"embeddable":true,"href":"https:\/\/www.imovirtual.com\/noticias\/wp-json\/wp\/v2\/comments?post=783"}],"version-history":[{"count":0,"href":"https:\/\/www.imovirtual.com\/noticias\/wp-json\/wp\/v2\/posts\/783\/revisions"}],"wp:featuredmedia":[{"embeddable":true,"href":"https:\/\/www.imovirtual.com\/noticias\/wp-json\/wp\/v2\/media\/784"}],"wp:attachment":[{"href":"https:\/\/www.imovirtual.com\/noticias\/wp-json\/wp\/v2\/media?parent=783"}],"wp:term":[{"taxonomy":"category","embeddable":true,"href":"https:\/\/www.imovirtual.com\/noticias\/wp-json\/wp\/v2\/categories?post=783"},{"taxonomy":"post_tag","embeddable":true,"href":"https:\/\/www.imovirtual.com\/noticias\/wp-json\/wp\/v2\/tags?post=783"}],"curies":[{"name":"wp","href":"https:\/\/api.w.org\/{rel}","templated":true}]}}