{"id":778,"date":"2022-01-25T00:00:00","date_gmt":"2022-01-25T00:00:00","guid":{"rendered":"https:\/\/www.imovirtual.com\/noticias2\/2022\/01\/25\/jardim-de-inverno\/"},"modified":"2022-01-25T00:00:00","modified_gmt":"2022-01-25T00:00:00","slug":"jardim-de-inverno","status":"publish","type":"post","link":"https:\/\/www.imovirtual.com\/noticias\/lifestyle\/jardim-de-inverno\/","title":{"rendered":"Jardim de Inverno: como fazer?"},"content":{"rendered":"<p class=\"css-8qfla4\">\n<p class=\"css-m5h6m0 edperro0\">\n<h1><strong>Tudo sobre Jardins de Inverno<\/strong><\/h1>\n<p>\u00c9 uma forma de<strong> trazer a <a href=\"https:\/\/www.imovirtual.com\/noticias\/decoracao\/traga-a-natureza-para-dentro-da-sua-casa-id243.html\" target=\"_blank\" rel=\"noopener\">natureza<\/a> para dentro de quatro paredes <\/strong>(preferencialmente de vidro), estando em perfeita harmonia com o meio circundante: o <strong>jardim de inverno<\/strong> tem ganho cada vez mais apreciadores. Tamb\u00e9m conhecido como <strong>jardim interno<\/strong>, este \u00e9 um espa\u00e7o de relaxamento e tranquilidade. Muito ligado ao <strong>paisagismo<\/strong> esta divis\u00e3o \u00e9 normalmente utilizada para usufruir de um <a href=\"https:\/\/www.imovirtual.com\/noticias\/decoracao\/livros-sobre-decoracao-organizacao-casa\" target=\"_blank\" rel=\"noopener\">livro<\/a> ou para organizar jantares entre amigos. H\u00e1 uma<strong> regra de ouro <\/strong>que todos os jardins de inverno devem seguir: <strong>combinar a praticidade, a harmonia, a beleza e a eleg\u00e2ncia<\/strong>. Quando o espa\u00e7o \u00e9 mais limitado, note que deve optar por decorar com aquilo que \u00e9 estritamente necess\u00e1rio, para evitar cair no exagero. Note ainda que, ao contr\u00e1rio do que possa pensar <strong>o jardim de inverno n\u00e3o tem de ser necessariamente numa \u00e1rea externa da casa<\/strong>. Ali\u00e1s pode perfeitamente transforma-lo num ambiente interno. Posto isto, est\u00e1 na altura de lhe revelarmos algumas dicas para construir o seu jardim interno. <\/p>\n<\/p>\n<h3>Pode interessar-lhe: <a href=\"https:\/\/www.imovirtual.com\/noticias\/lifestyle\/urban-jungle-jardim-vertical-em-apartamento\" target=\"_blank\" rel=\"noopener\"><em><strong>Urban Jungle: como construir um jardim vertical num apartamento<\/strong><\/em><\/a><\/h3>\n<\/p>\n<h2><strong>Comece por escolher o local<\/strong><\/h2>\n<p>Como se costuma dizer, &#8216;o c\u00e9u \u00e9 o limite&#8217; e apesar do seu nome, <strong>o jardim de inverno pode ser instalado em diferentes locais da casa<\/strong>: <a href=\"https:\/\/www.imovirtual.com\/noticias\/imobiliario\/6-formas-reaproveitar-quarto\" target=\"_blank\" rel=\"noopener\">quarto<\/a>, <a href=\"https:\/\/www.imovirtual.com\/noticias\/decoracao\/cozinhas-inspiradoras\" target=\"_blank\" rel=\"noopener\">cozinha<\/a> ou <a href=\"https:\/\/www.imovirtual.com\/noticias\/decoracao\/corredores-como-decorar\" target=\"_blank\" rel=\"noopener\">corredor<\/a> s\u00e3o alguns deles. No entanto, tome em aten\u00e7\u00e3o que normalmente, esta \u00e1rea \u00e9 fechada por <strong>portas de vidro que lhe permitem observar o jardim mesmo n\u00e3o estando nele<\/strong>. Tem ainda a possibilidade de deixar a \u00e1rea reservada ao jardim aberta ou coberta por um teto de vidro. Outra op\u00e7\u00e3o muito interessante s\u00e3o as claraboias:<strong> desde que a estrutura favore\u00e7a a entrada da luz natural, pode adotar o design que lhe agradar mais.<\/strong><\/p>\n<p class=\" block-img\"><img decoding=\"async\" src=\"https:\/\/www.imovirtual.com\/noticias\/wp-content\/uploads\/2022\/11\/13b5f152-087a-4e24-8262-1cd283fbcfe7_iStock-1304157527.jpg\" alt=\"exemplo de jardim de inverno\"><\/p>\n<h2><strong>Selecione as plantas<\/strong><\/h2>\n<p>Embora elas n\u00e3o estejam fisicamente no espa\u00e7o do jardim de inverno, as plantas s\u00e3o a paisagem que ir\u00e1 observar atrav\u00e9s desta \u00e1rea. Assim \u00e9 importante escolher esp\u00e9cies resistentes, capazes de se adaptar facilmente ao interior de uma resid\u00eancia.<strong> Espada de S\u00e3o Jorge, L\u00edrio da Paz, Ant\u00farios, Chamaedorea ou Dieffenbachia <\/strong>s\u00e3o boas op\u00e7\u00f5es para plantar no seu jardim interno. Em alternativa, tamb\u00e9m pode optar por construir uma horta.<\/p>\n<\/p>\n<h3>Conhe\u00e7a: 7 plantas must-have na <a href=\"https:\/\/www.imovirtual.com\/noticias\/decoracao\/plantas-must-have-decoracao-de-interiores\" target=\"_blank\" rel=\"noopener\"><strong>decora\u00e7\u00e3o de interiores<\/strong><\/a><\/h3>\n<\/p>\n<h2><strong>Planeie qual ser\u00e1 o tipo de mob\u00edlia<\/strong><\/h2>\n<p>Tenha em mente que este deve ser um lugar que transmita aconchego, sendo que por isso n\u00e3o deve exagerar na quantidade de m\u00f3veis. \u00c9 claro que o tipo de <a href=\"https:\/\/www.imovirtual.com\/noticias\/decoracao\/motivos-para-escolher-mobilia-modular-para-a-sua-casa\" target=\"_blank\" rel=\"noopener\">mob\u00edlia<\/a> que ir\u00e1 escolher depender\u00e1 do espa\u00e7o onde decidir criar o seu jardim de inverno. Mas alguns dos m\u00f3veis mais comuns de se ver neste tipo de espa\u00e7os s\u00e3o: um <a href=\"https:\/\/www.imovirtual.com\/noticias\/decoracao\/como-escolher-sofa-perfeito-sala-de-estar\" target=\"_blank\" rel=\"noopener\">sof\u00e1<\/a>, bancos, mesas com cadeiras ou poltronas.<\/p>\n<p class=\" block-img\"><img decoding=\"async\" src=\"https:\/\/www.imovirtual.com\/noticias\/wp-content\/uploads\/2022\/11\/aa6088fb-bb11-4fea-aebc-1951c6e36e8f_iStock-473522602.jpg\" alt=\"exemplo de jardim de inverno\"><\/p>\n<h2><strong>Decore a seu gosto<\/strong><\/h2>\n<p>Complemente o seu jardim de inverno com itens decorativos \u00e0 altura. <strong><a href=\"https:\/\/www.imovirtual.com\/noticias\/lifestyle\/como-escolher-lareira\" target=\"_blank\" rel=\"noopener\">Lareiras<\/a> el\u00e9tricas, fontes de pedra e vasos <\/strong>s\u00e3o op\u00e7\u00f5es de bons itens de decora\u00e7\u00e3o. <strong>N\u00e3o se esque\u00e7a de fazer acompanhar o seu sof\u00e1 com v\u00e1rios t\u00eaxteis<\/strong>, nomeadamente mantas e almofadas. Nas paredes que n\u00e3o sejam de vidro, pode sempre utilizar um <a href=\"https:\/\/www.imovirtual.com\/noticias\/decoracao\/dicas-para-integrar-o-papel-de-parede-na-decoracao\" target=\"_blank\" rel=\"noopener\">papel de parede<\/a> com motivos r\u00fasticos, que lembrem a natureza. No que toca \u00e0 paleta de cores, esta deve incluir os tons terra, os verdes e os neutros para criar harmonia com a vegeta\u00e7\u00e3o.<\/p>\n<p class=\" block-img\"><img decoding=\"async\" src=\"https:\/\/www.imovirtual.com\/noticias\/wp-content\/uploads\/2022\/11\/bd5974cf-f0b2-4813-a690-c8359669947e_Copia-de-Banners-Autores.png\" alt=\"Ana Catarina Autor Imovirtual\"><\/p>\n<h5><em>Ana Catarina \u00e9 a mi\u00fada das tend\u00eancias. Gosta de ficar em casa a perder-se pelas p\u00e1ginas de um livro, mas tamb\u00e9m n\u00e3o dispensa um caf\u00e9 tardio com os amigos. Est\u00e1 sempre \u00e0 procura do \u00faltimo grito em Lifestyle para revelar no Blog do Imovirtual.<\/em><\/h5>\n<\/p>\n<h4><strong>Mais sobre &#8216;Lifestyle&#8217;<\/strong><\/h4>\n<ul>\n<li>7&nbsp;<a href=\"https:\/\/www.imovirtual.com\/noticias\/decoracao\/7-plantas-casa-diminuem-humidade\" target=\"_blank\" rel=\"noopener\"><strong>plantas<\/strong><\/a>&nbsp;para ter em casa e que diminuem humidade<\/li>\n<li>Consiga uma&nbsp;<a href=\"https:\/\/www.imovirtual.com\/en\/noticias\/decoracao\/cuide-do-meio-ambiente-e-ao-mesmo-tempo-crie-um-espaco\" target=\"_blank\" rel=\"noopener\"><strong>decora\u00e7\u00e3o Eco-Friendly<\/strong><\/a>&nbsp;em 4 passos<\/li>\n<li>Como \u00e9 poss\u00edvel criar uma <a href=\"https:\/\/www.imovirtual.com\/noticias\/decoracao\/como-e-possivel-criar-uma-horta-num-apartamento-id248.html\" target=\"_blank\" rel=\"noopener\"><strong>horta num apartamento<\/strong><\/a>?<\/li>\n<\/ul>\n<\/p>\n<div class=\"css-h5fkc8\"><strong>Ultima actualiza\u00e7\u00e3o:<\/strong> 25 janeiro 2022<\/div>\n","protected":false},"excerpt":{"rendered":"<p>Tudo sobre Jardins de Inverno \u00c9 uma forma de trazer a natureza para dentro de quatro paredes (preferencialmente de vidro), estando em perfeita harmonia com o meio circundante: o jardim de inverno tem ganho cada vez mais apreciadores. Tamb\u00e9m conhecido como jardim interno, este \u00e9 um espa\u00e7o de relaxamento e tranquilidade. Muito ligado ao paisagismo &hellip;<\/p>\n","protected":false},"author":3,"featured_media":779,"comment_status":"closed","ping_status":"open","sticky":false,"template":"","format":"standard","meta":{"footnotes":""},"categories":[3],"tags":[],"class_list":["post-778","post","type-post","status-publish","format-standard","has-post-thumbnail","hentry","category-lifestyle"],"_links":{"self":[{"href":"https:\/\/www.imovirtual.com\/noticias\/wp-json\/wp\/v2\/posts\/778","targetHints":{"allow":["GET"]}}],"collection":[{"href":"https:\/\/www.imovirtual.com\/noticias\/wp-json\/wp\/v2\/posts"}],"about":[{"href":"https:\/\/www.imovirtual.com\/noticias\/wp-json\/wp\/v2\/types\/post"}],"author":[{"embeddable":true,"href":"https:\/\/www.imovirtual.com\/noticias\/wp-json\/wp\/v2\/users\/3"}],"replies":[{"embeddable":true,"href":"https:\/\/www.imovirtual.com\/noticias\/wp-json\/wp\/v2\/comments?post=778"}],"version-history":[{"count":0,"href":"https:\/\/www.imovirtual.com\/noticias\/wp-json\/wp\/v2\/posts\/778\/revisions"}],"wp:featuredmedia":[{"embeddable":true,"href":"https:\/\/www.imovirtual.com\/noticias\/wp-json\/wp\/v2\/media\/779"}],"wp:attachment":[{"href":"https:\/\/www.imovirtual.com\/noticias\/wp-json\/wp\/v2\/media?parent=778"}],"wp:term":[{"taxonomy":"category","embeddable":true,"href":"https:\/\/www.imovirtual.com\/noticias\/wp-json\/wp\/v2\/categories?post=778"},{"taxonomy":"post_tag","embeddable":true,"href":"https:\/\/www.imovirtual.com\/noticias\/wp-json\/wp\/v2\/tags?post=778"}],"curies":[{"name":"wp","href":"https:\/\/api.w.org\/{rel}","templated":true}]}}