{"id":759,"date":"2022-02-03T00:00:00","date_gmt":"2022-02-03T00:00:00","guid":{"rendered":"https:\/\/www.imovirtual.com\/noticias2\/2022\/02\/03\/imosintese-noticias-020222\/"},"modified":"2022-02-03T00:00:00","modified_gmt":"2022-02-03T00:00:00","slug":"imosintese-noticias-020222","status":"publish","type":"post","link":"https:\/\/www.imovirtual.com\/noticias\/novidades\/imosintese-noticias-020222\/","title":{"rendered":"IMOS\u00cdNTESE &#8211; NOT\u00cdCIAS 02\/02"},"content":{"rendered":"<p class=\"css-8qfla4\">\n<p class=\"css-m5h6m0 edperro0\">\n<h2><strong>Em parceria com o Di\u00e1rio Imobili\u00e1rio, o Imovirtual apresenta diariamente um resumo notici\u00e1rio dos acontecimentos mais relevantes do dia. Fique a par das \u00faltimas novidades do Mercado Imobili\u00e1rio:<\/strong><\/h2>\n<\/p>\n<h1><strong>O Cristiano Ronaldo da media\u00e7\u00e3o imobili\u00e1ria chama-se Daniel Henriques<\/strong><\/h1>\n<p><strong>[Entrevista &#8211; Daniel Henriques] &#8211;<\/strong> Daniel Henriques consultor imobili\u00e1rio da D&amp;D Group da RE\/MAX Collection Siimgroup, foi o n\u00famero 1 a n\u00edvel mundial em 2021 da rede RE\/MAX Global.<\/p>\n<h3><strong>Saiba mais <a href=\"https:\/\/www.diarioimobiliario.pt\/Entrevistas\/O-Cristiano-Ronaldo-da-mediacao-imobiliaria-chama-se-Daniel-Henriques\" target=\"_blank\" rel=\"noopener\">aqui<\/a><\/strong><\/h3>\n<\/p>\n<h1><strong>Promotores imobili\u00e1rios temem abrandamento nas vendas por dificuldades no licenciamento<\/strong><\/h1>\n<p>Os promotores imobili\u00e1rios est\u00e3o menos optimistas quanto ao futuro do&nbsp;mercado residencial, temendo um abrandamento nas vendas.<\/p>\n<h3><strong>Saiba mais <a href=\"https:\/\/www.diarioimobiliario.pt\/Actualidade\/Promotores-imobiliarios-temem-abrandamento-nas-vendas-por-dificuldades-no-licenciamento\" target=\"_blank\" rel=\"noopener\">aqui<\/a><\/strong><\/h3>\n<\/p>\n<h1><strong>Cr\u00e9dito \u00e0 habita\u00e7\u00e3o no Santander atingiu 21,9 mil milh\u00f5es de euros em 2021, mais 6% face ao ano anterior<\/strong><\/h1>\n<p>Na apresenta\u00e7\u00e3o dos resultados de 2021, o banco Santander revela que o&nbsp;cr\u00e9dito \u00e0 habita\u00e7\u00e3o atingiu 21,9 mil milh\u00f5es de euros, o que representa uma subida de 6,0% em termos hom\u00f3logos.<\/p>\n<h3><strong>Saiba mais <a href=\"https:\/\/www.diarioimobiliario.pt\/Habitacao\/Credito-a-habitacao-no-Santander-atingiu-21-9-mil-milhoes-de-euros-em-2021-mais-6-face-ao-ano-anterior\" target=\"_blank\" rel=\"noopener\">aqui<\/a><\/strong><\/h3>\n<\/p>\n<h1><strong>Edtion Prestige nasce na primeira linha de mar em Sesimbra<\/strong><\/h1>\n<p>Com um total de 27 apartamento, o Edition Prestige surge pelas m\u00e3os do promotor&nbsp;Atlanticessence mesmo em frente \u00e0 Praia do Ouro, em Sesimbra. O projecto arquitect\u00f3nico \u00e9 da autoria do&nbsp;Atelier Enter Arquitectura e a comercializa\u00e7\u00e3o a cargo da&nbsp;RE\/MAX Collection Siimgroup, em regime de exclusividade.<\/p>\n<h3><strong>Saiba mais <a href=\"https:\/\/www.diarioimobiliario.pt\/Habitacao\/Edtion-Prestige-nasce-na-primeira-linha-de-mar-em-Sesimbra\" target=\"_blank\" rel=\"noopener\">aqui<\/a><\/strong><\/h3>\n<\/p>\n<h1><strong>ESAI lan\u00e7a 25\u00aa edi\u00e7\u00e3o do MBA em Avalia\u00e7\u00e3o Imobili\u00e1ria<\/strong><\/h1>\n<p>A ESAI &#8211; Escola Superior de Actividades Imobili\u00e1rias acaba de anunciar a organiza\u00e7\u00e3o de mais uma edi\u00e7\u00e3o do MBA em Avalia\u00e7\u00e3o Imobili\u00e1ria, com in\u00edcio marcado para 19 de Mar\u00e7o de 2022.<\/p>\n<h3><strong>Saiba mais <a href=\"https:\/\/www.diarioimobiliario.pt\/Actualidade\/ESAI-lanca-25a-edicao-do-MBA-em-Avaliacao-Imobiliaria\" target=\"_blank\" rel=\"noopener\">aqui<\/a><\/strong><\/h3>\n<\/p>\n<h3><strong>Leia as anteriores Imos\u00edntese:<\/strong><\/h3>\n<p>\ud83d\udc49<a href=\"https:\/\/www.imovirtual.com\/noticias\/noticias\/imosintese-noticias-010222\" target=\"_blank\" rel=\"noopener\"><strong>IMOS\u00cdNTESE &#8211; NOT\u00cdCIAS 01\/02<\/strong><\/a><\/p>\n<p>\ud83d\udc49<a href=\"https:\/\/www.imovirtual.com\/noticias\/noticias\/imosintese-noticias-3101\" target=\"_blank\" rel=\"noopener\"><strong>IMOS\u00cdNTESE &#8211; NOT\u00cdCIAS 31\/01<\/strong><\/a><\/p>\n<p>\ud83d\udc49<a href=\"https:\/\/www.imovirtual.com\/noticias\/noticias\/imosintese-noticias-280122\" target=\"_blank\" rel=\"noopener\"><strong>IMOS\u00cdNTESE &#8211; NOT\u00cdCIAS 28\/01<\/strong><\/a><\/p>\n<\/p>\n<div class=\"css-h5fkc8\"><strong>Ultima actualiza\u00e7\u00e3o:<\/strong> 03 fevereiro 2022<\/div>\n","protected":false},"excerpt":{"rendered":"<p>Em parceria com o Di\u00e1rio Imobili\u00e1rio, o Imovirtual apresenta diariamente um resumo notici\u00e1rio dos acontecimentos mais relevantes do dia. Fique a par das \u00faltimas novidades do Mercado Imobili\u00e1rio: O Cristiano Ronaldo da media\u00e7\u00e3o imobili\u00e1ria chama-se Daniel Henriques [Entrevista &#8211; Daniel Henriques] &#8211; Daniel Henriques consultor imobili\u00e1rio da D&amp;D Group da RE\/MAX Collection Siimgroup, foi o &hellip;<\/p>\n","protected":false},"author":3,"featured_media":100,"comment_status":"closed","ping_status":"open","sticky":false,"template":"","format":"standard","meta":{"footnotes":""},"categories":[4],"tags":[],"class_list":["post-759","post","type-post","status-publish","format-standard","has-post-thumbnail","hentry","category-novidades"],"_links":{"self":[{"href":"https:\/\/www.imovirtual.com\/noticias\/wp-json\/wp\/v2\/posts\/759","targetHints":{"allow":["GET"]}}],"collection":[{"href":"https:\/\/www.imovirtual.com\/noticias\/wp-json\/wp\/v2\/posts"}],"about":[{"href":"https:\/\/www.imovirtual.com\/noticias\/wp-json\/wp\/v2\/types\/post"}],"author":[{"embeddable":true,"href":"https:\/\/www.imovirtual.com\/noticias\/wp-json\/wp\/v2\/users\/3"}],"replies":[{"embeddable":true,"href":"https:\/\/www.imovirtual.com\/noticias\/wp-json\/wp\/v2\/comments?post=759"}],"version-history":[{"count":0,"href":"https:\/\/www.imovirtual.com\/noticias\/wp-json\/wp\/v2\/posts\/759\/revisions"}],"wp:featuredmedia":[{"embeddable":true,"href":"https:\/\/www.imovirtual.com\/noticias\/wp-json\/wp\/v2\/media\/100"}],"wp:attachment":[{"href":"https:\/\/www.imovirtual.com\/noticias\/wp-json\/wp\/v2\/media?parent=759"}],"wp:term":[{"taxonomy":"category","embeddable":true,"href":"https:\/\/www.imovirtual.com\/noticias\/wp-json\/wp\/v2\/categories?post=759"},{"taxonomy":"post_tag","embeddable":true,"href":"https:\/\/www.imovirtual.com\/noticias\/wp-json\/wp\/v2\/tags?post=759"}],"curies":[{"name":"wp","href":"https:\/\/api.w.org\/{rel}","templated":true}]}}