{"id":758,"date":"2022-01-26T00:00:00","date_gmt":"2022-01-26T00:00:00","guid":{"rendered":"https:\/\/www.imovirtual.com\/noticias2\/2022\/01\/26\/imosintese-noticias-190122\/"},"modified":"2022-01-26T00:00:00","modified_gmt":"2022-01-26T00:00:00","slug":"imosintese-noticias-190122","status":"publish","type":"post","link":"https:\/\/www.imovirtual.com\/noticias\/novidades\/imosintese-noticias-190122\/","title":{"rendered":"IMOS\u00cdNTESE &#8211; NOT\u00cdCIAS 19\/01"},"content":{"rendered":"<p class=\"css-8qfla4\">\n<p class=\"css-m5h6m0 edperro0\">\n<h2><strong>Em parceria com o Di\u00e1rio Imobili\u00e1rio, o Imovirtual apresenta diariamente um resumo notici\u00e1rio dos acontecimentos mais relevantes do dia. Fique a par das \u00faltimas novidades do Mercado Imobili\u00e1rio:<\/strong><\/h2>\n<\/p>\n<h1><strong>Casa vanguardista em madeira na plan\u00edcie alentejana<\/strong><\/h1>\n<p>A madeira sustent\u00e1vel Kebony Clear \u00e9 uma das protagonistas da casa FdP, no Alto Alentejo, num projeto assinado pelo arquitecto Gon\u00e7alo Bonniz.<\/p>\n<h3><strong>Saiba mais <a href=\"https:\/\/www.diarioimobiliario.pt\/Espacos-de-Autor\/Casa-vanguardista-em-madeira-na-planicie-alentejana\" target=\"_blank\" rel=\"noopener\">aqui<\/a><\/strong><\/h3>\n<\/p>\n<h1><strong>Covilh\u00e3 vai receber o City Center<\/strong><\/h1>\n<p>Promovido pela Forumlar, e com arquitectura da Frontcity, o&nbsp;City Center Covilh\u00e3 ter\u00e1 uma \u00e1rea total de aproximadamente 18.000m2&nbsp;e 14 lojas, estando a comercializa\u00e7\u00e3o&nbsp;a cargo da CBRE.<\/p>\n<h3><strong>Saiba mais <a href=\"https:\/\/www.diarioimobiliario.pt\/Actualidade\/Covilha-vai-receber-o-City-Center\" target=\"_blank\" rel=\"noopener\">aqui<\/a><\/strong><\/h3>\n<\/p>\n<h1><strong>Ex-presidente franc\u00eas Fran\u00e7ois Hollande vai abrir o maior evento imobili\u00e1rio do mundo<\/strong><\/h1>\n<p>O MIPIM, o maior evento imobili\u00e1rio internacional do mundo, que se vai realizar de 15 a 18 de Mar\u00e7o em Cannes, Fran\u00e7a, vai ter Fran\u00e7ois Hollande, o presidente franc\u00eas de 2012-2017, na abertura do evento.<\/p>\n<h3><strong>Saiba mais <a href=\"https:\/\/www.diarioimobiliario.pt\/Actualidade\/Internacional\/Ex-presidente-frances-Francois-Hollande-vai-abrir-o-maior-evento-imobiliario-do-mundo\" target=\"_blank\" rel=\"noopener\">aqui<\/a><\/strong><\/h3>\n<\/p>\n<h1><strong>Cr\u00e9dito \u00e0 habita\u00e7\u00e3o: No fim de 2021 a taxa de juro desceu para 0,801%<\/strong><\/h1>\n<p>A taxa de juro no \u00e2mbito do cr\u00e9dito \u00e0 habita\u00e7\u00e3o desceu em Dezembro de 2021, para 0,801%, o capital em d\u00edvida e a presta\u00e7\u00e3o mensal fixaram-se em 58 207 euros e 253 euros, revela hoje o INE &#8211; Instituto Nacional de Estat\u00edstica.<\/p>\n<h3><strong>Saiba mais <a href=\"https:\/\/www.diarioimobiliario.pt\/Habitacao\/Credito-a-habitacao-No-fim-de-2021-a-taxa-de-juro-desceu-para-0-801\" target=\"_blank\" rel=\"noopener\">aqui<\/a><\/strong><\/h3>\n<\/p>\n<h1><strong>Q19 &#8211; The most natural view \u00e9 o novo projeto da Quinta de Cravel promovido pela Teixeira Duarte<\/strong><\/h1>\n<p>O novo edif\u00edcio Q19 &#8211; The most natural view da Quinta de Cravel, em Vila Nova de Gaia \u00e9&nbsp;promovido e constru\u00eddo pela Teixeira Duarte. O&nbsp;projecto \u00e9 composto por 50 apartamentos.<\/p>\n<h3><strong>Saiba mais <a href=\"https:\/\/www.diarioimobiliario.pt\/Habitacao\/Q19-The-most-natural-view-e-o-novo-projeto-da-Quinta-de-Cravel-promovido-pela-Teixeira-Duarte\" target=\"_blank\" rel=\"noopener\">aqui<\/a><\/strong><\/h3>\n<\/p>\n<h3><strong>Leia as anteriores Imos\u00edntese:<\/strong><\/h3>\n<p>\ud83d\udc49<a href=\"https:\/\/www.imovirtual.com\/noticias\/noticias\/imosintese-noticias-180122\" target=\"_blank\" rel=\"noopener\"><strong>IMOS\u00cdNTESE &#8211; NOT\u00cdCIAS 18\/01<\/strong><\/a><\/p>\n<p>\ud83d\udc49<a href=\"https:\/\/www.imovirtual.com\/noticias\/noticias\/imosintese-noticias-140122\" target=\"_blank\" rel=\"noopener\"><strong>IMOS\u00cdNTESE &#8211; NOT\u00cdCIAS 14\/01<\/strong><\/a><\/p>\n<p>\ud83d\udc49<a href=\"https:\/\/www.imovirtual.com\/noticias\/noticias\/imosintese-noticias-130122\" target=\"_blank\" rel=\"noopener\"><strong>IMOS\u00cdNTESE &#8211; NOT\u00cdCIAS 13\/01<\/strong><\/a><\/p>\n<\/p>\n<div class=\"css-h5fkc8\"><strong>Ultima actualiza\u00e7\u00e3o:<\/strong> 26 janeiro 2022<\/div>\n","protected":false},"excerpt":{"rendered":"<p>Em parceria com o Di\u00e1rio Imobili\u00e1rio, o Imovirtual apresenta diariamente um resumo notici\u00e1rio dos acontecimentos mais relevantes do dia. Fique a par das \u00faltimas novidades do Mercado Imobili\u00e1rio: Casa vanguardista em madeira na plan\u00edcie alentejana A madeira sustent\u00e1vel Kebony Clear \u00e9 uma das protagonistas da casa FdP, no Alto Alentejo, num projeto assinado pelo arquitecto &hellip;<\/p>\n","protected":false},"author":3,"featured_media":100,"comment_status":"closed","ping_status":"open","sticky":false,"template":"","format":"standard","meta":{"footnotes":""},"categories":[4],"tags":[],"class_list":["post-758","post","type-post","status-publish","format-standard","has-post-thumbnail","hentry","category-novidades"],"_links":{"self":[{"href":"https:\/\/www.imovirtual.com\/noticias\/wp-json\/wp\/v2\/posts\/758","targetHints":{"allow":["GET"]}}],"collection":[{"href":"https:\/\/www.imovirtual.com\/noticias\/wp-json\/wp\/v2\/posts"}],"about":[{"href":"https:\/\/www.imovirtual.com\/noticias\/wp-json\/wp\/v2\/types\/post"}],"author":[{"embeddable":true,"href":"https:\/\/www.imovirtual.com\/noticias\/wp-json\/wp\/v2\/users\/3"}],"replies":[{"embeddable":true,"href":"https:\/\/www.imovirtual.com\/noticias\/wp-json\/wp\/v2\/comments?post=758"}],"version-history":[{"count":0,"href":"https:\/\/www.imovirtual.com\/noticias\/wp-json\/wp\/v2\/posts\/758\/revisions"}],"wp:featuredmedia":[{"embeddable":true,"href":"https:\/\/www.imovirtual.com\/noticias\/wp-json\/wp\/v2\/media\/100"}],"wp:attachment":[{"href":"https:\/\/www.imovirtual.com\/noticias\/wp-json\/wp\/v2\/media?parent=758"}],"wp:term":[{"taxonomy":"category","embeddable":true,"href":"https:\/\/www.imovirtual.com\/noticias\/wp-json\/wp\/v2\/categories?post=758"},{"taxonomy":"post_tag","embeddable":true,"href":"https:\/\/www.imovirtual.com\/noticias\/wp-json\/wp\/v2\/tags?post=758"}],"curies":[{"name":"wp","href":"https:\/\/api.w.org\/{rel}","templated":true}]}}