{"id":754,"date":"2022-02-02T00:00:00","date_gmt":"2022-02-02T00:00:00","guid":{"rendered":"https:\/\/www.imovirtual.com\/noticias2\/2022\/02\/02\/preco-casas-lisboa-ine\/"},"modified":"2024-09-02T14:55:42","modified_gmt":"2024-09-02T14:55:42","slug":"preco-casas-lisboa-ine","status":"publish","type":"post","link":"https:\/\/www.imovirtual.com\/noticias\/novidades\/preco-casas-lisboa-ine\/","title":{"rendered":"INE: Pre\u00e7o das casas aceleram significativamente em Lisboa"},"content":{"rendered":"<p class=\"css-8qfla4\">\n<p class=\"css-m5h6m0 edperro0\">\n<h1><strong>Pre\u00e7o das casas aceleram significativamente em Lisboa<\/strong><\/h1>\n<p>De acordo com os dados do <strong><a href=\"https:\/\/www.ine.pt\/xportal\/xmain?xpid=INE&amp;xpgid=ine_destaques&amp;DESTAQUESdest_boui=472940291&amp;DESTAQUESmodo=2\" target=\"_blank\" rel=\"noopener\">Instituto Nacional de Estat\u00edstica<\/a> (INE)<\/strong> divulgados pelo <a href=\"https:\/\/www.noticiasaominuto.com\/casa\/1923863\/preos-das-casas-com-acelerao-significativa-em-lisboa-e-no-pas\" target=\"_blank\" rel=\"noopener\"><strong>Not\u00edcias ao Minuto<\/strong><\/a>, o terceiro trimestre do ano passado registou uma <strong>&#8220;acelera\u00e7\u00e3o significativa&#8221; dos pre\u00e7os das casas em Lisboa<\/strong>. Da mesma forma, registou-se um aumento de <strong>1.311 euros por metro quadrado<\/strong>(\u20ac\/m2) no que respeita ao<strong> pre\u00e7o mediano de alojamentos familiares<\/strong>. O relat\u00f3rio do INE refere que &#8220;No 3.\u00ba trimestre de 2021, o pre\u00e7o mediano de alojamentos familiares em Portugal foi 1.311 \u20ac\/m2, representando uma taxa de varia\u00e7\u00e3o hom\u00f3loga de +12,2% (+6,8% no trimestre anterior)&#8221;. <\/p>\n<p>Esta acelera\u00e7\u00e3o foi registada em 20 das 25 sub-regi\u00f5es NUTS III onde se incluem &#8220;duas das quatro sub-regi\u00f5es com pre\u00e7os medianos da habita\u00e7\u00e3o superiores ao do pa\u00eds: <strong>Algarve <\/strong>(+10,1 p.p.) e <strong>\u00c1rea Metropolitana de Lisboa <\/strong>(+0,8 p.p.)&#8221;, refere o INE.<\/p>\n<p>Ainda relativamente ao mesmo per\u00edodo, a an\u00e1lise revelou que oito dos 11 munic\u00edpios com mais de 100 mil habitantes da \u00c1rea Metropolitana de Lisboa viram ser aumentada a sua varia\u00e7\u00e3o hom\u00f3loga dos pre\u00e7os. Esta subida foi particularmente<strong> superior \u00e0 m\u00e9dia nacional <\/strong>(+5,4 p.p.) nos concelhos de Lisboa (+11,4 p.p.) e Amadora (+6,0 p.p.).&nbsp;&#8220;Note-se que <strong>Lisboa tinha sido o \u00fanico munic\u00edpio com mais de 100 mil habitantes a registar uma taxa de varia\u00e7\u00e3o hom\u00f3loga negativa no 1.\u00ba trimestre de 2021<\/strong> ( 7,9%), no 2\u00ba trimestre esta taxa aumentou para +1,4% e no per\u00edodo em an\u00e1lise para +12,8%, acima da varia\u00e7\u00e3o do pa\u00eds (+12,2%)&#8221;, l\u00ea-se no comunicado.<\/p>\n<p>O<strong> pre\u00e7o mediano de alojamentos familiares em Lisboa foi 3.592 \u20ac\/m2<\/strong>, foi superior ao do 1.\u00ba trimestre de 2020 (3.536 \u20ac\/m2), tendo este \u00faltimo sido o mais elevado desde o in\u00edcio da s\u00e9rie.<\/p>\n<p>Na <strong>\u00c1rea Metropolitana do Porto<\/strong>, apenas os munic\u00edpios de Santa Maria da Feira (+3,6 p.p.) e Gondomar (+0,7 p.p.) registaram aumento da taxa de varia\u00e7\u00e3o hom\u00f3loga, ambas inferiores ao aumento nacional, afirma o INE.<\/p>\n<\/p>\n<p class=\" block-img\"><img decoding=\"async\" src=\"https:\/\/www.imovirtual.com\/noticias\/wp-content\/uploads\/2022\/11\/3c23b667-0a08-4ca1-abcb-74566be5c538_Copia-de-Banners-Autores-2.png\" alt=\"Alexandre Lu\u00eds Autor Imovirtual\"><\/p>\n<h5><em>Tamb\u00e9m conhecido como &#8216;O Consultor&#8217;. Pode encontr\u00e1-lo a consultar o \u00faltimo estudo de mercado. N\u00e3o tem talento para vender, mas sabe tudo sobre Imobili\u00e1rio. Fala sobre quest\u00f5es relacionadas com o tema no Blog do Imovirtual.<\/em><\/h5>\n<\/p>\n<h4><strong>Leia tamb\u00e9m<\/strong><\/h4>\n<ul>\n<li><a href=\"https:\/\/www.imovirtual.com\/noticias\/noticias\/sonae-sierra-obrigacoes-sustentaveis\" target=\"_blank\" rel=\"noopener\"><strong>Sonae Sierra<\/strong><\/a>&nbsp;emite obriga\u00e7\u00f5es sustent\u00e1veis no valor de 50 milh\u00f5es de euros<\/li>\n<li><a href=\"https:\/\/www.imovirtual.com\/noticias\/noticias\/preco-das-casas-2021\" target=\"_blank\" rel=\"noopener\"><strong>Pre\u00e7o das casas<\/strong><\/a> sobe 11,7% em Lisboa e 10,3% no Porto<\/li>\n<li><a href=\"https:\/\/www.imovirtual.com\/noticias\/noticias\/as-datas-que-vao-marcar-o-processo-de-entrega-do-irs\" target=\"_blank\" rel=\"noopener\"><strong>IRS 2021<\/strong><\/a>: as datas que deve marcar no seu calend\u00e1rio<\/li>\n<\/ul>\n<\/p>\n<div class=\"css-h5fkc8\"><strong>Ultima actualiza\u00e7\u00e3o:<\/strong> 02 fevereiro 2022<\/div>\n","protected":false},"excerpt":{"rendered":"<p>Pre\u00e7o das casas aceleram significativamente em Lisboa De acordo com os dados do Instituto Nacional de Estat\u00edstica (INE) divulgados pelo Not\u00edcias ao Minuto, o terceiro trimestre do ano passado registou uma &#8220;acelera\u00e7\u00e3o significativa&#8221; dos pre\u00e7os das casas em Lisboa. Da mesma forma, registou-se um aumento de 1.311 euros por metro quadrado(\u20ac\/m2) no que respeita ao &hellip;<\/p>\n","protected":false},"author":3,"featured_media":755,"comment_status":"closed","ping_status":"open","sticky":false,"template":"","format":"standard","meta":{"footnotes":""},"categories":[4,36],"tags":[],"class_list":["post-754","post","type-post","status-publish","format-standard","has-post-thumbnail","hentry","category-novidades","category-profissionais"],"_links":{"self":[{"href":"https:\/\/www.imovirtual.com\/noticias\/wp-json\/wp\/v2\/posts\/754","targetHints":{"allow":["GET"]}}],"collection":[{"href":"https:\/\/www.imovirtual.com\/noticias\/wp-json\/wp\/v2\/posts"}],"about":[{"href":"https:\/\/www.imovirtual.com\/noticias\/wp-json\/wp\/v2\/types\/post"}],"author":[{"embeddable":true,"href":"https:\/\/www.imovirtual.com\/noticias\/wp-json\/wp\/v2\/users\/3"}],"replies":[{"embeddable":true,"href":"https:\/\/www.imovirtual.com\/noticias\/wp-json\/wp\/v2\/comments?post=754"}],"version-history":[{"count":0,"href":"https:\/\/www.imovirtual.com\/noticias\/wp-json\/wp\/v2\/posts\/754\/revisions"}],"wp:featuredmedia":[{"embeddable":true,"href":"https:\/\/www.imovirtual.com\/noticias\/wp-json\/wp\/v2\/media\/755"}],"wp:attachment":[{"href":"https:\/\/www.imovirtual.com\/noticias\/wp-json\/wp\/v2\/media?parent=754"}],"wp:term":[{"taxonomy":"category","embeddable":true,"href":"https:\/\/www.imovirtual.com\/noticias\/wp-json\/wp\/v2\/categories?post=754"},{"taxonomy":"post_tag","embeddable":true,"href":"https:\/\/www.imovirtual.com\/noticias\/wp-json\/wp\/v2\/tags?post=754"}],"curies":[{"name":"wp","href":"https:\/\/api.w.org\/{rel}","templated":true}]}}