{"id":753,"date":"2022-02-01T00:00:00","date_gmt":"2022-02-01T00:00:00","guid":{"rendered":"https:\/\/www.imovirtual.com\/noticias2\/2022\/02\/01\/imosintese-noticias-3101\/"},"modified":"2022-02-01T00:00:00","modified_gmt":"2022-02-01T00:00:00","slug":"imosintese-noticias-3101","status":"publish","type":"post","link":"https:\/\/www.imovirtual.com\/noticias\/novidades\/imosintese-noticias-3101\/","title":{"rendered":"IMOS\u00cdNTESE &#8211; NOT\u00cdCIAS 31\/01"},"content":{"rendered":"<p class=\"css-8qfla4\">\n<p class=\"css-m5h6m0 edperro0\">\n<h2><strong>Em parceria com o Di\u00e1rio Imobili\u00e1rio, o Imovirtual apresenta diariamente um resumo notici\u00e1rio dos acontecimentos mais relevantes do dia. Fique a par das \u00faltimas novidades do Mercado Imobili\u00e1rio:<\/strong><\/h2>\n<\/p>\n<h1><strong>Pre\u00e7o m\u00e9dio de Venda e Arrendamento estabiliza em Janeiro \u2013 Diz estudo da Imovirtual<\/strong><\/h1>\n<p>O valor m\u00e9dio de venda em Janeiro n\u00e3o se alterou em rela\u00e7\u00e3o a Dezembro, mas est\u00e1 acima do pre\u00e7o verificado em quase todos os meses de 2021. Arrendamento tamb\u00e9m estabiliza em Janeiro face ao m\u00eas anterior (-1,9%).<\/p>\n<h3><strong>Saiba mais <a href=\"https:\/\/www.diarioimobiliario.pt\/Habitacao\/Preco-medio-de-Venda-e-Arrendamento-estabiliza-em-Janeiro-Diz-estudo-da-Imovirtual\" target=\"_blank\" rel=\"noopener\">aqui<\/a><\/strong><\/h3>\n<\/p>\n<h1><strong>Century 21 Ib\u00e9ria acaba de renovar os contratos de master franchise para Portugal e Espanha at\u00e9 2054<\/strong><\/h1>\n<p>A administra\u00e7\u00e3o da Century 21 Ib\u00e9ria acaba de renovar os contratos de master franchise para Portugal e Espanha por mais 33 anos e assegurar a concess\u00e3o da marca at\u00e9 2054, em ambos os pa\u00edses.<\/p>\n<h3><strong>Saiba mais <a href=\"https:\/\/www.diarioimobiliario.pt\/Actualidade\/Century-21-Iberia-acaba-de-renovar-os-contratos-de-master-franchise-para-Portugal-e-Espanha-ate-2054\" target=\"_blank\" rel=\"noopener\">aqui<\/a><\/strong><\/h3>\n<\/p>\n<h1><strong>Condom\u00ednios Vila Ant\u00f3nia e Nova Rio s\u00e3o sucesso de vendas<\/strong><\/h1>\n<p>O Grupo Omega vendeu j\u00e1 90% dos apartamentos do condom\u00ednio \u201cVila Ant\u00f3nia\u201d na Foz Velha no Porto e o Nova Rio que&nbsp;ter\u00e1 16 apartamentos, dispon\u00edveis para habitar em Fevereiro, conta j\u00e1 com 70% dos apartamentos vendidos.<\/p>\n<h3><strong>Saiba mais <a href=\"https:\/\/www.diarioimobiliario.pt\/Habitacao\/Condominios-Vila-Antonia-e-Nova-Rio-sao-sucesso-de-vendas\" target=\"_blank\" rel=\"noopener\">aqui<\/a><\/strong><\/h3>\n<\/p>\n<h1><strong>Entra em campo o novo S\u00f3cio da UNE Im\u00f3veis em Rede<\/strong><\/h1>\n<p>\u00c9 de conhecimento geral que investir no mercado imobili\u00e1rio \u00e9 hoje sem d\u00favida a melhor alternativa para aqueles que pretendem a melhor rentabilidade das suas poupan\u00e7as a longo prazo. No entanto n\u00e3o basta ter s\u00f3 o capital necess\u00e1rio, mas sim um vasto conhecimento de como o mercado funciona e de suas din\u00e2micas para a realiza\u00e7\u00e3o de bons neg\u00f3cios.<\/p>\n<h3><strong>Saiba mais <a href=\"https:\/\/www.diarioimobiliario.pt\/Actualidade\/Branded-Content\/Entra-em-campo-o-novo-Socio-da-UNE-Imoveis-em-Rede\" target=\"_blank\" rel=\"noopener\">aqui<\/a><\/strong><\/h3>\n<\/p>\n<h1><strong>Vector Mais fecha 2021 com factura\u00e7\u00e3o recorde de 39 milh\u00f5es de euros<\/strong><\/h1>\n<p>&nbsp;No ano em que finalizou obras como a reabilita\u00e7\u00e3o do Hotel Ritz Four Seasons, o campus da Nestl\u00e9 e 90% da sede da Cofidis, a Vector Mais&nbsp;&nbsp;fecha 2021 com factura\u00e7\u00e3o recorde de 39 milh\u00f5es de euros. e um crescimento de 34% em rela\u00e7\u00e3o ao ano anterior, per\u00edodo em que facturou 29 milh\u00f5es de euros.<\/p>\n<h3><strong>Saiba mais <a href=\"https:\/\/www.diarioimobiliario.pt\/Actualidade\/Vector-Mais-fecha-2021-com-facturacao-recorde-de-39-milhoes-de-euros\" target=\"_blank\" rel=\"noopener\">aqui<\/a><\/strong><\/h3>\n<\/p>\n<h3><strong>Leia as anteriores Imos\u00edntese:<\/strong><\/h3>\n<p>\ud83d\udc49<a href=\"https:\/\/www.imovirtual.com\/noticias\/noticias\/imosintese-noticias-280122\" target=\"_blank\" rel=\"noopener\"><strong>IMOS\u00cdNTESE &#8211; NOT\u00cdCIAS 28\/01<\/strong><\/a><\/p>\n<p>\ud83d\udc49<a href=\"https:\/\/www.imovirtual.com\/noticias\/noticias\/imosintese-noticias-270122\" target=\"_blank\" rel=\"noopener\"><strong>IMOS\u00cdNTESE &#8211; NOT\u00cdCIAS 27\/01<\/strong><\/a><\/p>\n<p>\ud83d\udc49<a href=\"https:\/\/www.imovirtual.com\/noticias\/noticias\/imosintese-noticias-260122\" target=\"_blank\" rel=\"noopener\"><strong>IMOS\u00cdNTESE &#8211; NOT\u00cdCIAS 26\/01<\/strong><\/a><\/p>\n<\/p>\n<div class=\"css-h5fkc8\"><strong>Ultima actualiza\u00e7\u00e3o:<\/strong> 01 fevereiro 2022<\/div>\n","protected":false},"excerpt":{"rendered":"<p>Em parceria com o Di\u00e1rio Imobili\u00e1rio, o Imovirtual apresenta diariamente um resumo notici\u00e1rio dos acontecimentos mais relevantes do dia. Fique a par das \u00faltimas novidades do Mercado Imobili\u00e1rio: Pre\u00e7o m\u00e9dio de Venda e Arrendamento estabiliza em Janeiro \u2013 Diz estudo da Imovirtual O valor m\u00e9dio de venda em Janeiro n\u00e3o se alterou em rela\u00e7\u00e3o a &hellip;<\/p>\n","protected":false},"author":3,"featured_media":100,"comment_status":"closed","ping_status":"open","sticky":false,"template":"","format":"standard","meta":{"footnotes":""},"categories":[4],"tags":[],"class_list":["post-753","post","type-post","status-publish","format-standard","has-post-thumbnail","hentry","category-novidades"],"_links":{"self":[{"href":"https:\/\/www.imovirtual.com\/noticias\/wp-json\/wp\/v2\/posts\/753","targetHints":{"allow":["GET"]}}],"collection":[{"href":"https:\/\/www.imovirtual.com\/noticias\/wp-json\/wp\/v2\/posts"}],"about":[{"href":"https:\/\/www.imovirtual.com\/noticias\/wp-json\/wp\/v2\/types\/post"}],"author":[{"embeddable":true,"href":"https:\/\/www.imovirtual.com\/noticias\/wp-json\/wp\/v2\/users\/3"}],"replies":[{"embeddable":true,"href":"https:\/\/www.imovirtual.com\/noticias\/wp-json\/wp\/v2\/comments?post=753"}],"version-history":[{"count":0,"href":"https:\/\/www.imovirtual.com\/noticias\/wp-json\/wp\/v2\/posts\/753\/revisions"}],"wp:featuredmedia":[{"embeddable":true,"href":"https:\/\/www.imovirtual.com\/noticias\/wp-json\/wp\/v2\/media\/100"}],"wp:attachment":[{"href":"https:\/\/www.imovirtual.com\/noticias\/wp-json\/wp\/v2\/media?parent=753"}],"wp:term":[{"taxonomy":"category","embeddable":true,"href":"https:\/\/www.imovirtual.com\/noticias\/wp-json\/wp\/v2\/categories?post=753"},{"taxonomy":"post_tag","embeddable":true,"href":"https:\/\/www.imovirtual.com\/noticias\/wp-json\/wp\/v2\/tags?post=753"}],"curies":[{"name":"wp","href":"https:\/\/api.w.org\/{rel}","templated":true}]}}