{"id":752,"date":"2022-01-26T00:00:00","date_gmt":"2022-01-26T00:00:00","guid":{"rendered":"https:\/\/www.imovirtual.com\/noticias2\/2022\/01\/26\/imosintese-noticias-200122\/"},"modified":"2022-01-26T00:00:00","modified_gmt":"2022-01-26T00:00:00","slug":"imosintese-noticias-200122","status":"publish","type":"post","link":"https:\/\/www.imovirtual.com\/noticias\/novidades\/imosintese-noticias-200122\/","title":{"rendered":"IMOS\u00cdNTESE &#8211; NOT\u00cdCIAS 20\/01"},"content":{"rendered":"<p class=\"css-8qfla4\">\n<p class=\"css-m5h6m0 edperro0\">\n<h2><strong>Em parceria com o Di\u00e1rio Imobili\u00e1rio, o Imovirtual apresenta diariamente um resumo notici\u00e1rio dos acontecimentos mais relevantes do dia. Fique a par das \u00faltimas novidades do Mercado Imobili\u00e1rio:<\/strong><\/h2>\n<\/p>\n<h1><strong>AM48 reabilita propriedade de 47 ha no Algarve e tem novos projectos em Lisboa e Aveiro<\/strong><\/h1>\n<p><strong>[Entrevista &#8211; Alejandro Martins]<\/strong> &#8211; Alejandro Martins, CEO da AM48, &#8211; um dos promotores de refer\u00eancia no mercado \u201cprime\u201d habitacional de Lisboa &#8211; refere ao DI que apesar da \u201cpandemia, os investidores nacionais e internacionais n\u00e3o perderam interesse e as opera\u00e7\u00f5es de venda, embora mais demoradas, t\u00eam sido conclu\u00eddas com \u00eaxito\u201d.<\/p>\n<h3><strong>Saiba mais <a href=\"https:\/\/www.diarioimobiliario.pt\/Entrevistas\/AM48-reabilita-propriedade-de-47-ha-no-Algarve-e-tem-novos-projectos-em-Lisboa-e-Aveiro\" target=\"_blank\" rel=\"noopener\">aqui<\/a><\/strong><\/h3>\n<\/p>\n<h1><strong>APEMIP terminou o ano de 2021 com 128 novos associados<\/strong><\/h1>\n<p>Entre o per\u00edodo de Janeiro a Novembro de 2021, a APEMIP conquistou 128 novos associados. Em compara\u00e7\u00e3o com o m\u00eas de Novembro de 2020, em 2021 obteve um crescimento de 75%.<\/p>\n<h3><strong>Saiba mais <a href=\"https:\/\/www.diarioimobiliario.pt\/Actualidade\/APEMIP-terminou-o-ano-de-2021-com-128-novos-associados\" target=\"_blank\" rel=\"noopener\">aqui<\/a><\/strong><\/h3>\n<\/p>\n<h1><strong>Quebra de 27%na procura de casa para passar Natal e passagem de ano<\/strong><\/h1>\n<p>A procura de casa no per\u00edodo de F\u00e9rias de Natal e Passagem de Ano de 2021, caiu 27% em compara\u00e7\u00e3o com os dois anos anteriores, incluindo o pr\u00e9-pandemia.&nbsp;De acordo com um estudo da plataforma&nbsp;<a href=\"https:\/\/www.imovirtual.com\/\" target=\"_blank\" rel=\"noopener\">Imovirtual<\/a>, verifica-se que no ano passado, face a 2020, h\u00e1 um decr\u00e9scimo de -27% na procura e, face a 2019, a diferen\u00e7a \u00e9 de -30%.<\/p>\n<h3><strong>Saiba mais <a href=\"https:\/\/www.diarioimobiliario.pt\/Actualidade\/Quebra-de-27-na-procura-de-casa-para-passar-Natal-e-passagem-de-ano\" target=\"_blank\" rel=\"noopener\">aqui<\/a><\/strong><\/h3>\n<\/p>\n<h1><strong>Almalusa estreia-se na Comporta<\/strong><\/h1>\n<p>Composto por um hotel com 22 quartos e 31 apartamentos, o o Almalusa Comporta chega ao mercado pela m\u00e3o de investidores internacionais, estando&nbsp;localizado em pleno centro da aldeia da Comporta.&nbsp;<\/p>\n<h3><strong>Saiba mais <a href=\"https:\/\/www.diarioimobiliario.pt\/Turismo\/Almalusa-estreia-se-na-Comporta\" target=\"_blank\" rel=\"noopener\">aqui<\/a><\/strong><\/h3>\n<\/p>\n<h1><strong>J\u00e1 s\u00e3o conhecidos os finalistas dos \u00d3scares do imobili\u00e1rio de 2022<\/strong><\/h1>\n<p>O Pr\u00e9mio Nacional do Imobili\u00e1rio 2022, conhecido como os \u00b4\u00d3scares&#8217; do sector,&nbsp;apresenta os projectos finalistas nas diversas categorias do Pr\u00e9mio.<\/p>\n<h3><strong>Saiba mais <a href=\"https:\/\/www.diarioimobiliario.pt\/Actualidade\/Ja-sao-conhecidos-os-finalistas-dos-Oscares-do-imobiliario-de-2022\" target=\"_blank\" rel=\"noopener\">aqui<\/a><\/strong><\/h3>\n<\/p>\n<h3><strong>Leia as anteriores Imos\u00edntese:<\/strong><\/h3>\n<p>\ud83d\udc49<a href=\"https:\/\/www.imovirtual.com\/noticias\/noticias\/imosintese-noticias-190122\" target=\"_blank\" rel=\"noopener\"><strong>IMOS\u00cdNTESE &#8211; NOT\u00cdCIAS 19\/01<\/strong><\/a><\/p>\n<p>\ud83d\udc49<a href=\"https:\/\/www.imovirtual.com\/noticias\/noticias\/imosintese-noticias-180122\" target=\"_blank\" rel=\"noopener\"><strong>IMOS\u00cdNTESE &#8211; NOT\u00cdCIAS 18\/01<\/strong><\/a><\/p>\n<p>\ud83d\udc49<a href=\"https:\/\/www.imovirtual.com\/noticias\/noticias\/imosintese-noticias-140122\" target=\"_blank\" rel=\"noopener\"><strong>IMOS\u00cdNTESE &#8211; NOT\u00cdCIAS 14\/01<\/strong><\/a><\/p>\n<\/p>\n<div class=\"css-h5fkc8\"><strong>Ultima actualiza\u00e7\u00e3o:<\/strong> 26 janeiro 2022<\/div>\n","protected":false},"excerpt":{"rendered":"<p>Em parceria com o Di\u00e1rio Imobili\u00e1rio, o Imovirtual apresenta diariamente um resumo notici\u00e1rio dos acontecimentos mais relevantes do dia. Fique a par das \u00faltimas novidades do Mercado Imobili\u00e1rio: AM48 reabilita propriedade de 47 ha no Algarve e tem novos projectos em Lisboa e Aveiro [Entrevista &#8211; Alejandro Martins] &#8211; Alejandro Martins, CEO da AM48, &#8211; &hellip;<\/p>\n","protected":false},"author":3,"featured_media":100,"comment_status":"closed","ping_status":"open","sticky":false,"template":"","format":"standard","meta":{"footnotes":""},"categories":[4],"tags":[],"class_list":["post-752","post","type-post","status-publish","format-standard","has-post-thumbnail","hentry","category-novidades"],"_links":{"self":[{"href":"https:\/\/www.imovirtual.com\/noticias\/wp-json\/wp\/v2\/posts\/752","targetHints":{"allow":["GET"]}}],"collection":[{"href":"https:\/\/www.imovirtual.com\/noticias\/wp-json\/wp\/v2\/posts"}],"about":[{"href":"https:\/\/www.imovirtual.com\/noticias\/wp-json\/wp\/v2\/types\/post"}],"author":[{"embeddable":true,"href":"https:\/\/www.imovirtual.com\/noticias\/wp-json\/wp\/v2\/users\/3"}],"replies":[{"embeddable":true,"href":"https:\/\/www.imovirtual.com\/noticias\/wp-json\/wp\/v2\/comments?post=752"}],"version-history":[{"count":0,"href":"https:\/\/www.imovirtual.com\/noticias\/wp-json\/wp\/v2\/posts\/752\/revisions"}],"wp:featuredmedia":[{"embeddable":true,"href":"https:\/\/www.imovirtual.com\/noticias\/wp-json\/wp\/v2\/media\/100"}],"wp:attachment":[{"href":"https:\/\/www.imovirtual.com\/noticias\/wp-json\/wp\/v2\/media?parent=752"}],"wp:term":[{"taxonomy":"category","embeddable":true,"href":"https:\/\/www.imovirtual.com\/noticias\/wp-json\/wp\/v2\/categories?post=752"},{"taxonomy":"post_tag","embeddable":true,"href":"https:\/\/www.imovirtual.com\/noticias\/wp-json\/wp\/v2\/tags?post=752"}],"curies":[{"name":"wp","href":"https:\/\/api.w.org\/{rel}","templated":true}]}}