{"id":732,"date":"2022-02-06T00:00:00","date_gmt":"2022-02-06T00:00:00","guid":{"rendered":"https:\/\/www.imovirtual.com\/noticias2\/2022\/02\/06\/guia-almofadas-decorativas\/"},"modified":"2024-08-28T10:18:57","modified_gmt":"2024-08-28T10:18:57","slug":"guia-almofadas-decorativas","status":"publish","type":"post","link":"https:\/\/www.imovirtual.com\/noticias\/lifestyle\/guia-almofadas-decorativas\/","title":{"rendered":"Guia para escolher almofadas decorativas"},"content":{"rendered":"<p class=\"css-8qfla4\">\n<p class=\"css-m5h6m0 edperro0\">\n<h1><strong>Guia para escolher almofadas decorativas para a sala de estar<\/strong><\/h1>\n<p>Econ\u00f3micas, vistosas e confort\u00e1veis, a opini\u00e3o dos amantes de decora\u00e7\u00e3o \u00e9 un\u00e2nime: <strong>as almofadas s\u00e3o uma adi\u00e7\u00e3o importante para os sof\u00e1s, camas ou poltronas<\/strong>. Este item \u00e9 muito \u00fatil na hora de dar uma cara nova ao <a href=\"https:\/\/www.imovirtual.com\/noticias\/decoracao\/como-escolher-sofa-perfeito-sala-de-estar\" target=\"_blank\" rel=\"noopener\">sof\u00e1<\/a>, para compor um ambiente muito branco e para trazer mais aconchego ao espa\u00e7o. N\u00e3o \u00e9 dif\u00edcil decorar com almofadas, nem t\u00e3o pouco caro. Existem muitas op\u00e7\u00f5es no mercado com padr\u00f5es, lisas, com diferentes texturas, tamanhos e formatos. Todavia, na hora de escolher as almofadas para a sua casa, \u00e9 importante ter em mente alguns princ\u00edpios b\u00e1sicos para evitar cair no exagero e para garantir que as suas escolhas seguem o seu <a href=\"https:\/\/www.imovirtual.com\/noticias\/decoracao\/descubra-o-seu-estilo-de-decoracao-de-interiores\" target=\"_blank\" rel=\"noopener\"><strong>estilo de decora\u00e7\u00e3o de interiores<\/strong><\/a>, complementando-o. A pensar nisso,<strong> o Imovirtual criou este guia r\u00e1pido para que n\u00e3o cometa erros a escolher as suas almofadas<\/strong>.<\/p>\n<\/p>\n<h3>Pode interessar-lhe: <a href=\"https:\/\/www.imovirtual.com\/noticias\/decoracao\/dicas-decorar-casa\" target=\"_blank\" rel=\"noopener\"><em><strong>8 dicas para decorar a casa com sucesso<\/strong><\/em><\/a><\/h3>\n<\/p>\n<h2><strong>Aten\u00e7\u00e3o \u00e0 quantidade<\/strong><\/h2>\n<p class=\" block-img\"><img decoding=\"async\" src=\"https:\/\/www.imovirtual.com\/noticias\/wp-content\/uploads\/2022\/11\/10566b4d-c73a-4613-b86b-a9b77d4a14b1_iStock-1053406018.jpg\" alt=\"quantidade de almofadas ideal\"><\/p>\n<p>H\u00e1 quem diga que as tatuagens devem ser feitas em n\u00fameros impares para evitar o azar. Com as almofadas a hist\u00f3ria \u00e9 a mesma, s\u00f3 que neste caso a raz\u00e3o para o <strong>n\u00famero \u00edmpar est\u00e1 ligada \u00e0 harmonia na sua decora\u00e7\u00e3o<\/strong>. Assim deve fazer arranjos com 1, 3, 5, 7 almofadas e assim por diante, tendo em conta a pr\u00f3pria dimens\u00e3o do ambiente e o local onde este item ir\u00e1 estar situado.<\/p>\n<\/p>\n<h2><strong>Cuidado com o tamanho<\/strong><\/h2>\n<p class=\" block-img\"><img decoding=\"async\" src=\"https:\/\/www.imovirtual.com\/noticias\/wp-content\/uploads\/2022\/11\/ebc37549-3c79-4a3a-b922-7a023f7b41ec_iStock-518117590.jpg\" alt=\"tamanhos almofadas\"><\/p>\n<p>As combina\u00e7\u00f5es mais interessantes e din\u00e2micas s\u00e3o compostas por almofadas de tamanhos diferentes. Assim, esque\u00e7a por completo a ideia de comprar almofadas do mesmo tamanho. No caso dos sof\u00e1s, pode sempre colocar almofadas de tamanhos maiores nas pontas e almofadas mais pequenas ao centro. No fundo, o que importa \u00e9 <strong>combinar almofadas grandes, m\u00e9dias e pequenas<\/strong>.<\/p>\n<\/p>\n<h2><strong>Escolha as cores, texturas e formatos certos<\/strong><\/h2>\n<p class=\" block-img\"><img decoding=\"async\" src=\"https:\/\/www.imovirtual.com\/noticias\/wp-content\/uploads\/2022\/11\/8a0fc80c-62a1-4067-a8de-6caeee7fb0ee_iStock-1143981413.jpg\" alt=\"almofadas com diferentes cores, padr\u00f5es e texturas\"><\/p>\n<p>O <strong>segredo da escolha das almofadas<\/strong> ideais est\u00e1 numa f\u00f3rmula muito simples: escolha um conjunto com uma ou duas<strong> almofadas lisas que combinem com as cores da divis\u00e3o<\/strong>; uma almofada dentro da mesma paleta de cores que tenha um<strong> padr\u00e3o de destaque<\/strong>; uma almofada com algum tipo de <strong>textura<\/strong>; uma <strong>op\u00e7\u00e3o mais minimalista<\/strong> e outra com um <strong>formato bem distinto<\/strong>. Desta forma estar\u00e1 a jogar com as <a href=\"https:\/\/www.imovirtual.com\/noticias\/decoracao\/cromoterapia-como-escolher-as-cores-para-a-sua-casa\" target=\"_blank\" rel=\"noopener\">cores<\/a>, texturas e formatos, criando assim uma din\u00e2mica interessante e aconchegante.<\/p>\n<\/p>\n<h2><strong>Pondere o uso de estampados<\/strong><\/h2>\n<p class=\" block-img\"><img decoding=\"async\" src=\"https:\/\/www.imovirtual.com\/noticias\/wp-content\/uploads\/2022\/11\/b78beb06-0f0c-4a12-b299-6abd3b15af10_iStock-1007782830.jpg\" alt=\"almofadas estampadas\"><\/p>\n<p>Se gostar de almofadas estampadas, com padr\u00f5es geom\u00e9tricos, abstratos ou <a href=\"https:\/\/www.imovirtual.com\/noticias\/decoracao\/plantas-must-have-decoracao-de-interiores\" target=\"_blank\" rel=\"noopener\">plantas<\/a> tenha <strong>muito cuidado na hora de escolher as suas almofadas<\/strong>. Isto porque <strong>se pretender expor v\u00e1rios padr\u00f5es distintos o espa\u00e7o pode ficar confuso e visualmente desconfort\u00e1vel<\/strong>. O ideal ser\u00e1 sempre combinar uma almofada estampada com conjuntos mais neutros e org\u00e2nicos.<\/p>\n<p class=\" block-img\"><img decoding=\"async\" src=\"https:\/\/www.imovirtual.com\/noticias\/wp-content\/uploads\/2022\/11\/af14b393-f5d1-4a75-8368-42f656903033_Copia-de-Banners-Autores-3.png\" alt=\"Maria Lu\u00edsa Autor Imovirtual\"><\/p>\n<h5><em>Maria Lu\u00edsa \u00e9 a decoradora. A paix\u00e3o pela decora\u00e7\u00e3o surgiu desde muito cedo, quando as paredes se tornaram folhas de desenho. Juntou o \u00fatil ao agrad\u00e1vel e fez da voca\u00e7\u00e3o o seu trabalho. Est\u00e1 a cargo dos temas sobre &#8216;Decora\u00e7\u00e3o&#8217; do Blog do Imovirtual.<\/em><\/h5>\n<\/p>\n<h4><strong>Leia tamb\u00e9m<\/strong><\/h4>\n<ul>\n<li><a href=\"https:\/\/www.imovirtual.com\/noticias\/decoracao\/pantone-2022-must-have-decoracao\" target=\"_blank\" rel=\"noopener\"><strong>Pantone 2022<\/strong><\/a>: os must-have da decora\u00e7\u00e3o<\/li>\n<li>Porque necessita de contratar um&nbsp;<a href=\"https:\/\/www.imovirtual.com\/noticias\/decoracao\/motivos-contratar-personal-organizer\" target=\"_blank\" rel=\"noopener\"><strong>Personal Organizer<\/strong><\/a>?<\/li>\n<li>Truques para&nbsp;<a href=\"https:\/\/www.imovirtual.com\/noticias\/decoracao\/truques-pintar-casa\" target=\"_blank\" rel=\"noopener\"><strong>pintar a casa<\/strong><\/a><\/li>\n<\/ul>\n<\/p>\n<div class=\"css-h5fkc8\"><strong>Ultima actualiza\u00e7\u00e3o:<\/strong> 06 fevereiro 2022<\/div>\n","protected":false},"excerpt":{"rendered":"<p>Guia para escolher almofadas decorativas para a sala de estar Econ\u00f3micas, vistosas e confort\u00e1veis, a opini\u00e3o dos amantes de decora\u00e7\u00e3o \u00e9 un\u00e2nime: as almofadas s\u00e3o uma adi\u00e7\u00e3o importante para os sof\u00e1s, camas ou poltronas. Este item \u00e9 muito \u00fatil na hora de dar uma cara nova ao sof\u00e1, para compor um ambiente muito branco e &hellip;<\/p>\n","protected":false},"author":3,"featured_media":733,"comment_status":"closed","ping_status":"open","sticky":false,"template":"","format":"standard","meta":{"footnotes":""},"categories":[3],"tags":[],"class_list":["post-732","post","type-post","status-publish","format-standard","has-post-thumbnail","hentry","category-lifestyle"],"_links":{"self":[{"href":"https:\/\/www.imovirtual.com\/noticias\/wp-json\/wp\/v2\/posts\/732","targetHints":{"allow":["GET"]}}],"collection":[{"href":"https:\/\/www.imovirtual.com\/noticias\/wp-json\/wp\/v2\/posts"}],"about":[{"href":"https:\/\/www.imovirtual.com\/noticias\/wp-json\/wp\/v2\/types\/post"}],"author":[{"embeddable":true,"href":"https:\/\/www.imovirtual.com\/noticias\/wp-json\/wp\/v2\/users\/3"}],"replies":[{"embeddable":true,"href":"https:\/\/www.imovirtual.com\/noticias\/wp-json\/wp\/v2\/comments?post=732"}],"version-history":[{"count":0,"href":"https:\/\/www.imovirtual.com\/noticias\/wp-json\/wp\/v2\/posts\/732\/revisions"}],"wp:featuredmedia":[{"embeddable":true,"href":"https:\/\/www.imovirtual.com\/noticias\/wp-json\/wp\/v2\/media\/733"}],"wp:attachment":[{"href":"https:\/\/www.imovirtual.com\/noticias\/wp-json\/wp\/v2\/media?parent=732"}],"wp:term":[{"taxonomy":"category","embeddable":true,"href":"https:\/\/www.imovirtual.com\/noticias\/wp-json\/wp\/v2\/categories?post=732"},{"taxonomy":"post_tag","embeddable":true,"href":"https:\/\/www.imovirtual.com\/noticias\/wp-json\/wp\/v2\/tags?post=732"}],"curies":[{"name":"wp","href":"https:\/\/api.w.org\/{rel}","templated":true}]}}