{"id":727,"date":"2022-01-28T00:00:00","date_gmt":"2022-01-28T00:00:00","guid":{"rendered":"https:\/\/www.imovirtual.com\/noticias2\/2022\/01\/28\/imosintese-noticias-280122\/"},"modified":"2022-01-28T00:00:00","modified_gmt":"2022-01-28T00:00:00","slug":"imosintese-noticias-280122","status":"publish","type":"post","link":"https:\/\/www.imovirtual.com\/noticias\/novidades\/imosintese-noticias-280122\/","title":{"rendered":"IMOS\u00cdNTESE &#8211; NOT\u00cdCIAS 28\/01"},"content":{"rendered":"<p class=\"css-8qfla4\">\n<p class=\"css-m5h6m0 edperro0\">\n<h2><strong>Em parceria com o Di\u00e1rio Imobili\u00e1rio, o Imovirtual apresenta diariamente um resumo notici\u00e1rio dos acontecimentos mais relevantes do dia. Fique a par das \u00faltimas novidades do Mercado Imobili\u00e1rio:<\/strong><\/h2>\n<\/p>\n<h1><strong>Qualidade dos edif\u00edcios depende da qualidade do ar dos seus interiores<\/strong><\/h1>\n<p>Cada vez mais vivemos preocupados&nbsp;com o ar que respiramos, seja por quest\u00f5es ambientais seja pelo tema da ordem do dia, a&nbsp;Covid -19. Uma pandemia que veio colocar em causa formas de vida e tamb\u00e9m trouxe um olhar diferente sobre as casas que habitamos e trabalhamos. N\u00e3o s\u00f3 do espa\u00e7o como tamb\u00e9m da qualidade das habita\u00e7\u00f5es.&nbsp;<\/p>\n<h3><strong>Saiba mais <a href=\"https:\/\/www.diarioimobiliario.pt\/Actualidade\/Sustentabilidade\/Qualidade-dos-edificios-depende-da-qualidade-do-ar-dos-seus-interiores\" target=\"_blank\" rel=\"noopener\">aqui<\/a><\/strong><\/h3>\n<\/p>\n<h1><strong>Zome registou um volume de neg\u00f3cios de 763,4 milh\u00f5es de euros em 2021<\/strong><\/h1>\n<p>A Zome, mediadora imobili\u00e1ria portuguesa, registou um volume de neg\u00f3cios de 763,4 milh\u00f5es de euros em 2021, o que representa um crescimento de 52,3% face ao ano anterior.&nbsp;<\/p>\n<h3><strong>Saiba mais <a href=\"https:\/\/www.diarioimobiliario.pt\/Actualidade\/Zome-registou-um-volume-de-negocios-de-763-4-milhoes-de-euros-em-2021\" target=\"_blank\" rel=\"noopener\">aqui<\/a><\/strong><\/h3>\n<\/p>\n<h1><strong>Aumenta a confian\u00e7a dos promotores imobili\u00e1rios e dos construtores<\/strong><\/h1>\n<p>O indicador de confian\u00e7a aumentou na&nbsp;promo\u00e7\u00e3o imobili\u00e1ria e constru\u00e7\u00e3o de edif\u00edcios e de engenharia civil, bem como da constru\u00e7\u00e3o e obras p\u00fablicas, avan\u00e7a hoje o INE.<\/p>\n<h3><strong>Saiba mais <a href=\"https:\/\/www.diarioimobiliario.pt\/Actualidade\/Aumenta-a-confianca-dos-promotores-imobiliarios-e-dos-construtores\" target=\"_blank\" rel=\"noopener\">aqui<\/a><\/strong><\/h3>\n<\/p>\n<h1><strong>Allianz Real Estate aplicou cerca de 3 mil milh\u00f5es de euros no sector residencial global em 2021<\/strong><\/h1>\n<p>A Allianz Real Estate, agindo em nome de v\u00e1rias empresas do Grupo Allianz (o maior grupo segurador da Europa) e de terceiros, comprometeu quase 3 mil milh\u00f5es de euros no sector residencial global em 2021.<\/p>\n<h3><strong>Saiba mais <a href=\"https:\/\/www.diarioimobiliario.pt\/Actualidade\/Internacional\/Allianz-Real-Estate-aplicou-cerca-de-3-mil-milhoes-de-euros-no-sector-residencial-global-em-2021\" target=\"_blank\" rel=\"noopener\">aqui<\/a><\/strong><\/h3>\n<\/p>\n<h1><strong>Portugal dever\u00e1 crescer acima da m\u00e9dia da Zona Euro em 2022<\/strong><\/h1>\n<p>A economia portuguesa dever\u00e1 crescer 5,1% em 2022, um ponto percentual acima do desempenho estimado para a m\u00e9dia da Zona Euro, revelam as&nbsp;previs\u00f5es econ\u00f3micas anuais da Euler Hermes, accionista da COSEC \u2013 Companhia de seguro de cr\u00e9ditos.<\/p>\n<h3><strong>Saiba mais <a href=\"https:\/\/www.diarioimobiliario.pt\/Actualidade\/Portugal-devera-crescer-acima-da-media-da-Zona-Euro-em-2022\" target=\"_blank\" rel=\"noopener\">aqui<\/a><\/strong><\/h3>\n<\/p>\n<h3><strong>Leia as anteriores Imos\u00edntese:<\/strong><\/h3>\n<p>\ud83d\udc49<a href=\"https:\/\/www.imovirtual.com\/noticias\/noticias\/imosintese-noticias-270122\" target=\"_blank\" rel=\"noopener\"><strong>IMOS\u00cdNTESE &#8211; NOT\u00cdCIAS 27\/01<\/strong><\/a><\/p>\n<p>\ud83d\udc49<a href=\"https:\/\/www.imovirtual.com\/noticias\/noticias\/imosintese-noticias-260122\" target=\"_blank\" rel=\"noopener\"><strong>IMOS\u00cdNTESE &#8211; NOT\u00cdCIAS 26\/01<\/strong><\/a><\/p>\n<p>\ud83d\udc49<a href=\"https:\/\/www.imovirtual.com\/noticias\/noticias\/imosintese-noticias-250122\" target=\"_blank\" rel=\"noopener\"><strong>IMOS\u00cdNTESE &#8211; NOT\u00cdCIAS 25\/01<\/strong><\/a><\/p>\n<\/p>\n<div class=\"css-h5fkc8\"><strong>Ultima actualiza\u00e7\u00e3o:<\/strong> 28 janeiro 2022<\/div>\n","protected":false},"excerpt":{"rendered":"<p>Em parceria com o Di\u00e1rio Imobili\u00e1rio, o Imovirtual apresenta diariamente um resumo notici\u00e1rio dos acontecimentos mais relevantes do dia. Fique a par das \u00faltimas novidades do Mercado Imobili\u00e1rio: Qualidade dos edif\u00edcios depende da qualidade do ar dos seus interiores Cada vez mais vivemos preocupados&nbsp;com o ar que respiramos, seja por quest\u00f5es ambientais seja pelo tema &hellip;<\/p>\n","protected":false},"author":3,"featured_media":100,"comment_status":"closed","ping_status":"open","sticky":false,"template":"","format":"standard","meta":{"footnotes":""},"categories":[4],"tags":[],"class_list":["post-727","post","type-post","status-publish","format-standard","has-post-thumbnail","hentry","category-novidades"],"_links":{"self":[{"href":"https:\/\/www.imovirtual.com\/noticias\/wp-json\/wp\/v2\/posts\/727","targetHints":{"allow":["GET"]}}],"collection":[{"href":"https:\/\/www.imovirtual.com\/noticias\/wp-json\/wp\/v2\/posts"}],"about":[{"href":"https:\/\/www.imovirtual.com\/noticias\/wp-json\/wp\/v2\/types\/post"}],"author":[{"embeddable":true,"href":"https:\/\/www.imovirtual.com\/noticias\/wp-json\/wp\/v2\/users\/3"}],"replies":[{"embeddable":true,"href":"https:\/\/www.imovirtual.com\/noticias\/wp-json\/wp\/v2\/comments?post=727"}],"version-history":[{"count":0,"href":"https:\/\/www.imovirtual.com\/noticias\/wp-json\/wp\/v2\/posts\/727\/revisions"}],"wp:featuredmedia":[{"embeddable":true,"href":"https:\/\/www.imovirtual.com\/noticias\/wp-json\/wp\/v2\/media\/100"}],"wp:attachment":[{"href":"https:\/\/www.imovirtual.com\/noticias\/wp-json\/wp\/v2\/media?parent=727"}],"wp:term":[{"taxonomy":"category","embeddable":true,"href":"https:\/\/www.imovirtual.com\/noticias\/wp-json\/wp\/v2\/categories?post=727"},{"taxonomy":"post_tag","embeddable":true,"href":"https:\/\/www.imovirtual.com\/noticias\/wp-json\/wp\/v2\/tags?post=727"}],"curies":[{"name":"wp","href":"https:\/\/api.w.org\/{rel}","templated":true}]}}