{"id":725,"date":"2022-01-27T00:00:00","date_gmt":"2022-01-27T00:00:00","guid":{"rendered":"https:\/\/www.imovirtual.com\/noticias2\/2022\/01\/27\/reforco-programa-edificios-sustentaveis\/"},"modified":"2022-01-27T00:00:00","modified_gmt":"2022-01-27T00:00:00","slug":"reforco-programa-edificios-sustentaveis","status":"publish","type":"post","link":"https:\/\/www.imovirtual.com\/noticias\/novidades\/reforco-programa-edificios-sustentaveis\/","title":{"rendered":"Programa de Apoio a Edif\u00edcios mais Sustent\u00e1veis recebe refor\u00e7o de \u20ac15M"},"content":{"rendered":"<p class=\"css-8qfla4\">\n<p class=\"css-m5h6m0 edperro0\">\n<h1><strong>Programa de Apoio a Edif\u00edcios mais Sustent\u00e1veis recebe refor\u00e7o de \u20ac15M<\/strong><\/h1>\n<p>Por conta da grande ades\u00e3o ao<strong> Programa de Apoio a Edif\u00edcios mais Sustent\u00e1veis<\/strong>, que j\u00e1 se encontra na <a href=\"https:\/\/www.fundoambiental.pt\/apoios-prr\/paes-2021.aspx\" target=\"_blank\" rel=\"noopener\">2\u00aa edi\u00e7\u00e3o<\/a>, o <a href=\"https:\/\/workflow.sgambiente.gov.pt\/\" target=\"_blank\" rel=\"noopener\">Minist\u00e9rio do Ambiente<\/a> teme antecipa que a dota\u00e7\u00e3o atual de 45 milh\u00f5es de euros se esgote ainda antes do fim do prazo de apresenta\u00e7\u00e3o de candidaturas. Por isso, anunciou um refor\u00e7o em mais 15 milh\u00f5es de euros, o que perfaz uma dota\u00e7\u00e3o global de 60 milh\u00f5es de euros. &#8220;<em>Constatando-se que a ades\u00e3o a este Programa se mant\u00e9m muito elevada \u00e9 previs\u00edvel que a dota\u00e7\u00e3o j\u00e1 refor\u00e7ada venha a esgotar-se ainda antes do prazo limite para a apresenta\u00e7\u00e3o das candidaturas, pelo que importa refor\u00e7ar a dota\u00e7\u00e3o em mais 15 milh\u00f5es de euros, tendo em vista assegurar a continuidade e ininterruptibilidade do Programa e a estabilidade das candidaturas&#8221;,<\/em> l\u00ea-se no <strong>despacho publicado ontem em Di\u00e1rio da Rep\u00fablica<\/strong>.<\/p>\n<p>O mesmo documento refere ainda que &#8220;<em>garantem-se todos os benef\u00edcios inicialmente estabelecidos pelo Programa, considerando que a transforma\u00e7\u00e3o dos edif\u00edcios para uma maior efici\u00eancia energ\u00e9tica potencia o alcance de m\u00faltiplos objetivos, designadamente: a melhoria dos n\u00edveis de conforto t\u00e9rmico; a redu\u00e7\u00e3o da fatura e da depend\u00eancia energ\u00e9tica do pa\u00eds; a redu\u00e7\u00e3o de emiss\u00f5es de gases com efeito de estufa; a melhoria da qualidade do ar interior; o benef\u00edcio para a sa\u00fade; a promo\u00e7\u00e3o da produtividade laboral; a redu\u00e7\u00e3o da pobreza energ\u00e9tica; a extens\u00e3o da vida \u00fatil dos edif\u00edcios e o aumento da sua resili\u00eancia<\/em><\/p>\n<p>Recorde-se que este programa foi lan\u00e7ado em 2020, no \u00e2mbito do<strong> <a href=\"https:\/\/recuperarportugal.gov.pt\/?lang=en\" target=\"_blank\" rel=\"noopener\">Plano de Recupera\u00e7\u00e3o e Resili\u00eancia<\/a><\/strong>, com o objetivo de reativar uma parte da economia nacional, paralisada pela crise pand\u00e9mica, com medidas de refor\u00e7o ambiental e poupan\u00e7a energ\u00e9tica nos edif\u00edcios anteriores a 2006. Assim, esta iniciativa apoia a melhoria da efici\u00eancia energ\u00e9tica das habita\u00e7\u00f5es atrav\u00e9s da troca de <a href=\"https:\/\/www.imovirtual.com\/noticias\/decoracao\/janelas-oscilo-batentes-vantagens-desvantagens\" target=\"_blank\" rel=\"noopener\">janelas<\/a>, instala\u00e7\u00e3o de <a href=\"https:\/\/www.imovirtual.com\/noticias\/lifestyle\/como-criar-um-isolamento-acustico\" target=\"_blank\" rel=\"noopener\">isolamentos<\/a> ou equipamentos de climatiza\u00e7\u00e3o, entre outros.<\/p>\n<\/p>\n<h3>Saiba: <a href=\"https:\/\/www.imovirtual.com\/noticias\/imobiliario\/sustentabilidade-aderir-programa-apoio-edificios-mais-sustentaveis\" target=\"_blank\" rel=\"noopener\"><em><strong>Como aderir ao &#8220;Programa de Apoio a Edif\u00edcios Mais Sustent\u00e1veis&#8221;<\/strong><\/em><\/a><\/h3>\n<\/p>\n<p>O montante j\u00e1 financiado corresponde ao apoio a <strong>16.148 candidaturas<\/strong>, que envolvem um apoio global de 26,8 milh\u00f5es de euros, de um total de 56.552 candidaturas submetidas. Note-se ainda que as <a href=\"https:\/\/www.imovirtual.com\/noticias\/imobiliario\/guia-para-tipologia-moradias-apartamentos\" target=\"_blank\" rel=\"noopener\">tipologias<\/a> que re\u00fanem mais candidaturas s\u00e3o as referentes a <a href=\"https:\/\/www.imovirtual.com\/noticias\/financas\/paineis-solares-a-energia-que-a-sua-casa-precisa-id178.html\" target=\"_blank\" rel=\"noopener\">pain\u00e9is fotovoltaicos<\/a> (38,5%), janelas mais eficientes (34,5%) e bombas de calor (27%). Falando em regi\u00f5es, Lisboa lidera as candidaturas (22,3%), seguida do Porto (11,7%), Set\u00fabal (9%) e Braga (9%)<\/p>\n<\/p>\n<p class=\" block-img\"><img decoding=\"async\" src=\"https:\/\/www.imovirtual.com\/noticias\/wp-content\/uploads\/2022\/11\/3c23b667-0a08-4ca1-abcb-74566be5c538_Copia-de-Banners-Autores-2.png\" alt=\"Alexandre Lu\u00eds Autor Imovirtual\"><\/p>\n<h5><em>Tamb\u00e9m conhecido como &#8216;O Consultor&#8217;. Pode encontr\u00e1-lo a consultar o \u00faltimo estudo de mercado. N\u00e3o tem talento para vender, mas sabe tudo sobre Imobili\u00e1rio. Fala sobre quest\u00f5es relacionadas com o tema no Blog do Imovirtual.<\/em><\/h5>\n<\/p>\n<h4><strong>Leia tamb\u00e9m<\/strong><\/h4>\n<ul>\n<li><a href=\"https:\/\/www.imovirtual.com\/noticias\/noticias\/sonae-sierra-obrigacoes-sustentaveis\" target=\"_blank\" rel=\"noopener\"><strong>Sonae Sierra<\/strong><\/a> emite obriga\u00e7\u00f5es sustent\u00e1veis no valor de 50 milh\u00f5es de euros<\/li>\n<li>Sustentabilidade: Torne o seu&nbsp;<a href=\"https:\/\/www.imovirtual.com\/noticias\/imobiliario\/sustentabilidade-torne-o-seu-escritorio-mais-sustentavel\" target=\"_blank\" rel=\"noopener\"><strong>escrit\u00f3rio mais sustent\u00e1vel<\/strong><\/a><\/li>\n<li>5 dicas para ter uma&nbsp;<a href=\"https:\/\/www.imovirtual.com\/noticias\/lifestyle\/dicas-casa-sustentabilidade\" target=\"_blank\" rel=\"noopener\"><strong>casa mais sustent\u00e1vel<\/strong><\/a><\/li>\n<\/ul>\n<\/p>\n<div class=\"css-h5fkc8\"><strong>Ultima actualiza\u00e7\u00e3o:<\/strong> 27 janeiro 2022<\/div>\n","protected":false},"excerpt":{"rendered":"<p>Programa de Apoio a Edif\u00edcios mais Sustent\u00e1veis recebe refor\u00e7o de \u20ac15M Por conta da grande ades\u00e3o ao Programa de Apoio a Edif\u00edcios mais Sustent\u00e1veis, que j\u00e1 se encontra na 2\u00aa edi\u00e7\u00e3o, o Minist\u00e9rio do Ambiente teme antecipa que a dota\u00e7\u00e3o atual de 45 milh\u00f5es de euros se esgote ainda antes do fim do prazo de &hellip;<\/p>\n","protected":false},"author":3,"featured_media":726,"comment_status":"closed","ping_status":"open","sticky":false,"template":"","format":"standard","meta":{"footnotes":""},"categories":[4],"tags":[],"class_list":["post-725","post","type-post","status-publish","format-standard","has-post-thumbnail","hentry","category-novidades"],"_links":{"self":[{"href":"https:\/\/www.imovirtual.com\/noticias\/wp-json\/wp\/v2\/posts\/725","targetHints":{"allow":["GET"]}}],"collection":[{"href":"https:\/\/www.imovirtual.com\/noticias\/wp-json\/wp\/v2\/posts"}],"about":[{"href":"https:\/\/www.imovirtual.com\/noticias\/wp-json\/wp\/v2\/types\/post"}],"author":[{"embeddable":true,"href":"https:\/\/www.imovirtual.com\/noticias\/wp-json\/wp\/v2\/users\/3"}],"replies":[{"embeddable":true,"href":"https:\/\/www.imovirtual.com\/noticias\/wp-json\/wp\/v2\/comments?post=725"}],"version-history":[{"count":0,"href":"https:\/\/www.imovirtual.com\/noticias\/wp-json\/wp\/v2\/posts\/725\/revisions"}],"wp:featuredmedia":[{"embeddable":true,"href":"https:\/\/www.imovirtual.com\/noticias\/wp-json\/wp\/v2\/media\/726"}],"wp:attachment":[{"href":"https:\/\/www.imovirtual.com\/noticias\/wp-json\/wp\/v2\/media?parent=725"}],"wp:term":[{"taxonomy":"category","embeddable":true,"href":"https:\/\/www.imovirtual.com\/noticias\/wp-json\/wp\/v2\/categories?post=725"},{"taxonomy":"post_tag","embeddable":true,"href":"https:\/\/www.imovirtual.com\/noticias\/wp-json\/wp\/v2\/tags?post=725"}],"curies":[{"name":"wp","href":"https:\/\/api.w.org\/{rel}","templated":true}]}}