{"id":724,"date":"2022-02-04T00:00:00","date_gmt":"2022-02-04T00:00:00","guid":{"rendered":"https:\/\/www.imovirtual.com\/noticias2\/2022\/02\/04\/imosintese-noticias-040222\/"},"modified":"2022-02-04T00:00:00","modified_gmt":"2022-02-04T00:00:00","slug":"imosintese-noticias-040222","status":"publish","type":"post","link":"https:\/\/www.imovirtual.com\/noticias\/novidades\/imosintese-noticias-040222\/","title":{"rendered":"IMOS\u00cdNTESE &#8211; NOT\u00cdCIAS 04\/02"},"content":{"rendered":"<p class=\"css-8qfla4\">\n<p class=\"css-m5h6m0 edperro0\">\n<h2><strong>Em parceria com o Di\u00e1rio Imobili\u00e1rio, o Imovirtual apresenta diariamente um resumo notici\u00e1rio dos acontecimentos mais relevantes do dia. Fique a par das \u00faltimas novidades do Mercado Imobili\u00e1rio:<\/strong><\/h2>\n<\/p>\n<h1><strong>Tend\u00eancias para 2022 \u2013 Sustentabilidade nas \u201cRela\u00e7\u00f5es Imobili\u00e1rias\u201d<\/strong><\/h1>\n<p><strong>[Artigo de Opini\u00e3o &#8211; Andr\u00e9 Casaca]<em> &#8211;<\/em> <\/strong>O&nbsp;ano de 2021&nbsp;demonstrou mais uma vez a grande&nbsp;resili\u00eancia&nbsp;do mercado imobili\u00e1rio Portugu\u00eas, acentuando a sua capacidade para atrair&nbsp;Investimento Internacional, mantendo n\u00edveis de procura elevados mesmo vivendo um clima de pandemia.<\/p>\n<h3><strong>Saiba mais <a href=\"https:\/\/www.diarioimobiliario.pt\/Opiniao\/Tendencias-para-2022-Sustentabilidade-nas-Relacoes-Imobiliarias\" target=\"_blank\" rel=\"noopener\">aqui<\/a><\/strong><\/h3>\n<\/p>\n<h1><strong>Habita empresa do Grupo Himo chega ao Porto num neg\u00f3cio de cerca de um milh\u00e3o de euros<\/strong><\/h1>\n<p>Com um total de 532m2&nbsp;o espa\u00e7o integra as opera\u00e7\u00f5es da Habita e da sitio que coabitam na mesma frac\u00e7\u00e3o. A Habita com a sua opera\u00e7\u00e3o de media\u00e7\u00e3o imobili\u00e1ria e a rede sitio, com um espa\u00e7o de&nbsp;coworking.<\/p>\n<h3><strong>Saiba mais <a href=\"https:\/\/www.diarioimobiliario.pt\/Actualidade\/Habita-empresa-do-Grupo-Himo-chega-ao-Porto-num-negocio-de-cerca-de-um-milhao-de-euros\" target=\"_blank\" rel=\"noopener\">aqui<\/a><\/strong><\/h3>\n<\/p>\n<h1><strong>Guarda recebe uma loja Leroy Merlin<\/strong><\/h1>\n<p>A Leroy Merlin&nbsp;abriu as portas da sua nova loja na Guarda, dando continuidade ao processo de expans\u00e3o da Marca em territ\u00f3rio nacional. A nova loja,&nbsp;\u00e9 fruto da transforma\u00e7\u00e3o da loja AKI no mesmo local, trazendo aos habitantes do distrito da Guarda uma oferta mais diversificada de produtos, servi\u00e7os e solu\u00e7\u00f5es de bricolage, decora\u00e7\u00e3o, cozinha, casa de banho e jardim.<\/p>\n<h3><strong>Saiba mais <a href=\"https:\/\/www.diarioimobiliario.pt\/Actualidade\/Guarda-recebe-uma-loja-Leroy-Merlin\" target=\"_blank\" rel=\"noopener\">aqui<\/a><\/strong><\/h3>\n<\/p>\n<h1><strong>Amadora vai criar Programa Municipal de Apoio \u00e0 Renda<\/strong><\/h1>\n<p>A C\u00e2mara Municipal da Amadora vai criar um Programa de Apoio \u00e0 Renda dirigido ao Parque Habitacional Privado.<\/p>\n<h3><strong>Saiba mais <a href=\"https:\/\/www.diarioimobiliario.pt\/Habitacao\/Arrendamento\/Amadora-vai-criar-Programa-Municipal-de-Apoio-a-Renda\" target=\"_blank\" rel=\"noopener\">aqui<\/a><\/strong><\/h3>\n<\/p>\n<h1><strong>Em metade das capitais de distrito pre\u00e7os das casas subiram mais de 10%<\/strong><\/h1>\n<p>Em 2021, metade das capitais de distrito de Portugal Continental&nbsp;registou uma valoriza\u00e7\u00e3o anual superior a 10%. Em 2020, apenas quatro cidades&nbsp;estavam nesse patamar.<\/p>\n<h3><strong>Saiba mais <a href=\"https:\/\/www.diarioimobiliario.pt\/Habitacao\/Em-metade-das-capitais-de-distrito-precos-das-casas-subiram-mais-de-10\" target=\"_blank\" rel=\"noopener\">aqui<\/a><\/strong><\/h3>\n<\/p>\n<h3><strong>Leia as anteriores Imos\u00edntese:<\/strong><\/h3>\n<p>\ud83d\udc49<a href=\"https:\/\/www.imovirtual.com\/noticias\/noticias\/imosintese-noticias-030222\" target=\"_blank\" rel=\"noopener\"><strong>IMOS\u00cdNTESE &#8211; NOT\u00cdCIAS 03\/02<\/strong><\/a><\/p>\n<p>\ud83d\udc49<a href=\"https:\/\/www.imovirtual.com\/noticias\/noticias\/imosintese-noticias-020222\" target=\"_blank\" rel=\"noopener\"><strong>IMOS\u00cdNTESE &#8211; NOT\u00cdCIAS 02\/02<\/strong><\/a><\/p>\n<p>\ud83d\udc49<a href=\"https:\/\/www.imovirtual.com\/noticias\/noticias\/imosintese-noticias-010222\" target=\"_blank\" rel=\"noopener\"><strong>IMOS\u00cdNTESE &#8211; NOT\u00cdCIAS 01\/02<\/strong><\/a><\/p>\n<\/p>\n<div class=\"css-h5fkc8\"><strong>Ultima actualiza\u00e7\u00e3o:<\/strong> 04 fevereiro 2022<\/div>\n","protected":false},"excerpt":{"rendered":"<p>Em parceria com o Di\u00e1rio Imobili\u00e1rio, o Imovirtual apresenta diariamente um resumo notici\u00e1rio dos acontecimentos mais relevantes do dia. Fique a par das \u00faltimas novidades do Mercado Imobili\u00e1rio: Tend\u00eancias para 2022 \u2013 Sustentabilidade nas \u201cRela\u00e7\u00f5es Imobili\u00e1rias\u201d [Artigo de Opini\u00e3o &#8211; Andr\u00e9 Casaca] &#8211; O&nbsp;ano de 2021&nbsp;demonstrou mais uma vez a grande&nbsp;resili\u00eancia&nbsp;do mercado imobili\u00e1rio Portugu\u00eas, acentuando &hellip;<\/p>\n","protected":false},"author":3,"featured_media":100,"comment_status":"closed","ping_status":"open","sticky":false,"template":"","format":"standard","meta":{"footnotes":""},"categories":[4],"tags":[],"class_list":["post-724","post","type-post","status-publish","format-standard","has-post-thumbnail","hentry","category-novidades"],"_links":{"self":[{"href":"https:\/\/www.imovirtual.com\/noticias\/wp-json\/wp\/v2\/posts\/724","targetHints":{"allow":["GET"]}}],"collection":[{"href":"https:\/\/www.imovirtual.com\/noticias\/wp-json\/wp\/v2\/posts"}],"about":[{"href":"https:\/\/www.imovirtual.com\/noticias\/wp-json\/wp\/v2\/types\/post"}],"author":[{"embeddable":true,"href":"https:\/\/www.imovirtual.com\/noticias\/wp-json\/wp\/v2\/users\/3"}],"replies":[{"embeddable":true,"href":"https:\/\/www.imovirtual.com\/noticias\/wp-json\/wp\/v2\/comments?post=724"}],"version-history":[{"count":0,"href":"https:\/\/www.imovirtual.com\/noticias\/wp-json\/wp\/v2\/posts\/724\/revisions"}],"wp:featuredmedia":[{"embeddable":true,"href":"https:\/\/www.imovirtual.com\/noticias\/wp-json\/wp\/v2\/media\/100"}],"wp:attachment":[{"href":"https:\/\/www.imovirtual.com\/noticias\/wp-json\/wp\/v2\/media?parent=724"}],"wp:term":[{"taxonomy":"category","embeddable":true,"href":"https:\/\/www.imovirtual.com\/noticias\/wp-json\/wp\/v2\/categories?post=724"},{"taxonomy":"post_tag","embeddable":true,"href":"https:\/\/www.imovirtual.com\/noticias\/wp-json\/wp\/v2\/tags?post=724"}],"curies":[{"name":"wp","href":"https:\/\/api.w.org\/{rel}","templated":true}]}}