{"id":707,"date":"2022-02-25T00:00:00","date_gmt":"2022-02-25T00:00:00","guid":{"rendered":"https:\/\/www.imovirtual.com\/noticias2\/2022\/02\/25\/imosintese-noticias-250222\/"},"modified":"2022-02-25T00:00:00","modified_gmt":"2022-02-25T00:00:00","slug":"imosintese-noticias-250222","status":"publish","type":"post","link":"https:\/\/www.imovirtual.com\/noticias\/novidades\/imosintese-noticias-250222\/","title":{"rendered":"IMOS\u00cdNTESE &#8211; NOT\u00cdCIAS 25\/02"},"content":{"rendered":"<p class=\"css-8qfla4\">\n<p class=\"css-m5h6m0 edperro0\">\n<h2><strong>Em parceria com o Di\u00e1rio Imobili\u00e1rio, o Imovirtual apresenta diariamente um resumo notici\u00e1rio dos acontecimentos mais relevantes do dia. Fique a par das \u00faltimas novidades do Mercado Imobili\u00e1rio:<\/strong><\/h2>\n<\/p>\n<h1><strong>Engie vai investir 50 milh\u00f5es at\u00e9 2025 na transi\u00e7\u00e3o energ\u00e9tica das empresas portuguesas<\/strong><\/h1>\n<p>A Engie&nbsp;pretende investir 50 milh\u00f5es de euros at\u00e9 2025 nas empresas portuguesas com o objectivo de apoiar a descarboniza\u00e7\u00e3o da sua actividade.<\/p>\n<h3><strong>Saiba mais <a href=\"https:\/\/www.diarioimobiliario.pt\/Actualidade\/Sustentabilidade\/Engie-vai-investir-50-milhoes-ate-2025-na-transicao-energetica-das-empresas-portuguesas\" target=\"_blank\" rel=\"noopener\">aqui<\/a><\/strong><\/h3>\n<\/p>\n<h1><strong>Ervideira vai ter uma nova adega num investimento superior a 1 milh\u00e3o de euros<\/strong><\/h1>\n<p>A Ervideira vai arrancar com a constru\u00e7\u00e3o de uma nova adega, no Ver\u00e3o deste ano, que ir\u00e1 representar um investimento de 1,2 milh\u00f5es de euros, estando a conclus\u00e3o das obras prevista para a Primavera de 2023.<\/p>\n<h3><strong>Saiba mais <a href=\"https:\/\/www.diarioimobiliario.pt\/Actualidade\/Ervideira-vai-ter-uma-nova-adega-num-investimento-superior-a-1-milhao-de-euros\" target=\"_blank\" rel=\"noopener\">aqui<\/a><\/strong><\/h3>\n<\/p>\n<h1><strong>In\u00edcio de 2021 marcado com subida nos concursos de Obras P\u00fablicas e queda nos contratos<\/strong><\/h1>\n<p>Em&nbsp;Janeiro, o volume total de concursos de empreitadas de obras p\u00fablicas promovidos situou-se nos 216 milh\u00f5es de euros, mais 7% que o registado em Janeiro de 2021, j\u00e1 os contratos celebrados ca\u00edram 71%.<\/p>\n<h3><strong>Saiba mais <a href=\"https:\/\/www.diarioimobiliario.pt\/Actualidade\/Inicio-de-2021-marcado-com-subida-nos-concursos-de-Obras-Publicas-e-queda-nos-contratos\" target=\"_blank\" rel=\"noopener\">aqui<\/a><\/strong><\/h3>\n<\/p>\n<h1><strong>Century 21 com mais de 2,7 mil milh\u00f5es de euros em neg\u00f3cios mediados<\/strong><\/h1>\n<p>Entre Janeiro e Dezembro de 2021, o volume de neg\u00f3cios mediado directamente pela rede Century 21 Portugal e em partilha com outros operadores &#8211; onde um agente imobili\u00e1rio representa o propriet\u00e1rio e outro, de outra empresa, representa o comprador &#8211; disparou 41% para os 2 766 998 236 euros.<\/p>\n<h3><strong>Saiba mais <a href=\"https:\/\/www.diarioimobiliario.pt\/Actualidade\/Century-21-com-mais-de-2-7-mil-milhoes-de-euros-em-negocios-mediados\" target=\"_blank\" rel=\"noopener\">aqui<\/a><\/strong><\/h3>\n<\/p>\n<h1><strong>Sanindusa recebe Pr\u00e9mio \u201cGerman Design Award 2022\u201d em Frankfurt<\/strong><\/h1>\n<p>A designer da Sanindusa, Melissa Vilar, recebeu em nome da empresa o prestigiado galard\u00e3o directamente das m\u00e3os de Lutz Dietzold, CEO do German Design Council, numa cerim\u00f3nia que decorreu em Frankfurt, no Museum Angewandte Kunst.<\/p>\n<h3><strong>Saiba mais <a href=\"https:\/\/www.diarioimobiliario.pt\/Arquitectura\/Design\/Sanindusa-recebe-Premio-German-Design-Award-2022-em-Frankfurt\" target=\"_blank\" rel=\"noopener\">aqui<\/a><\/strong><\/h3>\n<\/p>\n<h4><strong>Leia as anteriores Imos\u00edntese:<\/strong><\/h4>\n<p><strong>\ud83d\udc49<a href=\"https:\/\/www.imovirtual.com\/noticias\/noticias\/imosintese-noticias-230222\" target=\"_blank\" rel=\"noopener\">IMOS\u00cdNTESE &#8211; NOT\u00cdCIAS 23\/02<\/a><\/strong><\/p>\n<p><strong>\ud83d\udc49<a href=\"https:\/\/www.imovirtual.com\/noticias\/noticias\/imosintese-noticias-220222\" target=\"_blank\" rel=\"noopener\">IMOS\u00cdNTESE &#8211; NOT\u00cdCIAS 22\/02<\/a><\/strong><\/p>\n<\/p>\n<div class=\"css-h5fkc8\"><strong>Ultima actualiza\u00e7\u00e3o:<\/strong> 25 fevereiro 2022<\/div>\n","protected":false},"excerpt":{"rendered":"<p>Em parceria com o Di\u00e1rio Imobili\u00e1rio, o Imovirtual apresenta diariamente um resumo notici\u00e1rio dos acontecimentos mais relevantes do dia. Fique a par das \u00faltimas novidades do Mercado Imobili\u00e1rio: Engie vai investir 50 milh\u00f5es at\u00e9 2025 na transi\u00e7\u00e3o energ\u00e9tica das empresas portuguesas A Engie&nbsp;pretende investir 50 milh\u00f5es de euros at\u00e9 2025 nas empresas portuguesas com o &hellip;<\/p>\n","protected":false},"author":3,"featured_media":100,"comment_status":"closed","ping_status":"open","sticky":false,"template":"","format":"standard","meta":{"footnotes":""},"categories":[4],"tags":[],"class_list":["post-707","post","type-post","status-publish","format-standard","has-post-thumbnail","hentry","category-novidades"],"_links":{"self":[{"href":"https:\/\/www.imovirtual.com\/noticias\/wp-json\/wp\/v2\/posts\/707","targetHints":{"allow":["GET"]}}],"collection":[{"href":"https:\/\/www.imovirtual.com\/noticias\/wp-json\/wp\/v2\/posts"}],"about":[{"href":"https:\/\/www.imovirtual.com\/noticias\/wp-json\/wp\/v2\/types\/post"}],"author":[{"embeddable":true,"href":"https:\/\/www.imovirtual.com\/noticias\/wp-json\/wp\/v2\/users\/3"}],"replies":[{"embeddable":true,"href":"https:\/\/www.imovirtual.com\/noticias\/wp-json\/wp\/v2\/comments?post=707"}],"version-history":[{"count":0,"href":"https:\/\/www.imovirtual.com\/noticias\/wp-json\/wp\/v2\/posts\/707\/revisions"}],"wp:featuredmedia":[{"embeddable":true,"href":"https:\/\/www.imovirtual.com\/noticias\/wp-json\/wp\/v2\/media\/100"}],"wp:attachment":[{"href":"https:\/\/www.imovirtual.com\/noticias\/wp-json\/wp\/v2\/media?parent=707"}],"wp:term":[{"taxonomy":"category","embeddable":true,"href":"https:\/\/www.imovirtual.com\/noticias\/wp-json\/wp\/v2\/categories?post=707"},{"taxonomy":"post_tag","embeddable":true,"href":"https:\/\/www.imovirtual.com\/noticias\/wp-json\/wp\/v2\/tags?post=707"}],"curies":[{"name":"wp","href":"https:\/\/api.w.org\/{rel}","templated":true}]}}