{"id":705,"date":"2022-03-06T00:00:00","date_gmt":"2022-03-06T00:00:00","guid":{"rendered":"https:\/\/www.imovirtual.com\/noticias2\/2022\/03\/06\/homefullness-casa\/"},"modified":"2024-08-28T10:18:55","modified_gmt":"2024-08-28T10:18:55","slug":"homefullness-casa","status":"publish","type":"post","link":"https:\/\/www.imovirtual.com\/noticias\/lifestyle\/homefullness-casa\/","title":{"rendered":"Saiba tudo sobre o Homefullness"},"content":{"rendered":"<p class=\"css-8qfla4\">\n<p class=\"css-m5h6m0 edperro0\">\n<h1><strong>Saiba tudo sobre o Homefullness<\/strong><\/h1>\n<p>H\u00e1 uma nova tend\u00eancia no design de interiores: o <strong><em>homefullness<\/em><\/strong>. De acordo com a revista espanhola, <a href=\"https:\/\/www.admagazine.com\/articulos\/homefullness-tendencia-accesible-y-relajante\" target=\"_blank\" rel=\"noopener\"><strong>AD Magazine<\/strong><\/a>, este \u00e9 um conceito que parte da adapta\u00e7\u00e3o do <em>mindfulness<\/em> ao mundo da decora\u00e7\u00e3o, <strong>a fim de gerar sentimentos de prazer, paz e e al\u00edvio<\/strong>. Ser\u00e1 uma das grandes <a href=\"https:\/\/www.imovirtual.com\/noticias\/decoracao\/tendencias-decoracao-2022\" target=\"_blank\" rel=\"noopener\">tend\u00eancias de 2022<\/a>, visto que o conceito de casa mudou radicalmente ap\u00f3s a pandemia, passando a ser um templo de paz e relaxamento, que transmite sensa\u00e7\u00f5es de conforto e perten\u00e7a. Para a publica\u00e7\u00e3o espanhola, o<strong><em> homefullness<\/em><\/strong> \u00e9 a &#8220;<em>palavra que melhor descreve uma das sensa\u00e7\u00f5es mais agrad\u00e1veis \u200b\u200bdo ser humano: a de chegar a casa depois de um longo dia de trabalho e sentir-se relaxado<\/em>&#8220;. Mas afinal, como pode alcan\u00e7ar esta tranquilidade atrav\u00e9s da <a href=\"https:\/\/www.imovirtual.com\/noticias\/decoracao\/descubra-o-seu-estilo-de-decoracao-de-interiores\" target=\"_blank\" rel=\"noopener\">decora\u00e7\u00e3o de interiores<\/a>? Explicamos-lhe tudo neste artigo.<\/p>\n<\/p>\n<h2><strong>Manter a ordem<\/strong><\/h2>\n<p>Harmonia e ordem: \u00e9 tudo o que uma decora\u00e7\u00e3o segundo o <strong><em>homefullness<\/em><\/strong> pede. Um truque que parece simples mas que na realidade, nem sempre \u00e9 f\u00e1cil de seguir. Muitas vezes cai-se no erro de criar uma desordem visual t\u00e3o grande que n\u00e3o somos capazes de nos sentir em paz no nosso pr\u00f3prio lar. Logicamente que a sensa\u00e7\u00e3o de prazer, paz e al\u00edvio, ficaria comprometida num espa\u00e7o desorganizado, por isso, para entrar nesta tend\u00eancia, comece por organizar a sua casa e deixe entrar energias positivas.<\/p>\n<\/p>\n<h2><strong>Descomplique<\/strong><\/h2>\n<p>Para decorar a sua casa n\u00e3o necessita ir t\u00e3o longe quanto o <a href=\"https:\/\/www.imovirtual.com\/noticias\/decoracao\/decoracao-minimalista\" target=\"_blank\" rel=\"noopener\">minimalismo<\/a>, mas \u00e9 importante que um interior<strong><em> homefullness<\/em><\/strong> seja visualmente limpo. Evite decorar o espa\u00e7o com muitos objetos e tenha uma especial aten\u00e7\u00e3o \u00e0 decora\u00e7\u00e3o do <em><a href=\"https:\/\/www.imovirtual.com\/noticias\/decoracao\/hall-entrada-pequeno-dicas\" target=\"_blank\" rel=\"noopener\">hall de entrada<\/a><\/em>, j\u00e1 que esta \u00e9 a divis\u00e3o introdut\u00f3ria do seu lar.<\/p>\n<\/p>\n<h3>Veja: <a href=\"https:\/\/www.imovirtual.com\/noticias\/decoracao\/visual-clutter-como-resolver\" target=\"_blank\" rel=\"noopener\"><em><strong>Visual Clutter: saiba como livrar-se da desorganiza\u00e7\u00e3o visual<\/strong><\/em><\/a><\/h3>\n<\/p>\n<h2><strong>Formas arredondadas<\/strong><\/h2>\n<p>Aposte em <strong><a href=\"https:\/\/www.imovirtual.com\/noticias\/decoracao\/upcycling-moveis-paletes\" target=\"_blank\" rel=\"noopener\">m\u00f3veis<\/a> com formas arrendondas<\/strong>, que al\u00e9m de serem mais uma das tend\u00eancias do ano 2022, tamb\u00e9m proporcionam uma maior sensa\u00e7\u00e3o de harmonia. Isto porque, neles n\u00e3o existem cortes bruscos, como as esquinas.<\/p>\n<\/p>\n<h2><strong>Materiais naturais<\/strong><\/h2>\n<p>Os<strong> materiais e tecidos naturais<\/strong>, como a <a href=\"https:\/\/www.imovirtual.com\/noticias\/decoracao\/bancadas-madeira-cozinha-vantagens-desvantagens\" target=\"_blank\" rel=\"noopener\">madeira<\/a> e o algod\u00e3o, desempenham um importante papel na cria\u00e7\u00e3o de interiores que seguem o <em><strong>homefullness<\/strong><\/em>. Com eles \u00e9 poss\u00edvel alcan\u00e7ar ambientes descontra\u00eddos em casa e aumentar a sensa\u00e7\u00e3o de conforto e aconchego. As <a href=\"https:\/\/www.imovirtual.com\/noticias\/decoracao\/plantas-must-have-decoracao-de-interiores\" target=\"_blank\" rel=\"noopener\"><strong>plantas<\/strong><\/a> tamb\u00e9m s\u00e3o um \u00f3timo exemplo de itens que &#8220;trazem frescura, alegria e um toque extra de cor&#8221;.<\/p>\n<\/p>\n<p class=\" block-img\"><img decoding=\"async\" src=\"https:\/\/www.imovirtual.com\/noticias\/wp-content\/uploads\/2022\/11\/af14b393-f5d1-4a75-8368-42f656903033_Copia-de-Banners-Autores-3.png\" alt=\"Maria Lu\u00edsa Autor Imovirtual\"><\/p>\n<h5><em>Maria Lu\u00edsa \u00e9 a decoradora. A paix\u00e3o pela decora\u00e7\u00e3o surgiu desde muito cedo, quando as paredes se tornaram folhas de desenho. Juntou o \u00fatil ao agrad\u00e1vel e fez da voca\u00e7\u00e3o o seu trabalho. Est\u00e1 a cargo dos temas sobre &#8216;Decora\u00e7\u00e3o&#8217; do Blog do Imovirtual.<\/em><\/h5>\n<\/p>\n<h4><strong>Mais sobre <em>Decora\u00e7\u00e3o<\/em><\/strong><\/h4>\n<ul>\n<li><a href=\"https:\/\/www.imovirtual.com\/noticias\/decoracao\/tendencias-decoracao-2022\" target=\"_blank\" rel=\"noopener\"><strong>Tend\u00eancias de Decora\u00e7\u00e3o<\/strong><\/a> para 2022<\/li>\n<li>Guia para escolher <a href=\"https:\/\/www.imovirtual.com\/noticias\/decoracao\/guia-almofadas-decorativas\" target=\"_blank\" rel=\"noopener\"><strong>almofadas decorativas<\/strong><\/a><\/li>\n<li><a href=\"https:\/\/www.imovirtual.com\/noticias\/decoracao\/bancadas-cozinha-materiais\" target=\"_blank\" rel=\"noopener\"><strong>Bancadas de Cozinha<\/strong><\/a>: qual o material mais indicado?<\/li>\n<\/ul>\n<\/p>\n<div class=\"css-h5fkc8\"><strong>Ultima actualiza\u00e7\u00e3o:<\/strong> 06 mar\u00e7o 2022<\/div>\n","protected":false},"excerpt":{"rendered":"<p>Saiba tudo sobre o Homefullness H\u00e1 uma nova tend\u00eancia no design de interiores: o homefullness. De acordo com a revista espanhola, AD Magazine, este \u00e9 um conceito que parte da adapta\u00e7\u00e3o do mindfulness ao mundo da decora\u00e7\u00e3o, a fim de gerar sentimentos de prazer, paz e e al\u00edvio. Ser\u00e1 uma das grandes tend\u00eancias de 2022, &hellip;<\/p>\n","protected":false},"author":3,"featured_media":706,"comment_status":"closed","ping_status":"open","sticky":false,"template":"","format":"standard","meta":{"footnotes":""},"categories":[3],"tags":[],"class_list":["post-705","post","type-post","status-publish","format-standard","has-post-thumbnail","hentry","category-lifestyle"],"_links":{"self":[{"href":"https:\/\/www.imovirtual.com\/noticias\/wp-json\/wp\/v2\/posts\/705","targetHints":{"allow":["GET"]}}],"collection":[{"href":"https:\/\/www.imovirtual.com\/noticias\/wp-json\/wp\/v2\/posts"}],"about":[{"href":"https:\/\/www.imovirtual.com\/noticias\/wp-json\/wp\/v2\/types\/post"}],"author":[{"embeddable":true,"href":"https:\/\/www.imovirtual.com\/noticias\/wp-json\/wp\/v2\/users\/3"}],"replies":[{"embeddable":true,"href":"https:\/\/www.imovirtual.com\/noticias\/wp-json\/wp\/v2\/comments?post=705"}],"version-history":[{"count":0,"href":"https:\/\/www.imovirtual.com\/noticias\/wp-json\/wp\/v2\/posts\/705\/revisions"}],"wp:featuredmedia":[{"embeddable":true,"href":"https:\/\/www.imovirtual.com\/noticias\/wp-json\/wp\/v2\/media\/706"}],"wp:attachment":[{"href":"https:\/\/www.imovirtual.com\/noticias\/wp-json\/wp\/v2\/media?parent=705"}],"wp:term":[{"taxonomy":"category","embeddable":true,"href":"https:\/\/www.imovirtual.com\/noticias\/wp-json\/wp\/v2\/categories?post=705"},{"taxonomy":"post_tag","embeddable":true,"href":"https:\/\/www.imovirtual.com\/noticias\/wp-json\/wp\/v2\/tags?post=705"}],"curies":[{"name":"wp","href":"https:\/\/api.w.org\/{rel}","templated":true}]}}