{"id":701,"date":"2022-03-15T00:00:00","date_gmt":"2022-03-15T00:00:00","guid":{"rendered":"https:\/\/www.imovirtual.com\/noticias2\/2022\/03\/15\/imosintese-noticias-140322\/"},"modified":"2022-03-15T00:00:00","modified_gmt":"2022-03-15T00:00:00","slug":"imosintese-noticias-140322","status":"publish","type":"post","link":"https:\/\/www.imovirtual.com\/noticias\/novidades\/imosintese-noticias-140322\/","title":{"rendered":"IMOS\u00cdNTESE &#8211; NOT\u00cdCIAS 14\/03"},"content":{"rendered":"<p class=\"css-8qfla4\">\n<p class=\"css-m5h6m0 edperro0\">\n<h2><strong>Em parceria com o Di\u00e1rio Imobili\u00e1rio, o Imovirtual apresenta diariamente um resumo notici\u00e1rio dos acontecimentos mais relevantes do dia. Fique a par das \u00faltimas novidades do Mercado Imobili\u00e1rio:<\/strong><\/h2>\n<\/p>\n<h1><strong>Mercado imobili\u00e1rio portugu\u00eas \u2018treme\u2019 com a guerra na Ucr\u00e2nia<\/strong><\/h1>\n<p>Os efeitos da ofensiva da R\u00fassia em territ\u00f3rio ucraniano j\u00e1 s\u00e3o sentidos, al\u00e9m das tr\u00e1gicas consequ\u00eancias de perda de vidas humanas e devasta\u00e7\u00e3o de patrim\u00f3nio. A guerra que rebentou no dia 24 de Fevereiro causou grande impacto na economia mundial, sobretudo europeia. Em Portugal, j\u00e1 se sente os efeitos da guerra e a subida galopante dos combust\u00edveis s\u00e3o o primeiro sinal do que poder\u00e1 estar por vir.<\/p>\n<h3><strong>Saiba mais <a href=\"https:\/\/www.diarioimobiliario.pt\/Actualidade\/Mercado-imobiliario-portugues-treme-com-a-guerra-na-Ucrania\" target=\"_blank\" rel=\"noopener\">aqui<\/a><\/strong><\/h3>\n<\/p>\n<h1><strong>Procura por terrenos cresceu 40% no in\u00edcio do ano face ao final de 2021<\/strong><\/h1>\n<p>Segundo um estudo do portal&nbsp;<a href=\"https:\/\/www.imovirtual.com\/\" target=\"_blank\" rel=\"noopener\">Imovirtual<\/a>&nbsp;baseado em dados dispon\u00edveis na plataforma, registou-se um crescimento de +40% na procura por terrenos em Janeiro e Fevereiro de 2022, em compara\u00e7\u00e3o com os dois meses finais de 2021.<\/p>\n<h3><strong>Saiba mais <a href=\"https:\/\/www.diarioimobiliario.pt\/Actualidade\/Procura-por-terrenos-cresceu-40-no-inicio-do-ano-face-ao-final-de-2021\" target=\"_blank\" rel=\"noopener\">aqui<\/a><\/strong><\/h3>\n<\/p>\n<h1><strong>O 5 estrelas Vila Valverde Design &amp; Country Hotel renovado por Nini Andrade Silva<\/strong><\/h1>\n<p>O primeiro e \u00fanico hotel rural de 5 estrelas no Algarve, o Vila Valverde Design &amp; Country Hotel, foi alvo de um lifting profundo, da responsabilidade de Nini Andrade Silva, designer de interiores, respons\u00e1vel pela redecora\u00e7\u00e3o de toda a unidade hoteleira.<\/p>\n<h3><strong>Saiba mais <a href=\"https:\/\/www.diarioimobiliario.pt\/Turismo\/O-5-estrelas-Vila-Valverde-Design-Country-Hotel-renovado-por-Nini-Andrade-Silva\" target=\"_blank\" rel=\"noopener\">aqui<\/a><\/strong><\/h3>\n<\/p>\n<h1><strong>Edif\u00edcio Infinity da Vanguard Properties chegou ao \u00faltimo piso<\/strong><\/h1>\n<p>A constru\u00e7\u00e3o do edif\u00edcio&nbsp;Infinity, da Vanguard Properties, chegou ao \u00faltimo piso.&nbsp;A Infinity, situada em Campolide, \u00e9 j\u00e1 um dos edif\u00edcios mais altos de Lisboa, com 26 pisos acima do solo e outros tr\u00eas no subsolo. O&nbsp;projecto representa um investimento de mais de 90 milh\u00f5es.<\/p>\n<h3><strong>Saiba mais <a href=\"https:\/\/www.diarioimobiliario.pt\/Actualidade\/Edificio-Infinity-da-Vanguard-Properties-chegou-ao-ultimo-piso\" target=\"_blank\" rel=\"noopener\">aqui<\/a><\/strong><\/h3>\n<\/p>\n<h1><strong>Rhamos Properties lan\u00e7a primeira criptomoeda do sector imobili\u00e1rio<\/strong><\/h1>\n<p>Rhamos Properties \u00e9 a primeira empresa de investimentos, promo\u00e7\u00e3o e gest\u00e3o imobili\u00e1ria a emitir uma criptomoeda pr\u00f3pria a n\u00edvel mundial. O pr\u00e9-lan\u00e7amento, que permite acesso exclusivo \u00e0 aquisi\u00e7\u00e3o, ser\u00e1 no dia 5 de Abril. Neste momento est\u00e1 j\u00e1 aberta a&nbsp;whitelist&nbsp;para inscri\u00e7\u00e3o de demonstra\u00e7\u00e3o de interesse.<\/p>\n<h3><strong>Saiba mais <a href=\"https:\/\/www.diarioimobiliario.pt\/Actualidade\/Rhamos-Properties-lanca-primeira-criptomoeda-do-sector-imobiliario\" target=\"_blank\" rel=\"noopener\">aqui<\/a><\/strong><\/h3>\n<\/p>\n<h4><strong>Leia as anteriores Imos\u00edntese:<\/strong><\/h4>\n<p><strong>\ud83d\udc49<a href=\"https:\/\/www.imovirtual.com\/noticias\/noticias\/imosintese-noticias-110322\" target=\"_blank\" rel=\"noopener\">IMOS\u00cdNTESE &#8211; NOT\u00cdCIAS 11\/03<\/a><\/strong><\/p>\n<p><strong>\ud83d\udc49<a href=\"https:\/\/www.imovirtual.com\/noticias\/noticias\/imosintese-noticias-100322\" target=\"_blank\" rel=\"noopener\">IMOS\u00cdNTESE &#8211; NOT\u00cdCIAS 10\/03<\/a><\/strong><\/p>\n<p><strong>\ud83d\udc49<a href=\"https:\/\/www.imovirtual.com\/noticias\/noticias\/imosintese-noticias-090322\" target=\"_blank\" rel=\"noopener\">IMOS\u00cdNTESE &#8211; NOT\u00cdCIAS 09\/03<\/a><\/strong><\/p>\n<\/p>\n<div class=\"css-h5fkc8\"><strong>Ultima actualiza\u00e7\u00e3o:<\/strong> 15 mar\u00e7o 2022<\/div>\n","protected":false},"excerpt":{"rendered":"<p>Em parceria com o Di\u00e1rio Imobili\u00e1rio, o Imovirtual apresenta diariamente um resumo notici\u00e1rio dos acontecimentos mais relevantes do dia. Fique a par das \u00faltimas novidades do Mercado Imobili\u00e1rio: Mercado imobili\u00e1rio portugu\u00eas \u2018treme\u2019 com a guerra na Ucr\u00e2nia Os efeitos da ofensiva da R\u00fassia em territ\u00f3rio ucraniano j\u00e1 s\u00e3o sentidos, al\u00e9m das tr\u00e1gicas consequ\u00eancias de perda &hellip;<\/p>\n","protected":false},"author":3,"featured_media":100,"comment_status":"closed","ping_status":"open","sticky":false,"template":"","format":"standard","meta":{"footnotes":""},"categories":[4],"tags":[],"class_list":["post-701","post","type-post","status-publish","format-standard","has-post-thumbnail","hentry","category-novidades"],"_links":{"self":[{"href":"https:\/\/www.imovirtual.com\/noticias\/wp-json\/wp\/v2\/posts\/701","targetHints":{"allow":["GET"]}}],"collection":[{"href":"https:\/\/www.imovirtual.com\/noticias\/wp-json\/wp\/v2\/posts"}],"about":[{"href":"https:\/\/www.imovirtual.com\/noticias\/wp-json\/wp\/v2\/types\/post"}],"author":[{"embeddable":true,"href":"https:\/\/www.imovirtual.com\/noticias\/wp-json\/wp\/v2\/users\/3"}],"replies":[{"embeddable":true,"href":"https:\/\/www.imovirtual.com\/noticias\/wp-json\/wp\/v2\/comments?post=701"}],"version-history":[{"count":0,"href":"https:\/\/www.imovirtual.com\/noticias\/wp-json\/wp\/v2\/posts\/701\/revisions"}],"wp:featuredmedia":[{"embeddable":true,"href":"https:\/\/www.imovirtual.com\/noticias\/wp-json\/wp\/v2\/media\/100"}],"wp:attachment":[{"href":"https:\/\/www.imovirtual.com\/noticias\/wp-json\/wp\/v2\/media?parent=701"}],"wp:term":[{"taxonomy":"category","embeddable":true,"href":"https:\/\/www.imovirtual.com\/noticias\/wp-json\/wp\/v2\/categories?post=701"},{"taxonomy":"post_tag","embeddable":true,"href":"https:\/\/www.imovirtual.com\/noticias\/wp-json\/wp\/v2\/tags?post=701"}],"curies":[{"name":"wp","href":"https:\/\/api.w.org\/{rel}","templated":true}]}}