{"id":696,"date":"2022-03-14T00:00:00","date_gmt":"2022-03-14T00:00:00","guid":{"rendered":"https:\/\/www.imovirtual.com\/noticias2\/2022\/03\/14\/dicas-dormir-melhor\/"},"modified":"2022-03-14T00:00:00","modified_gmt":"2022-03-14T00:00:00","slug":"dicas-dormir-melhor","status":"publish","type":"post","link":"https:\/\/www.imovirtual.com\/noticias\/lifestyle\/dicas-dormir-melhor\/","title":{"rendered":"Vida saud\u00e1vel: dicas para dormir melhor"},"content":{"rendered":"<p class=\"css-8qfla4\">\n<p class=\"css-m5h6m0 edperro0\">\n<h1><strong>Dorme poucas horas por noite? Estas dicas ajudam a melhorar o seu sono<\/strong><\/h1>\n<p>Todos os anos, o <strong>Dia Mundial do Sono <\/strong>\u00e9 celebrado na <strong>sexta-feira anterior ao equin\u00f3cio da Primavera<\/strong>. Neste caso, em 2022, celebra-se em conjunto com o Dia do Pai, a 19 de mar\u00e7o. Para antecipar esta data, reunimos neste artigo algumas das pr\u00e1ticas que pode adotar em casa para evitar as noites em branco. Todas elas s\u00e3o inspiradas no <a href=\"https:\/\/www.imovirtual.com\/noticias\/decoracao\/use-tecnica-feng-shui-harmonizar-casa\" target=\"_blank\" rel=\"noopener\"><strong>Feng Shui<\/strong><\/a>, a arte milenar chinesa que, atrav\u00e9s dos elementos <a href=\"https:\/\/www.imovirtual.com\/noticias\/imobiliario\/como-poupar-na-fatura-da-agua\" target=\"_blank\" rel=\"noopener\">\u00e1gua<\/a>, terra, fogo, madeira e metal, promove o equil\u00edbrio entre as energias Yin e Yang e harmoniza a decora\u00e7\u00e3o e energia de um lar. A forma como organizamos a disposi\u00e7\u00e3o dos m\u00f3veis do nosso quarto influencia as nossas energias, assim como materiais escolhidos para a composi\u00e7\u00e3o do espa\u00e7o. Fique a conhecer<strong> 4 pr\u00e1ticas a que deve atentar na hora de organizar o seu quarto, para assim evitar ins\u00f3nias e noites mal dormidas.<\/strong><\/p>\n<\/p>\n<h3>Veja tamb\u00e9m: <a href=\"https:\/\/www.imovirtual.com\/noticias\/decoracao\/10-dicas-para-decoracao-de-quarto-pequeno-e-com-estilo\" target=\"_blank\" rel=\"noopener\"><em><strong>10 dicas para decora\u00e7\u00e3o de quarto pequeno e com estilo<\/strong><\/em><\/a><\/h3>\n<\/p>\n<h2><strong>Cuidado com os espelhos<\/strong><\/h2>\n<p>Espelhos a refletirem a cama \u00e9 um mau press\u00e1gio para os seus sonhos. De acordo com a filosofia do Feng Shui, um <a href=\"https:\/\/www.imovirtual.com\/noticias\/decoracao\/feng-shui-regras-colocar-espelhos\" target=\"_blank\" rel=\"noopener\">espelho<\/a> que reflita a&nbsp;imagem de uma pessoa&nbsp;a dormir, pode ser prejudicial, j\u00e1 que <strong>altera o equil\u00edbrio energ\u00e9tico do ambiente<\/strong>, prejudicando&nbsp;o&nbsp;sono, tornando-o agitado&nbsp;e provocando&nbsp;ins\u00f3nias. Recomenda-se a quem tenha o espelho nesta dire\u00e7\u00e3o e n\u00e3o o puder mudar, a tap\u00e1-lo com um pano na hora de dormir para anular esta energia&nbsp;prejudicial.&nbsp;<\/p>\n<h3>Conhe\u00e7a: <a href=\"https:\/\/www.imovirtual.com\/noticias\/decoracao\/espelhos-nos-melhores-locais-casa\" target=\"_blank\" rel=\"noopener\"><em><strong>Os melhores locais da casa para colocar espelhos<\/strong><\/em><\/a><\/h3>\n<\/p>\n<h2><strong>N\u00e3o alinhe a cama com a porta<\/strong><\/h2>\n<p>De acordo com os princ\u00edpios do<strong> Feng Shui<\/strong>, a cama n\u00e3o deve estar diretamente alinhada com a porta, j\u00e1 que essa disposi\u00e7\u00e3o interfere com o fluxo de <a href=\"https:\/\/www.imovirtual.com\/noticias\/imobiliario\/tipos-de-energias-renovaveis-para-a-sua-casa\" target=\"_blank\" rel=\"noopener\">energia<\/a>. Assim sendo, recomenda-se que coloque uma pe\u00e7a entre as duas localiza\u00e7\u00f5es para interromper o fluxo de energia. Note ainda que, al\u00e9m de n\u00e3o dever existir este alinhamento, \u00e9 muito importante que a <strong>cama esteja colocada num local onde seja poss\u00edvel visualizar a porta<\/strong>, para gerar uma sensa\u00e7\u00e3o de <a href=\"https:\/\/www.imovirtual.com\/noticias\/imobiliario\/sistemas-de-alarme-casa\" target=\"_blank\" rel=\"noopener\">seguran\u00e7a<\/a> e prote\u00e7\u00e3o.<\/p>\n<\/p>\n<h2><strong>A cama \u00e9 para dormir<\/strong><\/h2>\n<p>Ter uma <strong>televis\u00e3o no quarto<\/strong> para assistir aos seus programas preferidos antes de dormir parece ser uma \u00f3tima regalia. No entanto, saiba que pode ser prejudicial para a sua qualidade de sono. Isto porque <strong>a claridade<\/strong> deste dispositivo, assim como de <em>tablets<\/em>, <em>smartphones<\/em> e computadores, <strong>pode interferir no tempo de descanso<\/strong>. Assim, \u00e9 recomendado que n\u00e3o tenha uma TV no <a href=\"https:\/\/www.imovirtual.com\/noticias\/imobiliario\/6-formas-reaproveitar-quarto\" target=\"_blank\" rel=\"noopener\">quarto<\/a> e que evite o uso de telem\u00f3veis e outros aparelhos semelhantes at\u00e9 uma hora antes de ir dormir.<\/p>\n<\/p>\n<h2><strong>N\u00e3o abdique da cabeceira de cama<\/strong><\/h2>\n<p>Ainda de acordo com o <a href=\"https:\/\/www.imovirtual.com\/noticias\/decoracao\/feng-shui-sala-de-estar\" target=\"_blank\" rel=\"noopener\"><strong>Feng Shui<\/strong><\/a>, \u00e9 fulcral ter uma boa cabeceira para complementar a cama, j\u00e1 que esta simboliza prote\u00e7\u00e3o, seguran\u00e7a e estabilidade. Durante o per\u00edodo de sono estamos mais desprotegidos e energeticamente mais fr\u00e1geis. Assim, <strong>camas sem cabeceira deixam-nos mais vulner\u00e1veis e com problemas para dormir, criando uma sensa\u00e7\u00e3o constante de inseguran\u00e7a e fragilidade na vida<\/strong>.<\/p>\n<\/p>\n<h3>Veja tamb\u00e9m: <a href=\"https:\/\/www.imovirtual.com\/noticias\/decoracao\/feng-shui-importancia-cabeceira-cama\" target=\"_blank\" rel=\"noopener\"><em><strong>Feng Shui e a import\u00e2ncia da cabeceira da cama<\/strong><\/em><\/a><\/h3>\n<\/p>\n<h2><\/h2>\n<\/p>\n<p class=\" block-img\"><img decoding=\"async\" src=\"https:\/\/www.imovirtual.com\/noticias\/wp-content\/uploads\/2022\/11\/bd5974cf-f0b2-4813-a690-c8359669947e_Copia-de-Banners-Autores.png\" alt=\"Ana Catarina Autor Imovirtual\"><\/p>\n<h5><em>Ana Catarina \u00e9 a mi\u00fada das tend\u00eancias. Gosta de ficar em casa a perder-se pelas p\u00e1ginas de um livro, mas tamb\u00e9m n\u00e3o dispensa um caf\u00e9 tardio com os amigos. Est\u00e1 sempre \u00e0 procura do \u00faltimo grito em Lifestyle para revelar no Blog do Imovirtual.<\/em><\/h5>\n<\/p>\n<h4><strong>Tamb\u00e9m lhe pode interessar<\/strong><\/h4>\n<ul>\n<li>6 formas de reaproveitar o <a href=\"https:\/\/www.imovirtual.com\/noticias\/imobiliario\/6-formas-reaproveitar-quarto\" target=\"_blank\" rel=\"noopener\"><strong>quarto<\/strong><\/a> que os agentes imobili\u00e1rios adoram<\/li>\n<li><a href=\"https:\/\/www.imovirtual.com\/noticias\/lifestyle\/animais-estimacao-limpeza-casa\" target=\"_blank\" rel=\"noopener\"><strong>Animais de estima\u00e7\u00e3o<\/strong><\/a>: mantenha a casa limpa com estas dicas<\/li>\n<li>Feng Shui e a import\u00e2ncia da <a href=\"https:\/\/www.imovirtual.com\/noticias\/decoracao\/feng-shui-importancia-cabeceira-cama\" target=\"_blank\" rel=\"noopener\"><strong>cabeceira da cama<\/strong><\/a><\/li>\n<\/ul>\n<\/p>\n<div class=\"css-h5fkc8\"><strong>Ultima actualiza\u00e7\u00e3o:<\/strong> 14 mar\u00e7o 2022<\/div>\n","protected":false},"excerpt":{"rendered":"<p>Dorme poucas horas por noite? Estas dicas ajudam a melhorar o seu sono Todos os anos, o Dia Mundial do Sono \u00e9 celebrado na sexta-feira anterior ao equin\u00f3cio da Primavera. Neste caso, em 2022, celebra-se em conjunto com o Dia do Pai, a 19 de mar\u00e7o. Para antecipar esta data, reunimos neste artigo algumas das &hellip;<\/p>\n","protected":false},"author":3,"featured_media":697,"comment_status":"closed","ping_status":"open","sticky":false,"template":"","format":"standard","meta":{"footnotes":""},"categories":[3],"tags":[],"class_list":["post-696","post","type-post","status-publish","format-standard","has-post-thumbnail","hentry","category-lifestyle"],"_links":{"self":[{"href":"https:\/\/www.imovirtual.com\/noticias\/wp-json\/wp\/v2\/posts\/696","targetHints":{"allow":["GET"]}}],"collection":[{"href":"https:\/\/www.imovirtual.com\/noticias\/wp-json\/wp\/v2\/posts"}],"about":[{"href":"https:\/\/www.imovirtual.com\/noticias\/wp-json\/wp\/v2\/types\/post"}],"author":[{"embeddable":true,"href":"https:\/\/www.imovirtual.com\/noticias\/wp-json\/wp\/v2\/users\/3"}],"replies":[{"embeddable":true,"href":"https:\/\/www.imovirtual.com\/noticias\/wp-json\/wp\/v2\/comments?post=696"}],"version-history":[{"count":0,"href":"https:\/\/www.imovirtual.com\/noticias\/wp-json\/wp\/v2\/posts\/696\/revisions"}],"wp:featuredmedia":[{"embeddable":true,"href":"https:\/\/www.imovirtual.com\/noticias\/wp-json\/wp\/v2\/media\/697"}],"wp:attachment":[{"href":"https:\/\/www.imovirtual.com\/noticias\/wp-json\/wp\/v2\/media?parent=696"}],"wp:term":[{"taxonomy":"category","embeddable":true,"href":"https:\/\/www.imovirtual.com\/noticias\/wp-json\/wp\/v2\/categories?post=696"},{"taxonomy":"post_tag","embeddable":true,"href":"https:\/\/www.imovirtual.com\/noticias\/wp-json\/wp\/v2\/tags?post=696"}],"curies":[{"name":"wp","href":"https:\/\/api.w.org\/{rel}","templated":true}]}}