{"id":676,"date":"2022-04-06T00:00:00","date_gmt":"2022-04-06T00:00:00","guid":{"rendered":"https:\/\/www.imovirtual.com\/noticias2\/2022\/04\/06\/imosintese-noticias-050422\/"},"modified":"2022-04-06T00:00:00","modified_gmt":"2022-04-06T00:00:00","slug":"imosintese-noticias-050422","status":"publish","type":"post","link":"https:\/\/www.imovirtual.com\/noticias\/novidades\/imosintese-noticias-050422\/","title":{"rendered":"IMOS\u00cdNTESE &#8211; NOT\u00cdCIAS 05\/04"},"content":{"rendered":"<p class=\"css-8qfla4\">\n<p class=\"css-m5h6m0 edperro0\">\n<h2><strong>Em parceria com o Di\u00e1rio Imobili\u00e1rio, o Imovirtual apresenta diariamente um resumo notici\u00e1rio dos acontecimentos mais relevantes do dia. Fique a par das \u00faltimas novidades do Mercado Imobili\u00e1rio:<\/strong><\/h2>\n<\/p>\n<h1><strong>Profissionais do imobili\u00e1rio consideram que mercado vai acelerar nos pr\u00f3ximos 12 meses<\/strong><\/h1>\n<p>O novo estudo global realizado pela Berkshire Hathaway HomeServices,&nbsp;rede internacional de intermedia\u00e7\u00e3o imobili\u00e1ria,&nbsp;em sete mercados chave &#8211; Reino Unido, Alemanha, It\u00e1lia, Espanha, Portugal, Gr\u00e9cia e Dubai &#8211; revela que nos \u00faltimos dois anos registou-se um elevado n\u00edvel de actividade do mercado residencial, em todo o mundo.&nbsp;<\/p>\n<h3><strong>Saiba mais <a href=\"https:\/\/www.diarioimobiliario.pt\/Actualidade\/Profissionais-do-imobiliario-consideram-que-mercado-vai-acelerar-nos-proximos-12-meses\" target=\"_blank\" rel=\"noopener\">aqui<\/a><\/strong><\/h3>\n<\/p>\n<h1><strong>AICCOPN apresenta ao Governo um pacote de medidas para travar subida de pre\u00e7os<\/strong><\/h1>\n<p>Perante o \u201cfen\u00f3meno\u201d da subida abrupta dos pre\u00e7os das mat\u00e9rias-primas e dos materiais de constru\u00e7\u00e3o, bem como da disrup\u00e7\u00e3o das cadeias de produ\u00e7\u00e3o e distribui\u00e7\u00e3o dos produtos necess\u00e1rios \u00e0 execu\u00e7\u00e3o das obras, resultantes, em larga medida, da pandemia e que se agravaram e exponenciaram com o conflito armado entre a R\u00fassia e a Ucr\u00e2nia, a AICCOPN remeteu ao Governo&nbsp;um pacote de medidas que dever\u00e3o ser adoptadas para acautelar a competitividade do tecido empresarial, essencial \u00e0 conclus\u00e3o dos projectos em curso e \u00e0 necess\u00e1ria concretiza\u00e7\u00e3o do Plano de Recupera\u00e7\u00e3o e Resili\u00eancia (PRR) e do Plano Nacional de Investimentos 2030 (PNI2030).<\/p>\n<h3><strong>Saiba mais <a href=\"https:\/\/www.diarioimobiliario.pt\/Actualidade\/AICCOPN-apresenta-ao-Governo-um-pacote-de-medidas-para-travar-subida-de-precos\" target=\"_blank\" rel=\"noopener\">aqui<\/a><\/strong><\/h3>\n<\/p>\n<h1><strong>WeWork abre primeiro espa\u00e7o de flex offices em Portugal<\/strong><\/h1>\n<p>A WeWork anunciou hoje o seu plano para abrir o primeiro espa\u00e7o em Lisboa, nomeadamente no n\u00famero 50 da Rua Alexandre Herculano. O edif\u00edcio ser\u00e1 inaugurado no ver\u00e3o de 2022 e marcar\u00e1 o 39\u00ba pa\u00eds para a WeWork a n\u00edvel global.<\/p>\n<h3><strong>Saiba mais <a href=\"https:\/\/www.diarioimobiliario.pt\/Actualidade\/Escritorios\/WeWork-abre-primeiro-espaco-de-flex-offices-em-Portugalhttps:\/\/www.diarioimobiliario.pt\/Actualidade\/Escritorios\/WeWork-abre-primeiro-espaco-de-flex-offices-em-Portugal\" target=\"_blank\" rel=\"noopener\">aqui<\/a><\/strong><\/h3>\n<\/p>\n<h1><strong>Desenvolvimento Imobili\u00e1rio em Lisboa &#8211; Caso de Estudo 1<\/strong><\/h1>\n<p><strong>[Artigo de Opini\u00e3o &#8211; Andr\u00e9 Casaca] &#8211; <\/strong>A atividade da RE-Factory tem-se apresentado maioritariamente como um processo de levantamento e estudo de oportunidades de investimento, numa l\u00f3gica de Promo\u00e7\u00e3o Imobili\u00e1ria, com o intuito de dar resposta \u00e0s necessidades de liquidez e\/ou rendibilidade dos nossos clientes.<\/p>\n<h3><strong>Saiba mais <a href=\"https:\/\/www.diarioimobiliario.pt\/Opiniao\/Desenvolvimento-Imobiliario-em-Lisboa-Caso-de-Estudo-1\" target=\"_blank\" rel=\"noopener\">aqui<\/a><\/strong><\/h3>\n<\/p>\n<h1><strong>Inspirada no bairro oper\u00e1rio onde est\u00e1 inserida nasce a Casa Santa Joana em Aveiro<\/strong><\/h1>\n<p>Numa rua marcada por um vasto conjunto de habita\u00e7\u00e3o para classe oper\u00e1ria, o sentido de repeti\u00e7\u00e3o e sistematiza\u00e7\u00e3o do processo construtivo,&nbsp;caracter\u00edstica deste arruamento, o NU.MA, architects&nbsp;trouxe para a Casa Santa Joana essa mesma ideia\u2026 repeti\u00e7\u00e3o\/ sistematiza\u00e7\u00e3o.<\/p>\n<h3><strong>Saiba mais <a href=\"https:\/\/www.diarioimobiliario.pt\/Arquitectura\/Inspirada-no-bairro-operario-onde-esta-inserida-nasce-a-Casa-Santa-Joana-em-Aveiro\" target=\"_blank\" rel=\"noopener\">aqui<\/a><\/strong><\/h3>\n<\/p>\n<h4><strong>Leia as anteriores Imos\u00edntese:<\/strong><\/h4>\n<p><strong>\ud83d\udc49<a href=\"https:\/\/www.imovirtual.com\/noticias\/noticias\/imosintese-noticias-0404\" target=\"_blank\" rel=\"noopener\">IMOS\u00cdNTESE &#8211; NOT\u00cdCIAS 04\/04<\/a><\/strong><\/p>\n<p><strong>\ud83d\udc49<a href=\"https:\/\/www.imovirtual.com\/noticias\/noticias\/imosintese-noticias-010422\" target=\"_blank\" rel=\"noopener\">IMOS\u00cdNTESE &#8211; NOT\u00cdCIAS 01\/04<\/a><\/strong><\/p>\n<p><strong>\ud83d\udc49<a href=\"https:\/\/www.imovirtual.com\/noticias\/noticias\/imosintese-noticias-310322\" target=\"_blank\" rel=\"noopener\">IMOS\u00cdNTESE &#8211; NOT\u00cdCIAS 31\/03<\/a><\/strong><\/p>\n<\/p>\n<div class=\"css-h5fkc8\"><strong>Ultima actualiza\u00e7\u00e3o:<\/strong> 06 abril 2022<\/div>\n","protected":false},"excerpt":{"rendered":"<p>Em parceria com o Di\u00e1rio Imobili\u00e1rio, o Imovirtual apresenta diariamente um resumo notici\u00e1rio dos acontecimentos mais relevantes do dia. Fique a par das \u00faltimas novidades do Mercado Imobili\u00e1rio: Profissionais do imobili\u00e1rio consideram que mercado vai acelerar nos pr\u00f3ximos 12 meses O novo estudo global realizado pela Berkshire Hathaway HomeServices,&nbsp;rede internacional de intermedia\u00e7\u00e3o imobili\u00e1ria,&nbsp;em sete mercados &hellip;<\/p>\n","protected":false},"author":3,"featured_media":100,"comment_status":"closed","ping_status":"open","sticky":false,"template":"","format":"standard","meta":{"footnotes":""},"categories":[4],"tags":[],"class_list":["post-676","post","type-post","status-publish","format-standard","has-post-thumbnail","hentry","category-novidades"],"_links":{"self":[{"href":"https:\/\/www.imovirtual.com\/noticias\/wp-json\/wp\/v2\/posts\/676","targetHints":{"allow":["GET"]}}],"collection":[{"href":"https:\/\/www.imovirtual.com\/noticias\/wp-json\/wp\/v2\/posts"}],"about":[{"href":"https:\/\/www.imovirtual.com\/noticias\/wp-json\/wp\/v2\/types\/post"}],"author":[{"embeddable":true,"href":"https:\/\/www.imovirtual.com\/noticias\/wp-json\/wp\/v2\/users\/3"}],"replies":[{"embeddable":true,"href":"https:\/\/www.imovirtual.com\/noticias\/wp-json\/wp\/v2\/comments?post=676"}],"version-history":[{"count":0,"href":"https:\/\/www.imovirtual.com\/noticias\/wp-json\/wp\/v2\/posts\/676\/revisions"}],"wp:featuredmedia":[{"embeddable":true,"href":"https:\/\/www.imovirtual.com\/noticias\/wp-json\/wp\/v2\/media\/100"}],"wp:attachment":[{"href":"https:\/\/www.imovirtual.com\/noticias\/wp-json\/wp\/v2\/media?parent=676"}],"wp:term":[{"taxonomy":"category","embeddable":true,"href":"https:\/\/www.imovirtual.com\/noticias\/wp-json\/wp\/v2\/categories?post=676"},{"taxonomy":"post_tag","embeddable":true,"href":"https:\/\/www.imovirtual.com\/noticias\/wp-json\/wp\/v2\/tags?post=676"}],"curies":[{"name":"wp","href":"https:\/\/api.w.org\/{rel}","templated":true}]}}