{"id":673,"date":"2022-04-03T00:00:00","date_gmt":"2022-04-03T00:00:00","guid":{"rendered":"https:\/\/www.imovirtual.com\/noticias2\/2022\/04\/03\/escolher-moveis-casa-banho\/"},"modified":"2024-08-28T10:18:53","modified_gmt":"2024-08-28T10:18:53","slug":"escolher-moveis-casa-banho","status":"publish","type":"post","link":"https:\/\/www.imovirtual.com\/noticias\/lifestyle\/escolher-moveis-casa-banho\/","title":{"rendered":"Como escolher m\u00f3veis de casa de banho"},"content":{"rendered":"<p class=\"css-8qfla4\">\n<p class=\"css-m5h6m0 edperro0\">\n<h1><strong>Como escolher m\u00f3veis de casa de banho<\/strong><\/h1>\n<p>N\u00e3o sendo propriamente a maior divis\u00e3o que ter\u00e1 na sua casa, as casas de banho s\u00e3o <strong>espa\u00e7os que pedem obrigatoriamente um planeamento pormenorizado<\/strong>. N\u00e3o que as outras divis\u00f5es da sua casa n\u00e3o necessitem deste cuidado, mas mais de qualquer outro ambiente, os <a href=\"https:\/\/www.imovirtual.com\/noticias\/decoracao\/renovacao-wc-ideias\" target=\"_blank\" rel=\"noopener\">WC<\/a> s\u00e3o espa\u00e7os onde se deve primar pela <strong>higiene e limpeza<\/strong>. Al\u00e9m disso s\u00e3o locais onde ser acumula muita <a href=\"https:\/\/www.imovirtual.com\/noticias\/lifestyle\/proteja-a-sua-casa-da-humidade-com-estas-dicas\" target=\"_blank\" rel=\"noopener\">humidade<\/a> e <a href=\"https:\/\/www.imovirtual.com\/noticias\/lifestyle\/condensacao-das-janelas\" target=\"_blank\" rel=\"noopener\">condensa\u00e7\u00e3o<\/a> e onde a decora\u00e7\u00e3o, loi\u00e7as e mobili\u00e1rio devem conviver harmoniosamente a fim de criar um espa\u00e7o bonito e otimizado. As casas de banho devem ser pr\u00e1ticas, livres de <a href=\"https:\/\/www.imovirtual.com\/noticias\/decoracao\/visual-clutter-como-resolver\" target=\"_blank\" rel=\"noopener\">desorganiza\u00e7\u00e3o visual<\/a> e itens que possam dificultar o seu uso. S\u00e3o <strong>locais de passagem e de uso pontual<\/strong>, mas nem por isso deve descurar a sua apresenta\u00e7\u00e3o. At\u00e9 porque, a par da <a href=\"https:\/\/www.imovirtual.com\/noticias\/decoracao\/como-escolher-sofa-perfeito-sala-de-estar\" target=\"_blank\" rel=\"noopener\">sala de estar<\/a> (e eventualmente da <a href=\"https:\/\/www.imovirtual.com\/noticias\/decoracao\/cozinhas-inspiradoras\" target=\"_blank\" rel=\"noopener\">cozinha<\/a>) ser\u00e3o os lugares mais utilizados por quem visita o seu lar. Depois de lhe mostrarmos algumas dicas para decorar a sua casa de banho, transform\u00e1-la num <a href=\"https:\/\/www.imovirtual.com\/noticias\/lifestyle\/como-transformar-a-sua-casa-de-banho-num-spa\" target=\"_blank\" rel=\"noopener\">spa <\/a>ou simplesmente para <a href=\"https:\/\/www.imovirtual.com\/noticias\/lifestyle\/organizar-casa-de-banho\" target=\"_blank\" rel=\"noopener\">organizar<\/a> o espa\u00e7o, \u00e9 altura de lhe falarmos dos m\u00f3veis de WC. <\/p>\n<p>S\u00e3o pe\u00e7as-chave para a otimiza\u00e7\u00e3o do espa\u00e7o, e devem ter tanto de \u00fatil como de bonito e funcional. Note que os<strong> m\u00f3veis de casa de banho<\/strong> devem enquadrar-se com a restante est\u00e9tica da casa, para assim criar um espa\u00e7o flu\u00eddo e apraz\u00edvel &#8211; por exemplo, uma decora\u00e7\u00e3o colorida e uma casa de banho em tons escuros iria destoar. Mas neste artigo n\u00e3o pretendemos falar de estilos decorativos &#8211; para isso pode consultar o nosso texto, <a href=\"https:\/\/www.imovirtual.com\/noticias\/decoracao\/dicas-para-decorar-a-casa-de-banho\" target=\"_blank\" rel=\"noopener\"><strong><em>Dicas para decorar a casa de banho<\/em><\/strong><\/a>. Com este guia pretendemos <strong>ajud\u00e1-lo no processo de escolha do mobili\u00e1rio, dando-lhe informa\u00e7\u00f5es sobre os tipos de m\u00f3veis, os materiais e os acabamentos que pode escolher, para conseguir tirar o melhor partido desta parte da casa<\/strong>. Ora veja.<\/p>\n<\/p>\n<h3>Conhe\u00e7a: <a href=\"https:\/\/www.imovirtual.com\/noticias\/decoracao\/5-dicas-de-otimizacao-do-espaco-na-sua-casa-de-banho-id198.html\" target=\"_blank\" rel=\"noopener\"><em><strong>5 dicas de otimiza\u00e7\u00e3o do espa\u00e7o na sua casa de banho<\/strong><\/em><\/a><\/h3>\n<\/p>\n<h2><strong>Que tipos de m\u00f3veis de casa de banho existem?<\/strong><\/h2>\n<p>A escolha do tipo de m\u00f3veis vai depender totalmente do espa\u00e7o que tem dispon\u00edvel, do <a href=\"https:\/\/www.imovirtual.com\/noticias\/decoracao\/estilos-decoracao-paises\" target=\"_blank\" rel=\"noopener\"><strong>estilo de decora\u00e7\u00e3o<\/strong><\/a> e, claro, do seu gosto pessoal. De um modo geral, podemos distinguir <strong>3 tipos de m\u00f3veis<\/strong>:<\/p>\n<ul>\n<li><strong>Com p\u00e9s: <\/strong>facilitam a <a href=\"https:\/\/www.imovirtual.com\/noticias\/lifestyle\/rotina-diaria-de-limpeza-domestica\" target=\"_blank\" rel=\"noopener\">limpeza<\/a> debaixo dos m\u00f3veis e proporcionam um espa\u00e7o extra para guardar itens de <a href=\"https:\/\/www.imovirtual.com\/noticias\/decoracao\/o-design-das-casas-de-banho-nos-ultimos-500-anos\" target=\"_blank\" rel=\"noopener\">casa de banho<\/a> como a balan\u00e7a ou o tapete;<\/li>\n<li><strong>Suspensos: <\/strong>al\u00e9m de facilitarem as lides dom\u00e9sticas como o tipo anterior, os <a href=\"https:\/\/www.imovirtual.com\/noticias\/decoracao\/upcycling-moveis-paletes\" target=\"_blank\" rel=\"noopener\">m\u00f3veis<\/a> suspensos s\u00e3o uma \u00f3tima op\u00e7\u00e3o para casas de banho pequenas onde necessita de libertar espa\u00e7o visual;<\/li>\n<li><strong>Com rodap\u00e9s: <\/strong>uma \u00f3tima op\u00e7\u00e3o para quem pretende um acabamento mais sublime. Os m\u00f3veis com rodap\u00e9 n\u00e3o deixam acumular a sujidade.<\/li>\n<\/ul>\n<h2><strong>De que materiais devem ser feitos os m\u00f3veis de casa de banho? <\/strong><\/h2>\n<p>Mais uma vez a escolha deve ser feita consoante a prefer\u00eancia pessoal, mas tamb\u00e9m tendo em conta as caracter\u00edsticas do espa\u00e7o:<\/p>\n<ul>\n<li><strong>Madeira maci\u00e7a: <\/strong>oferece uma alta resist\u00eancia aos choques, mas \u00e9 vulner\u00e1vel \u00e0 <a href=\"https:\/\/www.imovirtual.com\/noticias\/decoracao\/7-plantas-casa-diminuem-humidade\" target=\"_blank\" rel=\"noopener\">humidade<\/a>, sendo necess\u00e1rio fazer uma boa manuten\u00e7\u00e3o para garantir o seu bom aspeto. \u00c0 parte disso, a madeira \u00e9 sempre uma boa op\u00e7\u00e3o para quem pretende criar ambientes quentes e aconchegantes;<\/li>\n<li><strong>Aglomerado: <\/strong>trata-se de um painel de aglomerado de part\u00edculas de madeira de forma\u00e7\u00e3o em tr\u00eas camadas com resinas sint\u00e9ticas;<\/li>\n<li><strong>MDF:<\/strong> este material apresenta um painel de fibras de madeira de m\u00e9dia densidade aglutinadas com resinas sint\u00e9ticas por prensagem.<\/li>\n<\/ul>\n<h2><strong>Que acabamentos apresentam os m\u00f3veis de casa de banho?<\/strong><\/h2>\n<p>Os m\u00f3veis de casa de banho podem apresentar v\u00e1rios tipos de acabamentos, entre os quais destacamos:<\/p>\n<ul>\n<li><strong>Lacado: <\/strong>ajudam a aumentar visualmente o espa\u00e7o gra\u00e7as aos seus atributos de alto brilho;<\/li>\n<li><strong>Melamina e MDF:<\/strong> trata-se de um aglomerado ou MDF coberto com um papel impresso impregnado de resinas melam\u00ednicas ou impermeabilizado;<\/li>\n<li><strong>L\u00e2mina e folheado: <\/strong>formado por pain\u00e9is de melamina ou aglomerado recobertos por uma l\u00e2mina de madeira de cerca de 0,6 mm de espessura.<\/li>\n<\/ul>\n<p class=\" block-img\"><img decoding=\"async\" src=\"https:\/\/www.imovirtual.com\/noticias\/wp-content\/uploads\/2022\/11\/af14b393-f5d1-4a75-8368-42f656903033_Copia-de-Banners-Autores-3.png\" alt=\"Maria Lu\u00edsa Autor Imovirtual\"><\/p>\n<h5><em>Maria Lu\u00edsa \u00e9 a decoradora. A paix\u00e3o pela decora\u00e7\u00e3o surgiu desde muito cedo, quando as paredes se tornaram folhas de desenho. Juntou o \u00fatil ao agrad\u00e1vel e fez da voca\u00e7\u00e3o o seu trabalho. Est\u00e1 a cargo dos temas sobre &#8216;Decora\u00e7\u00e3o&#8217; do Blog do Imovirtual.<\/em><\/h5>\n<\/p>\n<h4><strong>Tamb\u00e9m lhe pode interessar<\/strong><\/h4>\n<ul>\n<li>Saiba tudo sobre o&nbsp;<a href=\"https:\/\/www.imovirtual.com\/noticias\/decoracao\/homefullness-casa\" target=\"_blank\" rel=\"noopener\"><strong>Homefullness<\/strong><\/a><\/li>\n<li>Como cuidar dos seus<strong> <a href=\"https:\/\/www.imovirtual.com\/noticias\/decoracao\/cuidados-moveis-madeira\" target=\"_blank\" rel=\"noopener\">m\u00f3veis de madeira<\/a><\/strong><\/li>\n<li>Guia para escolher&nbsp;<a href=\"https:\/\/www.imovirtual.com\/noticias\/decoracao\/guia-almofadas-decorativas\" target=\"_blank\" rel=\"noopener\"><strong>almofadas<\/strong><\/a>&nbsp;decorativas<\/li>\n<\/ul>\n<\/p>\n<div class=\"css-h5fkc8\"><strong>Ultima actualiza\u00e7\u00e3o:<\/strong> 03 abril 2022<\/div>\n","protected":false},"excerpt":{"rendered":"<p>Como escolher m\u00f3veis de casa de banho N\u00e3o sendo propriamente a maior divis\u00e3o que ter\u00e1 na sua casa, as casas de banho s\u00e3o espa\u00e7os que pedem obrigatoriamente um planeamento pormenorizado. N\u00e3o que as outras divis\u00f5es da sua casa n\u00e3o necessitem deste cuidado, mas mais de qualquer outro ambiente, os WC s\u00e3o espa\u00e7os onde se deve &hellip;<\/p>\n","protected":false},"author":3,"featured_media":0,"comment_status":"closed","ping_status":"open","sticky":false,"template":"","format":"standard","meta":{"footnotes":""},"categories":[3],"tags":[],"class_list":["post-673","post","type-post","status-publish","format-standard","hentry","category-lifestyle"],"_links":{"self":[{"href":"https:\/\/www.imovirtual.com\/noticias\/wp-json\/wp\/v2\/posts\/673","targetHints":{"allow":["GET"]}}],"collection":[{"href":"https:\/\/www.imovirtual.com\/noticias\/wp-json\/wp\/v2\/posts"}],"about":[{"href":"https:\/\/www.imovirtual.com\/noticias\/wp-json\/wp\/v2\/types\/post"}],"author":[{"embeddable":true,"href":"https:\/\/www.imovirtual.com\/noticias\/wp-json\/wp\/v2\/users\/3"}],"replies":[{"embeddable":true,"href":"https:\/\/www.imovirtual.com\/noticias\/wp-json\/wp\/v2\/comments?post=673"}],"version-history":[{"count":0,"href":"https:\/\/www.imovirtual.com\/noticias\/wp-json\/wp\/v2\/posts\/673\/revisions"}],"wp:attachment":[{"href":"https:\/\/www.imovirtual.com\/noticias\/wp-json\/wp\/v2\/media?parent=673"}],"wp:term":[{"taxonomy":"category","embeddable":true,"href":"https:\/\/www.imovirtual.com\/noticias\/wp-json\/wp\/v2\/categories?post=673"},{"taxonomy":"post_tag","embeddable":true,"href":"https:\/\/www.imovirtual.com\/noticias\/wp-json\/wp\/v2\/tags?post=673"}],"curies":[{"name":"wp","href":"https:\/\/api.w.org\/{rel}","templated":true}]}}