{"id":650,"date":"2022-04-01T00:00:00","date_gmt":"2022-04-01T00:00:00","guid":{"rendered":"https:\/\/www.imovirtual.com\/noticias2\/2022\/04\/01\/imosintese-noticias-310322\/"},"modified":"2022-04-01T00:00:00","modified_gmt":"2022-04-01T00:00:00","slug":"imosintese-noticias-310322","status":"publish","type":"post","link":"https:\/\/www.imovirtual.com\/noticias\/novidades\/imosintese-noticias-310322\/","title":{"rendered":"IMOS\u00cdNTESE &#8211; NOT\u00cdCIAS 31\/03"},"content":{"rendered":"<p class=\"css-8qfla4\">\n<p class=\"css-m5h6m0 edperro0\">\n<h2><strong>Em parceria com o Di\u00e1rio Imobili\u00e1rio, o Imovirtual apresenta diariamente um resumo notici\u00e1rio dos acontecimentos mais relevantes do dia. Fique a par das \u00faltimas novidades do Mercado Imobili\u00e1rio:<\/strong><\/h2>\n<\/p>\n<h1><strong>As mentiras do cr\u00e9dito habita\u00e7\u00e3o<\/strong><\/h1>\n<p>Lembrando o&nbsp;Dia das Mentiras, no dia 1 de Abril e para que ningu\u00e9m se deixe enganar, a UCI &#8211; Uni\u00e3o de Cr\u00e9ditos Imobili\u00e1rios, revela os&nbsp;mitos mais comuns na hora de contratar um cr\u00e9dito habita\u00e7\u00e3o.<\/p>\n<h3><strong>Saiba mais <a href=\"https:\/\/www.diarioimobiliario.pt\/Habitacao\/As-mentiras-do-credito-habitacao\" target=\"_blank\" rel=\"noopener\">aqui<\/a><\/strong><\/h3>\n<\/p>\n<h1><strong>Actividade tur\u00edstica continua a acelerar em Fevereiro<\/strong><\/h1>\n<p>O sector do alojamento tur\u00edstico&nbsp;registou 1,2 milh\u00f5es de h\u00f3spedes e 2,9 milh\u00f5es de dormidas em Fevereiro de 2022, correspondendo a aumentos&nbsp;de 507,0% e 527,1%, respectivamente, superiores aos registados em Janeiro,&nbsp;+182,3% e +185,0%, pela mesma ordem passado,&nbsp;revela hoje o INE.<\/p>\n<h3><strong>Saiba mais <a href=\"https:\/\/www.diarioimobiliario.pt\/Turismo\/Actividade-turistica-continua-a-acelerar-em-Fevereiro\" target=\"_blank\" rel=\"noopener\">aqui<\/a><\/strong><\/h3>\n<\/p>\n<h1><strong>O novo sonho Americano \u00e9 portugu\u00eas<\/strong><\/h1>\n<p>Actualmente Portugal conta com mais de 60.000 expatriados que decidiram viver no pa\u00eds, sendo 11% destes cidad\u00e3os americanos. O report review da Porta da Frente Christie\u2019s sobre o ano de 2021 indica que, das 37 nacionalidades compradoras, o cliente americano representou 7% do volume global de vendas, confirmando-se como a terceira nacionalidade mais preponderante. Com especial interesse na linha de Cascais, foram feitos quase todos os neg\u00f3cios, o valor m\u00e9dio de compra situou-se acima de 1 milh\u00e3o de euros.<\/p>\n<h3><strong>Saiba mais <a href=\"https:\/\/www.diarioimobiliario.pt\/Actualidade\/O-novo-sonho-Americano-e-portugues\" target=\"_blank\" rel=\"noopener\">aqui<\/a><\/strong><\/h3>\n<\/p>\n<h1><strong>Zome aumenta em 50% presen\u00e7a no mercado nacional desde o in\u00edcio do ano<\/strong><\/h1>\n<p>A Zome, mediadora imobili\u00e1ria 100% portuguesa, confirmou a abertura de 11 novos hubs imobili\u00e1rios em territ\u00f3rio nacional, desde o in\u00edcio do &nbsp;ano. A expans\u00e3o representa um crescimento de cerca de 50% na rede de unidades de neg\u00f3cios quando comparado com o per\u00edodo hom\u00f3logo, com destaque para a estreia da Zome fora de Portugal Continental, na Madeira e A\u00e7ores.<\/p>\n<h3><strong>Saiba mais <a href=\"https:\/\/www.diarioimobiliario.pt\/Actualidade\/Zome-aumenta-em-50-presenca-no-mercado-nacional-desde-o-inicio-do-ano\" target=\"_blank\" rel=\"noopener\">aqui<\/a><\/strong><\/h3>\n<\/p>\n<h1><strong>Seixal abre concurso p\u00fablico para requalifica\u00e7\u00e3o do passeio ribeirinho e espa\u00e7os exteriores da Arrentela<\/strong><\/h1>\n<p>A C\u00e2mara Municipal do Seixal aprovou ontem, em reuni\u00e3o, a abertura de concurso para a empreitada de reformula\u00e7\u00e3o do Passeio Ribeirinho de Arrentela e Requalifica\u00e7\u00e3o dos Espa\u00e7os Exteriores do N\u00facleo Urbano Antigo de Arrentela, pelo pre\u00e7o base de 2 428 400 euros.<\/p>\n<h3><strong>Saiba mais <a href=\"https:\/\/www.diarioimobiliario.pt\/Actualidade\/Seixal-abre-concurso-publico-para-requalificacao-do-passeio-ribeirinho-e-espacos-exteriores-da-Arrentela\" target=\"_blank\" rel=\"noopener\">aqui<\/a><\/strong><\/h3>\n<\/p>\n<h4><strong>Leia as anteriores Imos\u00edntese:<\/strong><\/h4>\n<p><strong>\ud83d\udc49<a href=\"https:\/\/www.imovirtual.com\/noticias\/noticias\/imosintese-noticias-300322\" target=\"_blank\" rel=\"noopener\">IMOS\u00cdNTESE &#8211; NOT\u00cdCIAS 30\/03<\/a><\/strong><\/p>\n<p><strong>\ud83d\udc49<a href=\"https:\/\/www.imovirtual.com\/noticias\/noticias\/imosintese-noticias-290322\" target=\"_blank\" rel=\"noopener\">IMOS\u00cdNTESE &#8211; NOT\u00cdCIAS 29\/03<\/a><\/strong><\/p>\n<p><strong>\ud83d\udc49<a href=\"https:\/\/www.imovirtual.com\/noticias\/noticias\/imosintese-noticias-2803\" target=\"_blank\" rel=\"noopener\">IMOS\u00cdNTESE &#8211; NOT\u00cdCIAS 28\/03<\/a><\/strong><\/p>\n<\/p>\n<div class=\"css-h5fkc8\"><strong>Ultima actualiza\u00e7\u00e3o:<\/strong> 01 abril 2022<\/div>\n","protected":false},"excerpt":{"rendered":"<p>Em parceria com o Di\u00e1rio Imobili\u00e1rio, o Imovirtual apresenta diariamente um resumo notici\u00e1rio dos acontecimentos mais relevantes do dia. Fique a par das \u00faltimas novidades do Mercado Imobili\u00e1rio: As mentiras do cr\u00e9dito habita\u00e7\u00e3o Lembrando o&nbsp;Dia das Mentiras, no dia 1 de Abril e para que ningu\u00e9m se deixe enganar, a UCI &#8211; Uni\u00e3o de Cr\u00e9ditos &hellip;<\/p>\n","protected":false},"author":3,"featured_media":100,"comment_status":"closed","ping_status":"open","sticky":false,"template":"","format":"standard","meta":{"footnotes":""},"categories":[4],"tags":[],"class_list":["post-650","post","type-post","status-publish","format-standard","has-post-thumbnail","hentry","category-novidades"],"_links":{"self":[{"href":"https:\/\/www.imovirtual.com\/noticias\/wp-json\/wp\/v2\/posts\/650","targetHints":{"allow":["GET"]}}],"collection":[{"href":"https:\/\/www.imovirtual.com\/noticias\/wp-json\/wp\/v2\/posts"}],"about":[{"href":"https:\/\/www.imovirtual.com\/noticias\/wp-json\/wp\/v2\/types\/post"}],"author":[{"embeddable":true,"href":"https:\/\/www.imovirtual.com\/noticias\/wp-json\/wp\/v2\/users\/3"}],"replies":[{"embeddable":true,"href":"https:\/\/www.imovirtual.com\/noticias\/wp-json\/wp\/v2\/comments?post=650"}],"version-history":[{"count":0,"href":"https:\/\/www.imovirtual.com\/noticias\/wp-json\/wp\/v2\/posts\/650\/revisions"}],"wp:featuredmedia":[{"embeddable":true,"href":"https:\/\/www.imovirtual.com\/noticias\/wp-json\/wp\/v2\/media\/100"}],"wp:attachment":[{"href":"https:\/\/www.imovirtual.com\/noticias\/wp-json\/wp\/v2\/media?parent=650"}],"wp:term":[{"taxonomy":"category","embeddable":true,"href":"https:\/\/www.imovirtual.com\/noticias\/wp-json\/wp\/v2\/categories?post=650"},{"taxonomy":"post_tag","embeddable":true,"href":"https:\/\/www.imovirtual.com\/noticias\/wp-json\/wp\/v2\/tags?post=650"}],"curies":[{"name":"wp","href":"https:\/\/api.w.org\/{rel}","templated":true}]}}