{"id":594,"date":"2022-04-01T00:00:00","date_gmt":"2022-04-01T00:00:00","guid":{"rendered":"https:\/\/www.imovirtual.com\/noticias2\/2022\/04\/01\/casas-parecem-mentira\/"},"modified":"2022-04-01T00:00:00","modified_gmt":"2022-04-01T00:00:00","slug":"casas-parecem-mentira","status":"publish","type":"post","link":"https:\/\/www.imovirtual.com\/noticias\/lifestyle\/casas-parecem-mentira\/","title":{"rendered":"Arquitetura: casas \u00fanicas que at\u00e9 parecem mentira"},"content":{"rendered":"<p class=\"css-8qfla4\">\n<p class=\"css-m5h6m0 edperro0\">\n<h1><strong>Arquitetura: casas \u00fanicas que at\u00e9 parecem mentira<\/strong><\/h1>\n<p>Desengane-se quem pensa que a arquitetura \u00e9 somente a <strong>disciplina que projeta e planeia a constru\u00e7\u00e3o de edif\u00edcios<\/strong>. Mais do que isso, <strong>\u00e9 uma arte <\/strong>que tal como a Pintura, o Cinema, a M\u00fasica ou a <a href=\"https:\/\/www.imovirtual.com\/noticias\/imobiliario\/fotografia-imobiliaria-dicas\" target=\"_blank\" rel=\"noopener\">Fotografia<\/a> representa uma<strong> forma de express\u00e3o do artista <\/strong>&#8211; neste caso o arquiteto. Existem v\u00e1rios estilos de arquitetura, desde a cl\u00e1ssica \u00e0 moderna, passando pela <a href=\"https:\/\/www.imovirtual.com\/noticias\/decoracao\/decoracao-minimalista\" target=\"_blank\" rel=\"noopener\">minimalista<\/a> ou a escandinava, entre outras. E apesar de seguirem as ambi\u00e7\u00f5es dos seus clientes, <strong>cada profissional deste ramo confere aos seus projetos o cunho pr\u00f3prio<\/strong>. \u00c9 por isso, que um pouco por todo o mundo, existem cada vez mais edif\u00edcios \u00fanicos. Verdadeiras obras de arte que impressionam pela sua singularidade e pelo facto de fugirem completamente ao padr\u00e3o tradicional de uma <a href=\"https:\/\/www.imovirtual.com\/comprar\/moradia\/?search%5Bdescription%5D=1\" target=\"_blank\" rel=\"noopener\">moradia<\/a> ou um pr\u00e9dio. Por isso, e em jeito de celebra\u00e7\u00e3o deste <strong>Dia das Mentiras<\/strong>, o <a href=\"https:\/\/www.imovirtual.com\/\" target=\"_blank\" rel=\"noopener\">Imovirtual<\/a> reuniu neste artigo 5 constru\u00e7\u00f5es verdadeiramente \u00fanicas que at\u00e9 parecem ser mentira. S\u00e3o projetos espalhados um pouco por todo o mundo, alguns deles servem como habita\u00e7\u00e3o, outros albergam museus e com\u00e9rcio. <\/p>\n<\/p>\n<h2><strong>Krzywy Domek (Sopot, Pol\u00f3nia)<\/strong><\/h2>\n<p class=\" block-img\"><img decoding=\"async\" src=\"https:\/\/www.imovirtual.com\/noticias\/wp-content\/uploads\/2022\/11\/c17be1e2-7529-406f-b6e5-82cc3c1b0926_iStock-1200371400.jpg\" alt=\"Krzywy Domek sopot pol\u00f3nia\"><\/p>\n<p>Constru\u00edda em 2004, o<strong> Krzywy Domek<\/strong> \u00e9 um projeto de <strong>Szoty\u0144scy &amp; Zaleski<\/strong>, que se inspiraram nas ilustra\u00e7\u00f5es e desenhos de Jan Marcin Szancer e Per Dahlberg. Esta constru\u00e7\u00e3o vem provar que a imagina\u00e7\u00e3o humana n\u00e3o tem limites, ultrapassando as fronteiras estabelecidas pelas leis da f\u00edsica. O<strong> Krzywy Domek <\/strong>\u00e9 um s\u00edmbolo do mundo moderno, combinando os neg\u00f3cios com a cultura e arte tudo no mesmo local. Note-se que <strong>este edif\u00edcio alberga bares, cabeleireiros, caf\u00e9s, escrit\u00f3rios de empresas e consult\u00f3rios m\u00e9dicos<\/strong>. E se a sua utiliza\u00e7\u00e3o \u00e9 comercial e o utilit\u00e1ria, a verdade \u00e9 que o design deste edif\u00edcio faz-nos sucumbir ao encanto da magia, \u00e0 peculiaridade e aos sonhos.<\/p>\n<h2><strong>Cubic Houses (Roterd\u00e3o, Pa\u00edses Baixos)<\/strong><\/h2>\n<p class=\" block-img\"><img decoding=\"async\" src=\"https:\/\/www.imovirtual.com\/noticias\/wp-content\/uploads\/2022\/11\/c74cfde4-ad27-4fd6-ac17-b2b40ee7daa8_iStock-1284014640.jpg\" alt=\"casas cubo em roterd\u00e3o\"><\/p>\n<p>Originalmente conhecidas como <strong>Kubuswoningen (1984)<\/strong>, as <strong>Casas Cubo <\/strong>s\u00e3o uma das principais atra\u00e7\u00f5es da cidade holandesa de Roterd\u00e3o. Foram projetadas pelo conceituado arquitecto Piet Bloom, que nunca quis que as constru\u00e7\u00f5es se assemelhassem a um edif\u00edcio banal. A constru\u00e7\u00e3o das Cubic Houses (como s\u00e3o conhecidas em ingl\u00eas) \u00e9 o desenvolvimento de uma arquitetura moderna e inovadora na cidade. Singularmente, o design destas casas representa uma \u00e1rvore e todas juntas formam um bosque. Depois da conclus\u00e3o da obra em 1984, a emblem\u00e1tica constru\u00e7\u00e3o amarela j\u00e1 sofreu interven\u00e7\u00f5es de melhoria. De destacar que, as <strong>Kubuswoningen acolhem escrit\u00f3rios, turistas que procuram a casa museu e at\u00e9 um hostel de seu nome Stayokay<\/strong>.<\/p>\n<h2><strong>Four Solaire (Odeillo, Fran\u00e7a)<\/strong><\/h2>\n<p class=\" block-img\"><img decoding=\"async\" src=\"https:\/\/www.imovirtual.com\/noticias\/wp-content\/uploads\/2022\/11\/552f75bf-a23f-4981-9c87-695895da9d5c_FourSolaire2.jpg\" alt=\"Four Solaire d'Odeillo fran\u00e7a\"><\/p>\n<p>Esta constru\u00e7\u00e3o inusitada situada na regi\u00e3o de Occitania no sul de Fran\u00e7a, \u00e9 na verdade <strong>o maior &#8220;forno solar&#8221; do mundo<\/strong>. Foi constru\u00eddo entre 1962 e 1968, tendo come\u00e7ado a funcionar a partir de 1970. A fachada principal encontra-se totalmente coberta de <a href=\"https:\/\/www.imovirtual.com\/noticias\/financas\/paineis-solares-a-energia-que-a-sua-casa-precisa-id178.html\" target=\"_blank\" rel=\"noopener\"><strong>pain\u00e9is solares<\/strong><\/a>, que juntos formam um grande espelho c\u00f4ncavo com quase 2000 m2 e com<strong> capacidade de atingir temperaturas superiores a 3000\u00baC<\/strong>. A utiliza\u00e7\u00e3o deste edif\u00edcio serve v\u00e1rios prop\u00f3sitos entre os quais<strong> derreter a\u00e7o, gerar eletricidade por meio de uma turbina a vapor, fabricar combust\u00edveis de hidrog\u00eanio, testar materiais de reentrada para ve\u00edculos espaciais e realizar experi\u00eancias metal\u00fargicas de altas temperaturas<\/strong>.<\/p>\n<h2><strong>The Flintstones House (Malibu, Calif\u00f3rnia)<\/strong><\/h2>\n<p class=\" block-img\"><img decoding=\"async\" src=\"https:\/\/www.imovirtual.com\/noticias\/wp-content\/uploads\/2022\/11\/13ab24ce-9c94-40c9-b8b1-bad337bda20d_flinstone-house.jpg\" alt=\"flinstones house calif\u00f3rnia imovirtual\"><\/p>\n<p>O arquiteto <strong>William Nicholson <\/strong>foi o c\u00e9rebro por tr\u00e1s desta constru\u00e7\u00e3o, que inicialmente, nunca esteve relacionada com sitcom americana,<strong> The Flintstones<\/strong>. Erigida em 1976, na verdade, a inspira\u00e7\u00e3o para esta casa como tr\u00eas quartos e duas <a href=\"https:\/\/www.imovirtual.com\/noticias\/decoracao\/dicas-para-decorar-a-casa-de-banho\" target=\"_blank\" rel=\"noopener\">casas de banho<\/a> foi a <strong>Blue Mosque<\/strong> em Istambul, na Turquia. S\u00f3 mais tarde \u00e9 que lhe foi atribu\u00edda a designa\u00e7\u00e3o de <strong>The Flintstone House<\/strong>, muito por conta dos pormenores exc\u00eantricos que o projeto apresentava: c\u00fapulas coloridas, est\u00e1tuas de dinossauros, um jardim cheio de cactos e suculentas. E desengane-se quem pensa que a singularidade do edif\u00edcio se fica pela fachada: no seu interior, <strong>Nicholson n\u00e3o poupou esfor\u00e7os<\/strong>, atribuindo caracter\u00edsticas peculiares como vitrais coloridos, um <a href=\"https:\/\/www.imovirtual.com\/noticias\/decoracao\/como-escolher-sofa-perfeito-sala-de-estar\" target=\"_blank\" rel=\"noopener\">sof\u00e1<\/a> de recanto bem ao estilo da fam\u00edlia Flintstone, uma banheira em pedra e v\u00e1rias esculturas escolhidas pela atual dona da casa, Florence Fang. <strong>Uma aut\u00eantica obra de arte<\/strong>, situada na regi\u00e3o de S\u00e3o Francisco, cuja singularidade n\u00e3o agrada a todos. <\/p>\n<p>Gostos \u00e0 parte, a verdade \u00e9 que vale a pena conferir o tour que a publica\u00e7\u00e3o <a href=\"https:\/\/www.businessinsider.com\/\" target=\"_blank\" rel=\"noopener\">Business Insider<\/a> fez no interior da casa avaliada em<strong> 2.6 milh\u00f5es de d\u00f3lares<\/strong>:<\/p>\n<div data-oembed=\"https:\/\/www.youtube.com\/watch?v=9ie4c_KvrQk\" data-oembed-type=\"video\" data-oembed-provider=\"YouTube\" class=\"embed embed-youtube\">\n<div><iframe loading=\"lazy\" width=\"200\" height=\"113\" src=\"https:\/\/www.youtube.com\/embed\/9ie4c_KvrQk?feature=oembed\" frameborder=\"0\" allow=\"accelerometer; autoplay; clipboard-write; encrypted-media; gyroscope; picture-in-picture\" allowfullscreen=\"\"><\/iframe><\/div>\n<\/div>\n<h2><strong>Giant Seashell House (Cidade do M\u00e9xico)<\/strong><\/h2>\n<p class=\" block-img\"><img decoding=\"async\" src=\"https:\/\/www.imovirtual.com\/noticias\/wp-content\/uploads\/2022\/11\/e35d640e-d3f6-4d5d-95a3-e9cb1097d754_giant-seashell.jpg\" alt=\"gian seashell m\u00e9xico imovirtual\"><\/p>\n<p>\u00c9 literalmente uma <strong>concha em formato XXL<\/strong> que se transformou em casa e que representa um exemplo de Bio-arquitetura. O autor desta obra \u00e9 o Javier Senosiain, que se inspirou nos trabalhos dos c\u00e9lebres<strong> Antoni Gaud\u00ed<\/strong> e <strong>Frank Lloyd Wright<\/strong>. O projeto foi desenvolvido mediante os<strong> desejos inusitados de uma fam\u00edlia de quatro pessoas<\/strong>, que ambicionava viver numa casa menos convencional e mais relacionada com a <a href=\"https:\/\/www.imovirtual.com\/noticias\/decoracao\/traga-a-natureza-para-dentro-da-sua-casa-id243.html\" target=\"_blank\" rel=\"noopener\">natureza<\/a>. A constru\u00e7\u00e3o est\u00e1 repleta de refer\u00eancias a Gaud\u00ed e Wright, particularmente vis\u00edveis nos vitrais coloridos, no interior org\u00e2nico cheio de espa\u00e7os verdes e jogos de <a href=\"https:\/\/www.imovirtual.com\/noticias\/lifestyle\/iluminacao-guia\" target=\"_blank\" rel=\"noopener\">luzes<\/a> e no uso de materiais como a pedra. <\/p>\n<p class=\" block-img\"><img decoding=\"async\" src=\"https:\/\/www.imovirtual.com\/noticias\/wp-content\/uploads\/2022\/11\/bd5974cf-f0b2-4813-a690-c8359669947e_Copia-de-Banners-Autores.png\" alt=\"Ana Catarina Autor Imovirtual\"><\/p>\n<h5><em>Ana Catarina \u00e9 a mi\u00fada das tend\u00eancias. Gosta de ficar em casa a perder-se pelas p\u00e1ginas de um livro, mas tamb\u00e9m n\u00e3o dispensa um caf\u00e9 tardio com os amigos. Est\u00e1 sempre \u00e0 procura do \u00faltimo grito em Lifestyle para revelar no Blog do Imovirtual.<\/em><\/h5>\n<\/p>\n<h4><strong>Tamb\u00e9m lhe pode interessar<\/strong><\/h4>\n<ul>\n<li><a href=\"https:\/\/www.imovirtual.com\/noticias\/lifestyle\/como-escolher-ar-condicionado\" target=\"_blank\" rel=\"noopener\"><strong>Mudar de casa<\/strong><\/a>: dicas para organizar a mudan\u00e7a<\/li>\n<li><a href=\"https:\/\/www.imovirtual.com\/noticias\/lifestyle\/dia-mulher-arquitetura\" target=\"_blank\" rel=\"noopener\"><strong>Dia da Mulher<\/strong><\/a>: projetos de arquitetura de sucesso no feminino<\/li>\n<li>Guia para cuidar das suas <a href=\"https:\/\/www.imovirtual.com\/noticias\/lifestyle\/guia-arvores-fruto\" target=\"_blank\" rel=\"noopener\"><strong>\u00e1rvores de fruto<\/strong><\/a><\/li>\n<\/ul>\n<\/p>\n<div class=\"css-h5fkc8\"><strong>Ultima actualiza\u00e7\u00e3o:<\/strong> 01 abril 2022<\/div>\n","protected":false},"excerpt":{"rendered":"<p>Arquitetura: casas \u00fanicas que at\u00e9 parecem mentira Desengane-se quem pensa que a arquitetura \u00e9 somente a disciplina que projeta e planeia a constru\u00e7\u00e3o de edif\u00edcios. Mais do que isso, \u00e9 uma arte que tal como a Pintura, o Cinema, a M\u00fasica ou a Fotografia representa uma forma de express\u00e3o do artista &#8211; neste caso o &hellip;<\/p>\n","protected":false},"author":3,"featured_media":595,"comment_status":"closed","ping_status":"open","sticky":false,"template":"","format":"standard","meta":{"footnotes":""},"categories":[3],"tags":[],"class_list":["post-594","post","type-post","status-publish","format-standard","has-post-thumbnail","hentry","category-lifestyle"],"_links":{"self":[{"href":"https:\/\/www.imovirtual.com\/noticias\/wp-json\/wp\/v2\/posts\/594","targetHints":{"allow":["GET"]}}],"collection":[{"href":"https:\/\/www.imovirtual.com\/noticias\/wp-json\/wp\/v2\/posts"}],"about":[{"href":"https:\/\/www.imovirtual.com\/noticias\/wp-json\/wp\/v2\/types\/post"}],"author":[{"embeddable":true,"href":"https:\/\/www.imovirtual.com\/noticias\/wp-json\/wp\/v2\/users\/3"}],"replies":[{"embeddable":true,"href":"https:\/\/www.imovirtual.com\/noticias\/wp-json\/wp\/v2\/comments?post=594"}],"version-history":[{"count":0,"href":"https:\/\/www.imovirtual.com\/noticias\/wp-json\/wp\/v2\/posts\/594\/revisions"}],"wp:featuredmedia":[{"embeddable":true,"href":"https:\/\/www.imovirtual.com\/noticias\/wp-json\/wp\/v2\/media\/595"}],"wp:attachment":[{"href":"https:\/\/www.imovirtual.com\/noticias\/wp-json\/wp\/v2\/media?parent=594"}],"wp:term":[{"taxonomy":"category","embeddable":true,"href":"https:\/\/www.imovirtual.com\/noticias\/wp-json\/wp\/v2\/categories?post=594"},{"taxonomy":"post_tag","embeddable":true,"href":"https:\/\/www.imovirtual.com\/noticias\/wp-json\/wp\/v2\/tags?post=594"}],"curies":[{"name":"wp","href":"https:\/\/api.w.org\/{rel}","templated":true}]}}