{"id":581,"date":"2022-05-16T00:00:00","date_gmt":"2022-05-16T00:00:00","guid":{"rendered":"https:\/\/www.imovirtual.com\/noticias2\/2022\/05\/16\/imosintese-noticias-130522\/"},"modified":"2022-05-16T00:00:00","modified_gmt":"2022-05-16T00:00:00","slug":"imosintese-noticias-130522","status":"publish","type":"post","link":"https:\/\/www.imovirtual.com\/noticias\/novidades\/imosintese-noticias-130522\/","title":{"rendered":"IMOS\u00cdNTESE &#8211; NOT\u00cdCIAS 13\/05"},"content":{"rendered":"<p class=\"css-8qfla4\">\n<p class=\"css-m5h6m0 edperro0\">\n<h2><strong>Em parceria com o Di\u00e1rio Imobili\u00e1rio, o Imovirtual apresenta diariamente um resumo notici\u00e1rio dos acontecimentos mais relevantes do dia. Fique a par das \u00faltimas novidades do Mercado Imobili\u00e1rio:<\/strong><\/h2>\n<\/p>\n<h1><strong>Lisboa \u00e9 cada vez mais um destino internacional residencial<\/strong><\/h1>\n<p>Lisboa \u00e9 cada vez mais um destino internacional residencial de peso,&nbsp;de acordo com o estudo \u201cLisbon Residential Market \u2013 A Rising Star\u201d da consultora Savills.<\/p>\n<h3><strong>Saiba mais <a href=\"https:\/\/www.diarioimobiliario.pt\/Actualidade\/Lisboa-e-cada-vez-mais-um-destino-internacional-residencial\" target=\"_blank\" rel=\"noopener\">aqui<\/a><\/strong><\/h3>\n<\/p>\n<h1><strong>Produ\u00e7\u00e3o na Constru\u00e7\u00e3o cresceu 4,1% em Mar\u00e7o<\/strong><\/h1>\n<p>O \u00cdndice de Produ\u00e7\u00e3o na Constru\u00e7\u00e3o aumentou 4,1% em Mar\u00e7o, em termos hom\u00f3logos, valor id\u00eantico ao observado no m\u00eas anterior.<\/p>\n<h3><strong>Saiba mais <a href=\"https:\/\/www.diarioimobiliario.pt\/Actualidade\/Producao-na-Construcao-cresceu-4-1-em-Marco\" target=\"_blank\" rel=\"noopener\">aqui<\/a><\/strong><\/h3>\n<\/p>\n<h1><strong>Auchan investe cerca de 40 milh\u00f5es de euros na nova loja de Cascais<\/strong><\/h1>\n<p>A Auchan Retail Portugal j\u00e1 inaugurou&nbsp;a nova loja de Cascais, uma obra que representa um investimento de cerca de 40 milh\u00f5es de euros.<\/p>\n<h3><strong>Saiba mais <a href=\"https:\/\/www.diarioimobiliario.pt\/Actualidade\/Auchan-investe-cerca-de-40-milhoes-de-euros-na-nova-loja-de-Cascais\" target=\"_blank\" rel=\"noopener\">aqui<\/a><\/strong><\/h3>\n<\/p>\n<h1><strong>Espanhola Azora compra no Algarve o 5* Pestana Blue Alvor<\/strong><\/h1>\n<p>Com a aquisi\u00e7\u00e3o do Pestana Blue Alvor, um resort 5* de 500 quartos, o grupo realiza o seu quarto investimento no Algarve o que demonstra a sua aposta no mercado de lazer e sol e praia em Portugal. Embora o valor da transac\u00e7\u00e3o n\u00e3o tenha sido revelado, a Azora revelou que 60% do financiamento angariado pelo seu fundo Azora European Hotel &amp; Lodging, avaliado em 2,8 mil milh\u00f5es de euros, &nbsp;se encontra j\u00e1 aplicado e que potenciais novas aquisi\u00e7\u00f5es se encontram j\u00e1 identificadas.<\/p>\n<h3><strong>Saiba mais <a href=\"https:\/\/www.diarioimobiliario.pt\/Turismo\/Espanhola-Azora-compra-no-Algarve-o-5-Pestana-Blue-Alvor\" target=\"_blank\" rel=\"noopener\">aqui<\/a><\/strong><\/h3>\n<\/p>\n<h1><strong>Quem s\u00e3o os vencedores do 10.\u00ba Pr\u00e9mio Nacional de Reabilita\u00e7\u00e3o Urbana?<\/strong><\/h1>\n<p>Na edi\u00e7\u00e3o de 2022, a 10.\u00aa, concorreram 74 projectos de 25 pontos diferentes do pa\u00eds, num recorde absoluto em termos de dispers\u00e3o geogr\u00e1fica.<\/p>\n<h3><strong>Saiba mais <a href=\"https:\/\/www.diarioimobiliario.pt\/Actualidade\/Reabilitacao\/Quem-sao-os-vencedores-do-10.o-Premio-Nacional-de-Reabilitacao-Urbana\" target=\"_blank\" rel=\"noopener\">aqui<\/a><\/strong><\/h3>\n<\/p>\n<p><strong>Leia as anteriores Imos\u00edntese:<\/strong><\/p>\n<p><strong>\ud83d\udc49<a href=\"https:\/\/www.imovirtual.com\/noticias\/noticias\/imosintese-noticias-120522\" target=\"_blank\" rel=\"noopener\">IMOS\u00cdNTESE &#8211; NOT\u00cdCIAS 12\/05<\/a><\/strong><\/p>\n<p><strong>\ud83d\udc49<a href=\"https:\/\/www.imovirtual.com\/noticias\/noticias\/imosintese-noticias-110522\" target=\"_blank\" rel=\"noopener\">IMOS\u00cdNTESE &#8211; NOT\u00cdCIAS 11\/05<\/a><\/strong><\/p>\n<p><strong>\ud83d\udc49<a href=\"https:\/\/www.imovirtual.com\/noticias\/noticias\/imosintese-noticias-100522\" target=\"_blank\" rel=\"noopener\">IMOS\u00cdNTESE &#8211; NOT\u00cdCIAS 10\/05<\/a><\/strong><\/p>\n<\/p>\n<div class=\"css-h5fkc8\"><strong>Ultima actualiza\u00e7\u00e3o:<\/strong> 16 maio 2022<\/div>\n","protected":false},"excerpt":{"rendered":"<p>Em parceria com o Di\u00e1rio Imobili\u00e1rio, o Imovirtual apresenta diariamente um resumo notici\u00e1rio dos acontecimentos mais relevantes do dia. Fique a par das \u00faltimas novidades do Mercado Imobili\u00e1rio: Lisboa \u00e9 cada vez mais um destino internacional residencial Lisboa \u00e9 cada vez mais um destino internacional residencial de peso,&nbsp;de acordo com o estudo \u201cLisbon Residential Market &hellip;<\/p>\n","protected":false},"author":3,"featured_media":100,"comment_status":"closed","ping_status":"open","sticky":false,"template":"","format":"standard","meta":{"footnotes":""},"categories":[4],"tags":[],"class_list":["post-581","post","type-post","status-publish","format-standard","has-post-thumbnail","hentry","category-novidades"],"_links":{"self":[{"href":"https:\/\/www.imovirtual.com\/noticias\/wp-json\/wp\/v2\/posts\/581","targetHints":{"allow":["GET"]}}],"collection":[{"href":"https:\/\/www.imovirtual.com\/noticias\/wp-json\/wp\/v2\/posts"}],"about":[{"href":"https:\/\/www.imovirtual.com\/noticias\/wp-json\/wp\/v2\/types\/post"}],"author":[{"embeddable":true,"href":"https:\/\/www.imovirtual.com\/noticias\/wp-json\/wp\/v2\/users\/3"}],"replies":[{"embeddable":true,"href":"https:\/\/www.imovirtual.com\/noticias\/wp-json\/wp\/v2\/comments?post=581"}],"version-history":[{"count":0,"href":"https:\/\/www.imovirtual.com\/noticias\/wp-json\/wp\/v2\/posts\/581\/revisions"}],"wp:featuredmedia":[{"embeddable":true,"href":"https:\/\/www.imovirtual.com\/noticias\/wp-json\/wp\/v2\/media\/100"}],"wp:attachment":[{"href":"https:\/\/www.imovirtual.com\/noticias\/wp-json\/wp\/v2\/media?parent=581"}],"wp:term":[{"taxonomy":"category","embeddable":true,"href":"https:\/\/www.imovirtual.com\/noticias\/wp-json\/wp\/v2\/categories?post=581"},{"taxonomy":"post_tag","embeddable":true,"href":"https:\/\/www.imovirtual.com\/noticias\/wp-json\/wp\/v2\/tags?post=581"}],"curies":[{"name":"wp","href":"https:\/\/api.w.org\/{rel}","templated":true}]}}