{"id":578,"date":"2022-04-29T00:00:00","date_gmt":"2022-04-29T00:00:00","guid":{"rendered":"https:\/\/www.imovirtual.com\/noticias2\/2022\/04\/29\/imoveis-grandola\/"},"modified":"2024-08-28T10:29:04","modified_gmt":"2024-08-28T10:29:04","slug":"imoveis-grandola","status":"publish","type":"post","link":"https:\/\/www.imovirtual.com\/noticias\/imobiliario\/imoveis-grandola\/","title":{"rendered":"Gr\u00e2ndola, Vila Morena: 4 oportunidades de im\u00f3veis"},"content":{"rendered":"<p class=\"css-8qfla4\">\n<p class=\"css-m5h6m0 edperro0\">\n<h1><strong>Gr\u00e2ndola, Vila Morena: 4 oportunidades de im\u00f3veis<\/strong><\/h1>\n<p>D\u00e1 o nome \u00e0 can\u00e7\u00e3o que marcou a <strong>grande revolu\u00e7\u00e3o do 25 de Abril<\/strong>, tendo sido palco de v\u00e1rias deten\u00e7\u00f5es pol\u00edticas que lhe <strong>valeram o estatuto de terra revolucion\u00e1ria <\/strong>e viriam a inspirar o cantor Zeca Afonso. Gr\u00e2ndola, \u00e9 uma vila alentejana situada no distrito de Set\u00fabal. Habituada a estar nas bocas dos portugueses, que ainda hoje recordam o hino <a href=\"https:\/\/open.spotify.com\/track\/0RIyZ50E4Y34Cn8vbuybCg?si=c61be6d896704e13\" target=\"_blank\" rel=\"noopener\"><em>Gr\u00e2ndola, Vila Morena<\/em><\/a> em situa\u00e7\u00f5es de protesto,<strong> \u00e9 hoje uma terra muito diferente daquela entoada na letra da can\u00e7\u00e3o de Zeca Afonso, mas com a mesma ess\u00eancia<\/strong>. Como \u00e9 descrita pelo site <a href=\"https:\/\/www.visitportugal.com\/pt-pt\/content\/gr%C3%A2ndola\" target=\"_blank\" rel=\"noopener\">Visit Portugal<\/a> &#8220;a regi\u00e3o de Gr\u00e2ndola combina a influ\u00eancia do litoral com as do interior sul do pa\u00eds. A atividade agr\u00edcola continua a ser muito importante para a regi\u00e3o sendo a cultura do arroz a mais significativa&#8221;. <\/p>\n<p>Gr\u00e2ndola \u00e9 um<strong> Munic\u00edpio e Sede de Concelho<\/strong>, do qual faz parte um dos ex-libris da regi\u00e3o do Sado, a <strong>pen\u00ednsula de Tr\u00f3ia<\/strong>, muito procurada pelas elites portuguesas e pelos estrangeiros que escolhem este lugar para passar f\u00e9rias. Para isso, muito contribuem as suas belas praias como \u00e9 o caso da<strong> Praia da Comporta <\/strong>e a <strong>Praia de Melindes<\/strong>. Esta \u00e9 tamb\u00e9m uma \u00f3tima regi\u00e3o para viver permanentemente, especialmente para quem procura o sossego do campo e a proximidade com as <a href=\"https:\/\/www.imovirtual.com\/noticias\/imobiliario\/vantagens-desvantagens-grandes-cidades\" target=\"_blank\" rel=\"noopener\">grandes cidades<\/a>. \u00c9 que Gr\u00e2ndola est\u00e1 situada a 50 minutos de Set\u00fabal e a 1h20 de Lisboa, sendo que n\u00e3o deve descurar esta terra caso esteja a monderar mudar-se para o Alentejo. Para o convencer, apresentamos-lhe <strong>4 das v\u00e1rias fant\u00e1sticas oportunidades de im\u00f3veis em Gr\u00e2ndola<\/strong>. Ora veja.<\/p>\n<\/p>\n<h3>Pode interessar-lhe: <a href=\"https:\/\/www.imovirtual.com\/noticias\/imobiliario\/locais-idilicos-em-portugal-para-relaxar\" target=\"_blank\" rel=\"noopener\"><em><strong>Locais Id\u00edlicos em Portugal Para Relaxar<\/strong><\/em><\/a><\/h3>\n<\/p>\n<h2><a href=\"https:\/\/www.imovirtual.com\/pt\/anuncio\/moradia-com-piscina-em-lote-de-600m2-em-aldeia-a-25-minut-ID18og4.html#ab1d95e7e4\" target=\"_blank\" rel=\"noopener\"><strong>Moradia T5<\/strong><\/a><\/h2>\n<p class=\" block-img\"><img decoding=\"async\" src=\"https:\/\/www.imovirtual.com\/noticias\/wp-content\/uploads\/2022\/11\/a2a09126-0ec3-4677-b1b8-6053066ae1e7_moradia-t5-grandola-2.png\" alt=\"Moradia T5 para comprar em Gr\u00e2ndola\"><\/p>\n<p><strong>Moradia T5 <\/strong>com muita luz natural. No piso t\u00e9rreo \u00e9 constitu\u00edda por: hall de entrada, 2 quartos com roupeiros embutidos, casa de banho com banheira, suite, sala com lareira e cozinha equipada. No 1.\u00ba andar disp\u00f5e de 2 quartos com roupeiros embutidos, casa de banho com base de duche e um pequeno terra\u00e7o. A zona exterior oferece um alpendre com churrasqueira e zona de lazer, piscina e arrumos e espa\u00e7o para 3 viaturas. Fica localizada a 5km da vila de Gr\u00e2ndola e a 25 minutos das praias da Aberta Nova, Melides, Carvalhal e Pego.<\/p>\n<h2><a href=\"https:\/\/www.imovirtual.com\/pt\/anuncio\/apartamento-t1-1-com-terraco-e-vista-deslumbrante-em-troia-grandola-ID1814j.html#ab1d95e7e4\" target=\"_blank\" rel=\"noopener\"><strong>Apartamento T1<\/strong><\/a><\/h2>\n<p class=\" block-img\"><img decoding=\"async\" src=\"https:\/\/www.imovirtual.com\/noticias\/wp-content\/uploads\/2022\/11\/b7a284c3-d9dd-4964-af8a-b7ae057d4284_apartamento-t1-grandola.png\" alt=\"Apartamento T1 para comprar em Gr\u00e2ndola\"><\/p>\n<p><strong>Apartamento <\/strong>T1 de f\u00e9rias na Pen\u00ednsula de Tr\u00f3ia com 1+1 quartos, sala de jantar, cozinha, duas casas de banho e terra\u00e7o panor\u00e2mico amplo, em Tr\u00f3ia\/Carvalhal\/Gr\u00e2ndola\/Set\u00fabal. Disp\u00f5e de m\u00f3veis em madeira feitos \u00e0 medida e cozinha equipada. Localiza\u00e7\u00e3o excelente, mesmo por tr\u00e1s do Casino e do Tr\u00f3ia Design Hotel, a 200m dos principais hot\u00e9is, a 100m da marina e cais dos Catamar\u00e3, supermercado, restaurantes e farm\u00e1cia.<br \/>A 500m das Praias oce\u00e2nicas e a 1.500m do Tr\u00f3ia Golfe. A 17 Km da Comporta. A 20 minutos de Set\u00fabal.<\/p>\n<\/p>\n<h2><a href=\"https:\/\/www.imovirtual.com\/pt\/anuncio\/excelente-moradia-t5-duplex-no-condominio-atlantic-villas-em-troia-ID17rUp.html#ab1d95e7e4\" target=\"_blank\" rel=\"noopener\"><strong>Moradia T5<\/strong><\/a><\/h2>\n<p class=\" block-img\"><img decoding=\"async\" src=\"https:\/\/www.imovirtual.com\/noticias\/wp-content\/uploads\/2022\/11\/1bb1018c-884c-4f07-8612-db06d02d19d0_moradia-t5-grandola-1.png\" alt=\"Moradia T5 para comprar em Gr\u00e2ndola\"><\/p>\n<p><strong>Moradia T5<\/strong> localizada no condom\u00ednio privado Atlantic Villas e a escassos minutos da praia e do Campo de Golf (considerado o 32\u00ba melhor campo de golf da Europa) encontra esta excelente moradia de tipologia V5. A mesma distribui-se por 2 pisos sendo que no piso t\u00e9rreo poder\u00e1 usufruir de 1 Hall de entrada,Sala de jantar e de estar com zonas distintas, 2 Quartos, 1 WC social e  1 Cozinha com despensa, lavandaria e totalmente equipada. No piso superior encontrar\u00e1 3 Quartos sendo (1 deles em Suite), todos eles com roupeiros e dois deles com varanda assim como 1 WC completa de apoio aos restantes quartos. No exterior desta moradia poder\u00e1 desfrutar de um jardim e relaxar numa Piscina privada (7mx4m) de \u00e1gua salgada.<\/p>\n<\/p>\n<h2><a href=\"https:\/\/www.imovirtual.com\/pt\/anuncio\/apartamento-88-m2-t2-ID18fpw.html#ab1d95e7e4\" target=\"_blank\" rel=\"noopener\"><strong>Apartamento T2<\/strong><\/a><\/h2>\n<p class=\" block-img\"><img decoding=\"async\" src=\"https:\/\/www.imovirtual.com\/noticias\/wp-content\/uploads\/2022\/11\/28ad159c-d921-49f3-bc98-f7dc1df888fc_Apartametno-T2-grandola.png\" alt=\"Apartamento T2 para comprar em Gr\u00e2ndola\"><\/p>\n<p>Este <strong>Apartamento T2 <\/strong>\u00e9 muito luminoso e est\u00e1 localizado numa bela resid\u00eancia recentemente repintada com piscina e um bonito jardim para passar os seus dias a relaxar e a ler. A sala de 30 m2 oferece uma bela lareira tem vista para uma bela varanda onde pode tomar o seu pequeno-almo\u00e7o e jantar. A cozinha separada da sala com grandes portas est\u00e1 totalmente equipada e tem bastante arruma\u00e7\u00e3o para organizar o seu dia-a-dia nas f\u00e9rias. O grande corredor ir\u00e1 lev\u00e1-lo ao primeiro grande quarto de 11 m2 com roupeiro embutido e grande janela de sacada. Em frente a este quarto \u00e9 uma casa de banho muito agrad\u00e1vel com banheira. Depois uma grande suite de 18m2 muito luminosa com tamb\u00e9m belos arm\u00e1rios embutidos.<\/p>\n<\/p>\n<h3>Encontre aqui todos os <a href=\"https:\/\/www.imovirtual.com\/comprar\/grandola\/?search%5Bregion_id%5D=15&amp;search%5Bsubregion_id%5D=222\" target=\"_blank\" rel=\"noopener\"><strong>im\u00f3veis para comprar em Gr\u00e2ndola<\/strong><\/a><\/h3>\n<\/p>\n<p class=\" block-img\"><img decoding=\"async\" src=\"https:\/\/www.imovirtual.com\/noticias\/wp-content\/uploads\/2022\/11\/3c23b667-0a08-4ca1-abcb-74566be5c538_Copia-de-Banners-Autores-2.png\" alt=\"Alexandre Lu\u00eds Autor Imovirtual\"><\/p>\n<h5><em>Tamb\u00e9m conhecido como &#8216;O Consultor&#8217;. Pode encontr\u00e1-lo a consultar o \u00faltimo estudo de mercado. N\u00e3o tem talento para vender, mas sabe tudo sobre Imobili\u00e1rio. Fala sobre quest\u00f5es relacionadas com o tema no Blog do Imovirtual.<\/em><\/h5>\n<\/p>\n<h4><strong>Mais sobre&nbsp;<em>Imobili\u00e1rio<\/em><\/strong><\/h4>\n<ul>\n<li>Como avaliar as&nbsp;<a href=\"https:\/\/www.imovirtual.com\/noticias\/imobiliario\/avaliar-acessibilidades-vizinhanca\" target=\"_blank\" rel=\"noopener\"><strong>acessibilidades<\/strong><\/a>&nbsp;de uma boa vizinhan\u00e7a<\/li>\n<li>Vantagens e desvantagens de&nbsp;<a href=\"https:\/\/www.imovirtual.com\/noticias\/imobiliario\/vantagens-desvantagens-grandes-cidades\" target=\"_blank\" rel=\"noopener\"><strong>viver em grandes cidades<\/strong><\/a><\/li>\n<li>O processo de&nbsp;<a href=\"https:\/\/www.imovirtual.com\/noticias\/imobiliario\/oito-etapas-comprar-casas\" target=\"_blank\" rel=\"noopener\"><strong>compra de um im\u00f3vel<\/strong><\/a>&nbsp;em 8 etapas<\/li>\n<\/ul>\n<\/p>\n<div class=\"css-h5fkc8\"><strong>Ultima actualiza\u00e7\u00e3o:<\/strong> 29 abril 2022<\/div>\n","protected":false},"excerpt":{"rendered":"<p>Gr\u00e2ndola, Vila Morena: 4 oportunidades de im\u00f3veis D\u00e1 o nome \u00e0 can\u00e7\u00e3o que marcou a grande revolu\u00e7\u00e3o do 25 de Abril, tendo sido palco de v\u00e1rias deten\u00e7\u00f5es pol\u00edticas que lhe valeram o estatuto de terra revolucion\u00e1ria e viriam a inspirar o cantor Zeca Afonso. Gr\u00e2ndola, \u00e9 uma vila alentejana situada no distrito de Set\u00fabal. Habituada &hellip;<\/p>\n","protected":false},"author":3,"featured_media":579,"comment_status":"closed","ping_status":"open","sticky":false,"template":"","format":"standard","meta":{"footnotes":""},"categories":[37,5],"tags":[],"class_list":["post-578","post","type-post","status-publish","format-standard","has-post-thumbnail","hentry","category-financas-e-imobiliario","category-imobiliario"],"_links":{"self":[{"href":"https:\/\/www.imovirtual.com\/noticias\/wp-json\/wp\/v2\/posts\/578","targetHints":{"allow":["GET"]}}],"collection":[{"href":"https:\/\/www.imovirtual.com\/noticias\/wp-json\/wp\/v2\/posts"}],"about":[{"href":"https:\/\/www.imovirtual.com\/noticias\/wp-json\/wp\/v2\/types\/post"}],"author":[{"embeddable":true,"href":"https:\/\/www.imovirtual.com\/noticias\/wp-json\/wp\/v2\/users\/3"}],"replies":[{"embeddable":true,"href":"https:\/\/www.imovirtual.com\/noticias\/wp-json\/wp\/v2\/comments?post=578"}],"version-history":[{"count":0,"href":"https:\/\/www.imovirtual.com\/noticias\/wp-json\/wp\/v2\/posts\/578\/revisions"}],"wp:featuredmedia":[{"embeddable":true,"href":"https:\/\/www.imovirtual.com\/noticias\/wp-json\/wp\/v2\/media\/579"}],"wp:attachment":[{"href":"https:\/\/www.imovirtual.com\/noticias\/wp-json\/wp\/v2\/media?parent=578"}],"wp:term":[{"taxonomy":"category","embeddable":true,"href":"https:\/\/www.imovirtual.com\/noticias\/wp-json\/wp\/v2\/categories?post=578"},{"taxonomy":"post_tag","embeddable":true,"href":"https:\/\/www.imovirtual.com\/noticias\/wp-json\/wp\/v2\/tags?post=578"}],"curies":[{"name":"wp","href":"https:\/\/api.w.org\/{rel}","templated":true}]}}