{"id":561,"date":"2022-05-14T00:00:00","date_gmt":"2022-05-14T00:00:00","guid":{"rendered":"https:\/\/www.imovirtual.com\/noticias2\/2022\/05\/14\/reavaliacao-imi\/"},"modified":"2024-08-28T10:25:30","modified_gmt":"2024-08-28T10:25:30","slug":"reavaliacao-imi","status":"publish","type":"post","link":"https:\/\/www.imovirtual.com\/noticias\/financas\/reavaliacao-imi\/","title":{"rendered":"Como solicitar a reavalia\u00e7\u00e3o do IMI para pagar menos imposto"},"content":{"rendered":"<p class=\"css-8qfla4\">\n<p class=\"css-m5h6m0 edperro0\">\n<h1><strong>Como solicitar a reavalia\u00e7\u00e3o do IMI para pagar menos imposto<\/strong><\/h1>\n<p>O <strong>Imposto Municipal sobre Im\u00f3veis<\/strong>, mais conhecido como IMI \u00e9 uma das despesas mais pesadas na carteira dos propriet\u00e1rio de im\u00f3veis. Consiste num imposto municipal sobre o <strong>Valor Patrimonial Tribut\u00e1rio<\/strong> (<a href=\"https:\/\/www.imovirtual.com\/noticias\/financas\/tudo-sobre-vpt\" target=\"_blank\" rel=\"noopener\">VPT<\/a>) de pr\u00e9dios urbanos e incide sobre im\u00f3veis destinados \u00e0 habita\u00e7\u00e3o, com\u00e9rcio, ind\u00fastria e terrenos para <a href=\"https:\/\/www.imovirtual.com\/noticias\/imoblog\/o-mercado-da-nova-construcao-neste-momento-esta-numa-fase-muito-positiva\" target=\"_blank\" rel=\"noopener\">constru\u00e7\u00e3o<\/a>. H\u00e1 v\u00e1rios <strong>factores que contribuem para a determina\u00e7\u00e3o do valor do IMI<\/strong>, nomeadamente a idade do im\u00f3vel, a sua localiza\u00e7\u00e3o e \u00e1rea bruta de constru\u00e7\u00e3o, entre outros. Assim, n\u00e3o \u00e9 de estranhar que <strong>as tabelas de IMI <\/strong>variem consoante a tipologia do im\u00f3vel e o Munic\u00edpio a tal casa perten\u00e7a. O certo \u00e9 que contas feitas e o <strong>valor do imposto \u00e9 elevado na fatura dos contribuintes<\/strong>, mas existe a possibilidade de solicitar uma <strong>reavalia\u00e7\u00e3o do IMI<\/strong>. Com ela pode conseguir baixar o montante a pagar, mas \u00e9 preciso ter aten\u00e7\u00e3o, j\u00e1 que muitas vezes o valor acaba por aumentar inv\u00e9s de baixar. Assim, prepararmos este artigo para o ajudar a <strong>determinar aquilo que influ\u00eancia este imposto e o que deve ter em aten\u00e7\u00e3o antes de avan\u00e7ar para um pedido de reavalia\u00e7\u00e3o<\/strong>.<\/p>\n<\/p>\n<h3>Tamb\u00e9m lhe pode interessar: <a href=\"https:\/\/www.imovirtual.com\/noticias\/financas\/tudo-sobre-adicional-imi\" target=\"_blank\" rel=\"noopener\"><em><strong>Tudo sobre o Adicional ao IMI<\/strong><\/em><\/a><\/h3>\n<\/p>\n<h2><strong>O que \u00e9 a avalia\u00e7\u00e3o?<\/strong><\/h2>\n<p>A avalia\u00e7\u00e3o \u00e9 o procedimento inicial que determina pela primeira vez,&nbsp;<strong>o VPT ap\u00f3s a conclus\u00e3o da edifica\u00e7\u00e3o<\/strong>. \u00c9 feita servi\u00e7o de Finan\u00e7as da \u00e1rea onde se localiza o im\u00f3vel e o valor \u00e9 determinado de acordo com 6 fatores:<\/p>\n<ul>\n<li>VC \u2013 <strong>Valor base dos pr\u00e9dios edificados<\/strong> (pre\u00e7o de constru\u00e7\u00e3o por metro quadrado);<\/li>\n<li>A \u2013 <strong>\u00c1rea bruta de constru\u00e7\u00e3o<\/strong>;<\/li>\n<li>Ca \u2013 <strong>Coeficiente de afeta\u00e7\u00e3o<\/strong> (fim a que se destina o pr\u00e9dio);<\/li>\n<li>Cl \u2013 <strong>Coeficiente de localiza\u00e7\u00e3o<\/strong> (caracter\u00edsticas da zona envolvente);<\/li>\n<li>Cq \u2013 <strong>Coeficiente de qualidade e conforto<\/strong> (funcionalidade, comodidade de utiliza\u00e7\u00e3o e gozo);<\/li>\n<li>Cv \u2013&nbsp;<strong>Coeficiente de vetustez<\/strong>&nbsp;(idade do im\u00f3vel).<\/li>\n<\/ul>\n<h2><strong>O que \u00e9 a atualiza\u00e7\u00e3o?<\/strong><\/h2>\n<p>A cada tr\u00eas anos, as Finan\u00e7as fazem uma <strong>atualiza\u00e7\u00e3o autom\u00e1tica do Valor Patrimonial Tribut\u00e1rio <\/strong>(VPT) dos im\u00f3veis. Baseada nos coeficientes de desvaloriza\u00e7\u00e3o da moeda, esta an\u00e1lise aumenta quase sempre o valor das casas (exceto se existir defla\u00e7\u00e3o). De referir que <strong>esta revis\u00e3o n\u00e3o considera todos os par\u00e2metros avaliados inicialmente<\/strong>, como os <a href=\"https:\/\/www.imovirtual.com\/noticias\/financas\/imi-deco-defende-que-coeficientes-de-localizacao-devem\" target=\"_blank\" rel=\"noopener\">coeficientes<\/a> de vetustez (idade do im\u00f3vel) e os coeficientes de localiza\u00e7\u00e3o &#8211; ambos fatores que podem desvalorizar o valor do im\u00f3vel.<\/p>\n<\/p>\n<h2><strong>O que \u00e9 a reavalia\u00e7\u00e3o?<\/strong><\/h2>\n<p>O processo de reavalia\u00e7\u00e3o s\u00f3 acontece caso <strong>exista uma solicita\u00e7\u00e3o para tal por parte do propriet\u00e1rio ou da pr\u00f3pria C\u00e2mara Municipal<\/strong>. Durante este processo, a<strong> an\u00e1lise volta a incidir sobre 4 dos 6 par\u00e2metros mencionados anteriormente<\/strong>. Neste caso falamos do coeficiente de vetustez, do valor base dos pr\u00e9dios edificados, do coeficiente de localiza\u00e7\u00e3o e do coeficiente de conforto.&nbsp;<\/p>\n<p>Imagine que comprou uma casa nova h\u00e1 3 anos: est\u00e1 a pagar um IMI correspondente a um im\u00f3vel novo (com um coeficiente de vetustez de 1), quando poderia pagar um pouco menos (coeficiente de vetustez de 0,9). Lembramos ainda que u<strong>ma nova avalia\u00e7\u00e3o do im\u00f3vel \u00e9 gratuita e pode ser solicitada a cada tr\u00eas anos<\/strong>. Para a solicitar s\u00f3 tem de preencher o&nbsp;<a href=\"https:\/\/www.portaldasfinancas.gov.pt\/de\/impressos\/IMIMod1.pdf\">Modelo 1<\/a>, dispon\u00edvel para&nbsp;<em>download&nbsp;<\/em>no <a href=\"https:\/\/www.portaldasfinancas.gov.pt\/at\/html\/index.html\" target=\"_blank\" rel=\"noopener\">Portal das Finan\u00e7as<\/a>, entregando-o preenchido atrav\u00e9s da internet ou pessoalmente, no servi\u00e7o de Finan\u00e7as correspondente \u00e0 \u00e1rea de localiza\u00e7\u00e3o do im\u00f3vel.<\/p>\n<\/p>\n<h2><strong>Vale a pena solicitar uma reavalia\u00e7\u00e3o do IMI?<\/strong><\/h2>\n<p>Como j\u00e1 foi referido, caso n\u00e3o fa\u00e7a uma an\u00e1lise detalhada dos fatores supramencionados corre o risco de ver o IMI da sua casa agravar ao inv\u00e9s de diminuir. Assim sendo, o ideal \u00e9 <strong>fazer uma an\u00e1lise comparativa da evolu\u00e7\u00e3o dos fatores nos \u00faltimos anos e da <a href=\"https:\/\/www.imovirtual.com\/noticias\/imobiliario\/certidao-predial-urbana\" target=\"_blank\" rel=\"noopener\">caderneta predial<\/a><\/strong>, antes de pedir a reavalia\u00e7\u00e3o. Para isso, existem v\u00e1rios sites na internet que lhe permitem simular os valores. Note que,<strong> os par\u00e2metros n\u00e3o devem ser analisados individualmente e sim como um todo<\/strong>.&nbsp;Isto porque, a poupan\u00e7a que pode obter pela descida de um deles pode ser anulada pelo aumento de outro, acabando por n\u00e3o compensar.<\/p>\n<\/p>\n<p class=\" block-img\"><img decoding=\"async\" src=\"https:\/\/www.imovirtual.com\/noticias\/wp-content\/uploads\/2022\/11\/35ce8fdc-7f6c-4930-b514-06c8b6107a8e_Joao-Miguel-Banner-2.png\" alt=\"Jo\u00e3o Miguel Autor Imovirtual Blog\"><\/p>\n<h5><em>Jo\u00e3o Miguel \u00e9 o homem dos n\u00fameros. O jeito para os n\u00fameros sempre foi inato, assim como o talento para a escrita. J\u00e1 tentou fazer um sem o outro, mas n\u00e3o foi bem sucedido na tarefa. Por isso, hoje escreve para a sec\u00e7\u00e3o &#8216;Finan\u00e7as&#8217; do Blog do Imovirtual.<\/em><\/h5>\n<\/p>\n<h4><strong>Leia tamb\u00e9m<\/strong><\/h4>\n<ul>\n<li>Finan\u00e7as Pessoais: como&nbsp;<a href=\"https:\/\/www.imovirtual.com\/noticias\/financas\/financas-pessoais-como-poupar-em-2022\" target=\"_blank\" rel=\"noopener\"><strong>poupar em 2022<\/strong><\/a><\/li>\n<li>Prazos m\u00e1ximos do&nbsp;<a href=\"https:\/\/www.imovirtual.com\/noticias\/financas\/prazos-maximos-credito-habitacao\" target=\"_blank\" rel=\"noopener\"><strong>Cr\u00e9dito Habita\u00e7\u00e3o<\/strong><\/a><\/li>\n<li>Como calcular a&nbsp;<a href=\"https:\/\/www.imovirtual.com\/noticias\/financas\/calcular-taxa-esforco\" target=\"_blank\" rel=\"noopener\"><strong>taxa de esfor\u00e7o<\/strong><\/a><\/li>\n<\/ul>\n<\/p>\n<div class=\"css-h5fkc8\"><strong>Ultima actualiza\u00e7\u00e3o:<\/strong> 14 maio 2022<\/div>\n","protected":false},"excerpt":{"rendered":"<p>Como solicitar a reavalia\u00e7\u00e3o do IMI para pagar menos imposto O Imposto Municipal sobre Im\u00f3veis, mais conhecido como IMI \u00e9 uma das despesas mais pesadas na carteira dos propriet\u00e1rio de im\u00f3veis. Consiste num imposto municipal sobre o Valor Patrimonial Tribut\u00e1rio (VPT) de pr\u00e9dios urbanos e incide sobre im\u00f3veis destinados \u00e0 habita\u00e7\u00e3o, com\u00e9rcio, ind\u00fastria e terrenos &hellip;<\/p>\n","protected":false},"author":3,"featured_media":562,"comment_status":"closed","ping_status":"open","sticky":false,"template":"","format":"standard","meta":{"footnotes":""},"categories":[6,37],"tags":[],"class_list":["post-561","post","type-post","status-publish","format-standard","has-post-thumbnail","hentry","category-financas","category-financas-e-imobiliario"],"_links":{"self":[{"href":"https:\/\/www.imovirtual.com\/noticias\/wp-json\/wp\/v2\/posts\/561","targetHints":{"allow":["GET"]}}],"collection":[{"href":"https:\/\/www.imovirtual.com\/noticias\/wp-json\/wp\/v2\/posts"}],"about":[{"href":"https:\/\/www.imovirtual.com\/noticias\/wp-json\/wp\/v2\/types\/post"}],"author":[{"embeddable":true,"href":"https:\/\/www.imovirtual.com\/noticias\/wp-json\/wp\/v2\/users\/3"}],"replies":[{"embeddable":true,"href":"https:\/\/www.imovirtual.com\/noticias\/wp-json\/wp\/v2\/comments?post=561"}],"version-history":[{"count":0,"href":"https:\/\/www.imovirtual.com\/noticias\/wp-json\/wp\/v2\/posts\/561\/revisions"}],"wp:featuredmedia":[{"embeddable":true,"href":"https:\/\/www.imovirtual.com\/noticias\/wp-json\/wp\/v2\/media\/562"}],"wp:attachment":[{"href":"https:\/\/www.imovirtual.com\/noticias\/wp-json\/wp\/v2\/media?parent=561"}],"wp:term":[{"taxonomy":"category","embeddable":true,"href":"https:\/\/www.imovirtual.com\/noticias\/wp-json\/wp\/v2\/categories?post=561"},{"taxonomy":"post_tag","embeddable":true,"href":"https:\/\/www.imovirtual.com\/noticias\/wp-json\/wp\/v2\/tags?post=561"}],"curies":[{"name":"wp","href":"https:\/\/api.w.org\/{rel}","templated":true}]}}