{"id":5478,"date":"2026-09-02T16:25:37","date_gmt":"2026-09-02T16:25:37","guid":{"rendered":"https:\/\/www.imovirtual.com\/noticias\/?p=5478"},"modified":"2026-09-02T16:25:37","modified_gmt":"2026-09-02T16:25:37","slug":"trocar-apartamento-por-moradia-na-madeira-exige-mais-300-mil-euros","status":"publish","type":"post","link":"https:\/\/www.imovirtual.com\/noticias\/uncategorized\/trocar-apartamento-por-moradia-na-madeira-exige-mais-300-mil-euros\/","title":{"rendered":"Trocar apartamento por moradia na Madeira exige mais 300 mil euros"},"content":{"rendered":"\n<h2 class=\"wp-block-heading\">Diferen\u00e7a entre apartamentos e moradias varia muito consoante a regi\u00e3o, segundo dados do Imovirtual<\/h2>\n\n\n\n<p class=\"wp-block-paragraph\">Trocar um apartamento por uma moradia pode representar um esfor\u00e7o financeiro muito diferente consoante a localiza\u00e7\u00e3o. Na Madeira, essa mudan\u00e7a implica, em m\u00e9dia, um investimento adicional de cerca de <strong>300 mil euros<\/strong>, de acordo com uma an\u00e1lise do <strong>Imovirtual<\/strong> aos pre\u00e7os m\u00e9dios de venda dos \u00faltimos tr\u00eas meses, comparados com o mesmo per\u00edodo do ano anterior.<\/p>\n\n\n\n<p class=\"wp-block-paragraph\">A regi\u00e3o surge no topo da lista dos mercados onde a diferen\u00e7a entre apartamentos e moradias \u00e9 mais expressiva, \u00e0 frente do Algarve, Set\u00fabal e Lisboa.<\/p>\n\n\n\n<p class=\"wp-block-paragraph\">A n\u00edvel nacional, no entanto, a diferen\u00e7a m\u00e9dia \u00e9 bastante inferior: trocar um apartamento por uma moradia representa um investimento adicional de cerca de <strong>30.500 euros<\/strong>.<\/p>\n\n\n\n<h2 class=\"wp-block-heading\">Madeira lidera a diferen\u00e7a de pre\u00e7os<\/h2>\n\n\n\n<p class=\"wp-block-paragraph\">Nos principais mercados urbanos e tur\u00edsticos, as moradias continuam a exigir um or\u00e7amento significativamente superior ao dos apartamentos.<\/p>\n\n\n\n<p class=\"wp-block-paragraph\">As maiores diferen\u00e7as registam-se em:<\/p>\n\n\n\n<ul class=\"wp-block-list\">\n<li>Madeira: mais 300 mil euros;<\/li>\n\n\n\n<li>Algarve: mais 285 mil euros;<\/li>\n\n\n\n<li>Set\u00fabal: mais 260 mil euros;<\/li>\n\n\n\n<li>Lisboa: mais 259.750 euros.<\/li>\n<\/ul>\n\n\n\n<p class=\"wp-block-paragraph\">Estes dados mostram que a localiza\u00e7\u00e3o continua a ser um dos fatores que mais influencia o valor necess\u00e1rio para trocar um apartamento por uma moradia.<\/p>\n\n\n\n<h2 class=\"wp-block-heading\">No interior, a realidade pode ser o oposto<\/h2>\n\n\n\n<p class=\"wp-block-paragraph\">Nem sempre uma moradia \u00e9 mais cara do que um apartamento.<\/p>\n\n\n\n<p class=\"wp-block-paragraph\">Em v\u00e1rios distritos do interior, os pre\u00e7os m\u00e9dios das moradias s\u00e3o inferiores aos dos apartamentos, criando uma realidade bastante diferente daquela observada nas grandes \u00e1reas metropolitanas e mercados premium.<\/p>\n\n\n\n<p class=\"wp-block-paragraph\">Em Coimbra, por exemplo, uma moradia custa, em m\u00e9dia, menos <strong>165 mil euros<\/strong> do que um apartamento.<\/p>\n\n\n\n<p class=\"wp-block-paragraph\">Seguem-se:<\/p>\n\n\n\n<ul class=\"wp-block-list\">\n<li>Castelo Branco: menos 150 mil euros;<\/li>\n\n\n\n<li>Viseu: menos 122.500 euros;<\/li>\n\n\n\n<li>Guarda: menos 80 mil euros;<\/li>\n\n\n\n<li>Bragan\u00e7a: menos 47.500 euros.<\/li>\n<\/ul>\n\n\n\n<p class=\"wp-block-paragraph\">Ou seja, para quem procura mais espa\u00e7o, alargar a pesquisa a outras regi\u00f5es pode revelar alternativas mais acess\u00edveis.<\/p>\n\n\n\n<blockquote class=\"wp-block-quote is-layout-flow wp-block-quote-is-layout-flow\">\n<p class=\"wp-block-paragraph\">\u201cExiste uma perce\u00e7\u00e3o generalizada de que trocar um apartamento por uma moradia implica sempre um investimento muito superior, mas os dados mostram que essa realidade depende muito da localiza\u00e7\u00e3o e da tipologia. Nos grandes centros urbanos e mercados premium essa diferen\u00e7a continua a ser muito significativa, mas em v\u00e1rias zonas do interior encontramos precisamente o cen\u00e1rio contr\u00e1rio. Isto demonstra que o mercado imobili\u00e1rio portugu\u00eas \u00e9 hoje muito mais diverso do que muitas vezes se imagina e que existem alternativas que nem sempre s\u00e3o consideradas por quem procura mudar de casa\u201d, afirma <strong>Sylvia Bozzo, Marketing Manager do Imovirtual<\/strong>.<\/p>\n<\/blockquote>\n\n\n\n<h2 class=\"wp-block-heading\">A tipologia tamb\u00e9m faz diferen\u00e7a<\/h2>\n\n\n\n<p class=\"wp-block-paragraph\">A diferen\u00e7a de pre\u00e7os entre apartamentos e moradias muda tamb\u00e9m consoante a tipologia analisada.<\/p>\n\n\n\n<p class=\"wp-block-paragraph\">Nos <strong>T1<\/strong>, as moradias apresentam um pre\u00e7o m\u00e9dio de 97 mil euros, menos 143 mil euros do que os apartamentos.<\/p>\n\n\n\n<p class=\"wp-block-paragraph\">Nos <strong>T2<\/strong>, a diferen\u00e7a aumenta para 190 mil euros, enquanto nos <strong>T3<\/strong> as moradias apresentam um pre\u00e7o m\u00e9dio inferior em 185 mil euros.<\/p>\n\n\n\n<p class=\"wp-block-paragraph\">Esta diferen\u00e7a explica-se, em grande parte, pela distribui\u00e7\u00e3o geogr\u00e1fica da oferta. Muitas moradias de tipologias mais pequenas encontram-se em zonas do interior ou perif\u00e9ricas, onde os pre\u00e7os tendem a ser mais baixos.<\/p>\n\n\n\n<p class=\"wp-block-paragraph\">J\u00e1 os apartamentos de menor dimens\u00e3o est\u00e3o mais concentrados nas \u00e1reas metropolitanas e em empreendimentos recentes, onde os valores s\u00e3o geralmente superiores.<\/p>\n\n\n\n<p class=\"wp-block-paragraph\">A partir dos <strong>T4<\/strong>, esta diferen\u00e7a reduz-se bastante, ficando em cerca de 35 mil euros.<\/p>\n\n\n\n<h2 class=\"wp-block-heading\">Moradias valorizam mais do que apartamentos<\/h2>\n\n\n\n<p class=\"wp-block-paragraph\">Apesar das diferen\u00e7as de pre\u00e7o, as moradias t\u00eam registado um ritmo de valoriza\u00e7\u00e3o superior.<\/p>\n\n\n\n<p class=\"wp-block-paragraph\">Face ao mesmo per\u00edodo de 2025, o pre\u00e7o m\u00e9dio dos apartamentos aumentou <strong>2,3%<\/strong>, enquanto o das moradias cresceu <strong>7,1%<\/strong>.<\/p>\n\n\n\n<p class=\"wp-block-paragraph\">Entre todas as tipologias, as moradias T3 destacam-se, com uma valoriza\u00e7\u00e3o anual de <strong>23,9%<\/strong>.<\/p>\n\n\n\n<p class=\"wp-block-paragraph\">Esta evolu\u00e7\u00e3o pode estar ligada \u00e0 procura crescente por im\u00f3veis com mais espa\u00e7o, sobretudo entre fam\u00edlias.<\/p>\n\n\n\n<h2 class=\"wp-block-heading\">Oferta de apartamentos e moradias tem perfis diferentes<\/h2>\n\n\n\n<p class=\"wp-block-paragraph\">A composi\u00e7\u00e3o da oferta tamb\u00e9m ajuda a explicar parte das diferen\u00e7as de pre\u00e7o.<\/p>\n\n\n\n<p class=\"wp-block-paragraph\">Nos apartamentos, as tipologias mais representadas s\u00e3o:<\/p>\n\n\n\n<ul class=\"wp-block-list\">\n<li>T2: 15,0%;<\/li>\n\n\n\n<li>T3: 38,4%.<\/li>\n<\/ul>\n\n\n\n<p class=\"wp-block-paragraph\">Nas moradias, predominam as tipologias maiores:<\/p>\n\n\n\n<ul class=\"wp-block-list\">\n<li>T4: 37,2%;<\/li>\n\n\n\n<li>T5 ou superior: 41,2%.<\/li>\n<\/ul>\n\n\n\n<p class=\"wp-block-paragraph\">Ou seja, apartamentos e moradias n\u00e3o est\u00e3o distribu\u00eddos da mesma forma nem por tipologia nem por localiza\u00e7\u00e3o, o que tem impacto direto nos pre\u00e7os m\u00e9dios.<\/p>\n\n\n\n<h2 class=\"wp-block-heading\">Afinal, compensa trocar apartamento por moradia?<\/h2>\n\n\n\n<p class=\"wp-block-paragraph\">A resposta depende sobretudo da regi\u00e3o onde se procura casa.<\/p>\n\n\n\n<p class=\"wp-block-paragraph\">Na Madeira e noutros mercados premium, mudar de apartamento para moradia pode exigir um aumento muito significativo do or\u00e7amento.<\/p>\n\n\n\n<p class=\"wp-block-paragraph\">J\u00e1 em v\u00e1rios distritos do interior, \u00e9 poss\u00edvel encontrar moradias com pre\u00e7os m\u00e9dios inferiores aos dos apartamentos, o que pode abrir novas possibilidades para quem procura mais espa\u00e7o.<\/p>\n\n\n\n<p class=\"wp-block-paragraph\">Antes de tomar uma decis\u00e3o, vale a pena comparar diferentes localiza\u00e7\u00f5es, tipologias e faixas de pre\u00e7o.<\/p>\n\n\n\n<p class=\"wp-block-paragraph\">No <strong>Imovirtual<\/strong>, podes pesquisar apartamentos e moradias por localiza\u00e7\u00e3o, pre\u00e7o e tipologia e perceber quais as op\u00e7\u00f5es que melhor se ajustam \u00e0s tuas necessidades.<\/p>\n\n\n\n<p class=\"wp-block-paragraph\"><strong>Cr\u00e9ditos:<\/strong> Conte\u00fado adaptado a partir de um artigo publicado no <strong>DNOT\u00cdCIAS \u2013 Di\u00e1rio de Not\u00edcias da Madeira<\/strong>, da autoria de <strong>Andreia Correia<\/strong>, com base em dados do <strong>Imovirtual<\/strong>.<\/p>\n","protected":false},"excerpt":{"rendered":"<p>Diferen\u00e7a entre apartamentos e moradias varia muito consoante a regi\u00e3o, segundo dados do Imovirtual Trocar um apartamento por uma moradia pode representar um esfor\u00e7o financeiro muito diferente consoante a localiza\u00e7\u00e3o. Na Madeira, essa mudan\u00e7a implica, em m\u00e9dia, um investimento adicional de cerca de 300 mil euros, de acordo com uma an\u00e1lise do Imovirtual aos pre\u00e7os &hellip;<\/p>\n","protected":false},"author":3,"featured_media":5479,"comment_status":"open","ping_status":"open","sticky":false,"template":"","format":"standard","meta":{"footnotes":""},"categories":[1],"tags":[],"class_list":["post-5478","post","type-post","status-publish","format-standard","has-post-thumbnail","hentry","category-uncategorized"],"_links":{"self":[{"href":"https:\/\/www.imovirtual.com\/noticias\/wp-json\/wp\/v2\/posts\/5478","targetHints":{"allow":["GET"]}}],"collection":[{"href":"https:\/\/www.imovirtual.com\/noticias\/wp-json\/wp\/v2\/posts"}],"about":[{"href":"https:\/\/www.imovirtual.com\/noticias\/wp-json\/wp\/v2\/types\/post"}],"author":[{"embeddable":true,"href":"https:\/\/www.imovirtual.com\/noticias\/wp-json\/wp\/v2\/users\/3"}],"replies":[{"embeddable":true,"href":"https:\/\/www.imovirtual.com\/noticias\/wp-json\/wp\/v2\/comments?post=5478"}],"version-history":[{"count":1,"href":"https:\/\/www.imovirtual.com\/noticias\/wp-json\/wp\/v2\/posts\/5478\/revisions"}],"predecessor-version":[{"id":5480,"href":"https:\/\/www.imovirtual.com\/noticias\/wp-json\/wp\/v2\/posts\/5478\/revisions\/5480"}],"wp:featuredmedia":[{"embeddable":true,"href":"https:\/\/www.imovirtual.com\/noticias\/wp-json\/wp\/v2\/media\/5479"}],"wp:attachment":[{"href":"https:\/\/www.imovirtual.com\/noticias\/wp-json\/wp\/v2\/media?parent=5478"}],"wp:term":[{"taxonomy":"category","embeddable":true,"href":"https:\/\/www.imovirtual.com\/noticias\/wp-json\/wp\/v2\/categories?post=5478"},{"taxonomy":"post_tag","embeddable":true,"href":"https:\/\/www.imovirtual.com\/noticias\/wp-json\/wp\/v2\/tags?post=5478"}],"curies":[{"name":"wp","href":"https:\/\/api.w.org\/{rel}","templated":true}]}}