{"id":547,"date":"2022-04-24T00:00:00","date_gmt":"2022-04-24T00:00:00","guid":{"rendered":"https:\/\/www.imovirtual.com\/noticias2\/2022\/04\/24\/decorar-casa-erros\/"},"modified":"2024-08-28T10:18:52","modified_gmt":"2024-08-28T10:18:52","slug":"decorar-casa-erros","status":"publish","type":"post","link":"https:\/\/www.imovirtual.com\/noticias\/lifestyle\/decorar-casa-erros\/","title":{"rendered":"Vai decorar a casa nova do zero? Evite cometer estes erros"},"content":{"rendered":"<p class=\"css-8qfla4\">\n<p class=\"css-m5h6m0 edperro0\">\n<h1><strong>Vai decorar a casa nova do zero? Evite cometer estes erros<\/strong><\/h1>\n<p>Mais do que espelhar os gostos e aspira\u00e7\u00f5es pessoais, o segredo para uma <a href=\"https:\/\/www.imovirtual.com\/noticias\/decoracao\/descubra-o-seu-estilo-de-decoracao-de-interiores\" target=\"_blank\" rel=\"noopener\">decora\u00e7\u00e3o<\/a> bem sucedida \u00e9 o equil\u00edbrio. Se uma divis\u00e3o conseguir transmitir-lhe paz e prazer ao olhar, ent\u00e3o significa que o trabalho foi bem feito. Por isso \u00e9 que <strong>\u00e9 t\u00e3o importante poder contar com o trabalho de um designer profissional<\/strong>, para garantir harmonia e a fluidez dos ambientes. Mas se pretender tomar conta da situa\u00e7\u00e3o pelos seus pr\u00f3prio meios, inevitavelmente vai cometer alguns erros e deslizes. Muitos deles, embora totalmente evit\u00e1veis, s\u00e3o<strong> dif\u00edceis de identificar ao olhar dos novatos da decora\u00e7\u00e3o<\/strong>. Por isso, decidimos reunir neste artigo, alguns dos erros de decora\u00e7\u00e3o mais comuns. <strong>Tenha esta lista consigo na hora de escolher os <a href=\"https:\/\/www.imovirtual.com\/noticias\/decoracao\/upcycling-moveis-paletes\" target=\"_blank\" rel=\"noopener\">m\u00f3veis<\/a>, objetos e <a href=\"https:\/\/www.imovirtual.com\/noticias\/decoracao\/guia-quadros-decorativos\" target=\"_blank\" rel=\"noopener\">quadros<\/a> para a sua nova casa. <\/strong><\/p>\n<\/p>\n<h3><strong><em>Veja tamb\u00e9m: <a href=\"https:\/\/www.imovirtual.com\/noticias\/decoracao\/homefullness-casa\" target=\"_blank\" rel=\"noopener\">Saiba tudo sobre o Homefullness<\/a><\/em><\/strong><\/h3>\n<\/p>\n<h2><strong>Pendurar mal os quadros<\/strong><\/h2>\n<p>Sejam<strong> fotografias, obras de arte ou ilustra\u00e7\u00f5es<\/strong>: \u00e9 importante que os seus quadros sejam pendurado \u00e0 altura do olhar humano, para assim garantir que possam ser corretamente visualizados e apreciados.<\/p>\n<\/p>\n<h2><strong>Descurar a ilumina\u00e7\u00e3o<\/strong><\/h2>\n<p>A <strong><a href=\"https:\/\/www.imovirtual.com\/noticias\/imobiliario\/como-poupar-na-fatura-da-luz\" target=\"_blank\" rel=\"noopener\">luz<\/a> <\/strong>\u00e9 um dos pontos chave de uma decora\u00e7\u00e3o bem sucedida. Ter um bom <strong>sistema de ilumina\u00e7\u00e3o em casa<\/strong> \u00e9 essencial para transmitir as sensa\u00e7\u00f5es&nbsp;corretas em cada ambiente,&nbsp;proporcionando conforto e clareza para garantir a sa\u00fade dos seus olhos. Com tantas op\u00e7\u00f5es de l\u00e2mpadas e candeeiros existentes no mercado, certifique-se que escolhe o tom de luz correto para cada divis\u00e3o. <\/p>\n<h3>Pode interessar-lhe: <a href=\"https:\/\/www.imovirtual.com\/noticias\/lifestyle\/iluminacao-guia\" target=\"_blank\" rel=\"noopener\"><em><strong>Guia para escolher a ilumina\u00e7\u00e3o da sua casa<\/strong><\/em><\/a><\/h3>\n<h2><\/h2>\n<h2><strong>Plantas a mais<\/strong><\/h2>\n<p>Se por um lado n\u00e3o ter <a href=\"https:\/\/www.imovirtual.com\/noticias\/decoracao\/plantas-must-have-decoracao-de-interiores\" target=\"_blank\" rel=\"noopener\">plantas<\/a> em casa \u00e9 um erro crasso de decora\u00e7\u00e3o, ter demasiadas esp\u00e9cies na mesma divis\u00e3o tamb\u00e9m pode ser um falha. \u00c9 importante trazer a <a href=\"https:\/\/www.imovirtual.com\/noticias\/decoracao\/traga-a-natureza-para-dentro-da-sua-casa-id243.html\" target=\"_blank\" rel=\"noopener\">natureza<\/a> para dentro de casa recorrendo \u00e0s verdinhas, por conta de transmitirem uma sensa\u00e7\u00e3o de naturalidade e alegrarem qualquer divis\u00e3o. No entanto, <strong>tudo com conta, peso e medida j\u00e1 que ter plantas a mais pode saturar o ambiente em termos visuais<\/strong>. Em vez disso, experimente escolher as esp\u00e9cies mais indicadas ao seu tipo de decora\u00e7\u00e3o e claro, \u00e0 localiza\u00e7\u00e3o do im\u00f3vel, j\u00e1 que nem todas as esp\u00e9cies prosperam com as mesmas condi\u00e7\u00f5es de <strong><a href=\"https:\/\/www.imovirtual.com\/noticias\/lifestyle\/proteja-a-sua-casa-da-humidade-com-estas-dicas\" target=\"_blank\" rel=\"noopener\">humidade<\/a><\/strong>, <strong>luminosidade <\/strong>e <strong>temperatura<\/strong>.<\/p>\n<h2><strong>N\u00e3o esconder cabos e fios<\/strong><\/h2>\n<p>Sejamos francos: hoje em dia \u00e9 imposs\u00edvel passarmos ao lado de toda a tecnologia existente no mercado. Al\u00e9m da <a href=\"https:\/\/www.imovirtual.com\/noticias\/decoracao\/instalacao-suporte-tv\" target=\"_blank\" rel=\"noopener\">televis\u00e3o<\/a>, h\u00e1 agora um sem-fim de gadgets no mercado que ajudam a p\u00f4r a sua casa em ordem (e inclusivamente a geri-la, caso opte por uma <a href=\"https:\/\/www.imovirtual.com\/noticias\/lifestyle\/guia-para-tornar-a-sua-casa-inteligente\" target=\"_blank\" rel=\"noopener\">casa inteligente<\/a>). No entanto, <strong>n\u00e3o h\u00e1 nada mais inest\u00e9tico na decora\u00e7\u00e3o do que deixar a desorganiza\u00e7\u00e3o de cabos e fios \u00e0 vista<\/strong>. Nesse caso \u00e9 importante investir em<strong> organizadores de cabos para os manter na linha <\/strong>e para os esconder dos olhos humanos. Uma dica para principiantes: se tiver um televis\u00e3o LCD afixada na parede pode esconder os cabos dentro da parede.<\/p>\n<\/p>\n<h2><strong>Excesso de almofadas<\/strong><\/h2>\n<p>As<strong> almofadas s\u00e3o confort\u00e1veis<\/strong>, esteticamente bonitas e \u00f3timas para criar a sensa\u00e7\u00e3o de aconchego. H\u00e1 quem diga que almofadas nunca s\u00e3o demais, mas na realidade, qual \u00e9 mesmo o n\u00famero certo? Na verdade n\u00e3o existe uma f\u00f3rmula e<strong> tudo vai depender do tipo de decora\u00e7\u00e3o que escolher e do espa\u00e7o propriamente dito<\/strong>. No entanto, ir\u00e1 notar que as almofadas ser\u00e3o de mais na altura em que a divis\u00e3o comece a parecer desarrumada. Nesses casos, o melhor \u00e9 arrum\u00e1-las noutro lugar.<\/p>\n<h3>Confira: <a href=\"https:\/\/www.imovirtual.com\/noticias\/decoracao\/guia-almofadas-decorativas\" target=\"_blank\" rel=\"noopener\"><em><strong>Guia para escolher almofadas decorativas<\/strong><\/em><\/a><\/h3>\n<\/p>\n<h2><strong>Negligenciar o espa\u00e7o para circula\u00e7\u00e3o<\/strong><\/h2>\n<p>Terminamos com um dos erros mais crasso dos novatos na decora\u00e7\u00e3o: a<strong> neglig\u00eancia do espa\u00e7o para circula\u00e7\u00e3o<\/strong>. Para um ambiente ter fluidez e harmonia, \u00e9 muito importante considerar o espa\u00e7o existente como um todo. Tire todas as medidas necess\u00e1rias antes de investir na sua <a href=\"https:\/\/www.imovirtual.com\/noticias\/decoracao\/motivos-para-escolher-mobilia-modular-para-a-sua-casa\" target=\"_blank\" rel=\"noopener\">mob\u00edlia<\/a> e garanta que vai conseguir deixar espa\u00e7os para a divis\u00e3o respirar e para os habitantes da casa circularem livremente. <\/p>\n<\/p>\n<p class=\" block-img\"><img decoding=\"async\" src=\"https:\/\/www.imovirtual.com\/noticias\/wp-content\/uploads\/2022\/11\/af14b393-f5d1-4a75-8368-42f656903033_Copia-de-Banners-Autores-3.png\" alt=\"Maria Lu\u00edsa Autor Imovirtual\"><\/p>\n<h5><em>Maria Lu\u00edsa \u00e9 a decoradora. A paix\u00e3o pela decora\u00e7\u00e3o surgiu desde muito cedo, quando as paredes se tornaram folhas de desenho. Juntou o \u00fatil ao agrad\u00e1vel e fez da voca\u00e7\u00e3o o seu trabalho. Est\u00e1 a cargo dos temas sobre &#8216;Decora\u00e7\u00e3o&#8217; do Blog do Imovirtual.<\/em><\/h5>\n<\/p>\n<h4><strong>Tamb\u00e9m lhe pode interessar<\/strong><\/h4>\n<ul>\n<li>Saiba tudo sobre o&nbsp;<a href=\"https:\/\/www.imovirtual.com\/noticias\/decoracao\/homefullness-casa\" target=\"_blank\" rel=\"noopener\"><strong>Homefullness<\/strong><\/a><\/li>\n<li>Como cuidar dos seus<strong>&nbsp;<a href=\"https:\/\/www.imovirtual.com\/noticias\/decoracao\/cuidados-moveis-madeira\" target=\"_blank\" rel=\"noopener\">m\u00f3veis de madeira<\/a><\/strong><\/li>\n<li>Guia para escolher&nbsp;<a href=\"https:\/\/www.imovirtual.com\/noticias\/decoracao\/guia-almofadas-decorativas\" target=\"_blank\" rel=\"noopener\"><strong>almofadas<\/strong><\/a>&nbsp;decorativas<\/li>\n<\/ul>\n<\/p>\n<div class=\"css-h5fkc8\"><strong>Ultima actualiza\u00e7\u00e3o:<\/strong> 24 abril 2022<\/div>\n","protected":false},"excerpt":{"rendered":"<p>Vai decorar a casa nova do zero? Evite cometer estes erros Mais do que espelhar os gostos e aspira\u00e7\u00f5es pessoais, o segredo para uma decora\u00e7\u00e3o bem sucedida \u00e9 o equil\u00edbrio. Se uma divis\u00e3o conseguir transmitir-lhe paz e prazer ao olhar, ent\u00e3o significa que o trabalho foi bem feito. Por isso \u00e9 que \u00e9 t\u00e3o importante &hellip;<\/p>\n","protected":false},"author":3,"featured_media":548,"comment_status":"closed","ping_status":"open","sticky":false,"template":"","format":"standard","meta":{"footnotes":""},"categories":[3],"tags":[],"class_list":["post-547","post","type-post","status-publish","format-standard","has-post-thumbnail","hentry","category-lifestyle"],"_links":{"self":[{"href":"https:\/\/www.imovirtual.com\/noticias\/wp-json\/wp\/v2\/posts\/547","targetHints":{"allow":["GET"]}}],"collection":[{"href":"https:\/\/www.imovirtual.com\/noticias\/wp-json\/wp\/v2\/posts"}],"about":[{"href":"https:\/\/www.imovirtual.com\/noticias\/wp-json\/wp\/v2\/types\/post"}],"author":[{"embeddable":true,"href":"https:\/\/www.imovirtual.com\/noticias\/wp-json\/wp\/v2\/users\/3"}],"replies":[{"embeddable":true,"href":"https:\/\/www.imovirtual.com\/noticias\/wp-json\/wp\/v2\/comments?post=547"}],"version-history":[{"count":0,"href":"https:\/\/www.imovirtual.com\/noticias\/wp-json\/wp\/v2\/posts\/547\/revisions"}],"wp:featuredmedia":[{"embeddable":true,"href":"https:\/\/www.imovirtual.com\/noticias\/wp-json\/wp\/v2\/media\/548"}],"wp:attachment":[{"href":"https:\/\/www.imovirtual.com\/noticias\/wp-json\/wp\/v2\/media?parent=547"}],"wp:term":[{"taxonomy":"category","embeddable":true,"href":"https:\/\/www.imovirtual.com\/noticias\/wp-json\/wp\/v2\/categories?post=547"},{"taxonomy":"post_tag","embeddable":true,"href":"https:\/\/www.imovirtual.com\/noticias\/wp-json\/wp\/v2\/tags?post=547"}],"curies":[{"name":"wp","href":"https:\/\/api.w.org\/{rel}","templated":true}]}}