{"id":544,"date":"2022-04-26T00:00:00","date_gmt":"2022-04-26T00:00:00","guid":{"rendered":"https:\/\/www.imovirtual.com\/noticias2\/2022\/04\/26\/como-imigrar-portugal\/"},"modified":"2024-08-28T10:29:05","modified_gmt":"2024-08-28T10:29:05","slug":"como-imigrar-portugal","status":"publish","type":"post","link":"https:\/\/www.imovirtual.com\/noticias\/imobiliario\/como-imigrar-portugal\/","title":{"rendered":"Quero mudar-me para Portugal: como fazer?"},"content":{"rendered":"<p class=\"css-8qfla4\">\n<p class=\"css-m5h6m0 edperro0\">\n<h1><strong>Quero mudar-me para Portugal: como fazer?<\/strong><\/h1>\n<p>Os dados mais recentes do <a href=\"https:\/\/www.sef.pt\/pt\/Pages\/Homepage.aspx\" target=\"_blank\" rel=\"noopener\"><strong>Servi\u00e7o de Estrangeiros e Fronteiras<\/strong><\/a> (SEF) correspondentes ao final do ano 2021, d\u00e3o conta de<strong> 771 mil <\/strong>estrangeiros a viver em Portugal. Mais 109 mil pessoas do que no ano anterior. A grande maioria vem do <strong>Brasil<\/strong> (184 mil), <strong>Reino Unido<\/strong> (46 mil), <strong>Cabo Verde<\/strong> (37 mil), <strong>Rom\u00e9nia <\/strong>(30 mil) e <strong>Ucr\u00e2nia<\/strong> (29 mil) e pertencem a faixas et\u00e1rias jovens (entre os 20 e os 49 anos), estando, portanto, em idade ativa e f\u00e9rtil. N\u00e3o h\u00e1 d\u00favidas de que <strong>Portugal \u00e9 um pa\u00eds muito apreciado pelos imigrantes<\/strong>, que muitas vezes se mudam para o nosso <a href=\"https:\/\/www.imovirtual.com\/noticias\/lifestyle\/jardim-de-inverno\" target=\"_blank\" rel=\"noopener\">jardim<\/a> \u00e0 beira-mar plantado em busca de novas oportunidades de emprego e melhores condi\u00e7\u00f5es de vida. Mas para poderem obter um <strong>visto de resid\u00eancia v\u00e1lido <\/strong>ter\u00e3o de se submeter a alguns processos burocr\u00e1ticos que vamos passar a explicar mais adiante.<\/p>\n<\/p>\n<h2><strong>Nos primeiros 90 dias&#8230;.<\/strong><\/h2>\n<p>Qualquer pessoa que aterre em solo portugu\u00eas pode por c\u00e1 permanecer durante 90 dias sem que seja necess\u00e1rio qualquer tipo de documento. Este \u00e9 o temo de dura\u00e7\u00e3o do &#8216;visto&#8217; tur\u00edstico. <\/p>\n<\/p>\n<h2><strong>Passados os 90 dias&#8230;.<\/strong><\/h2>\n<\/p>\n<h3><strong>CIDAD\u00c3OS DA UNI\u00c3O EUROPEIA (UE)<\/strong><\/h3>\n<p>Os imigrantes oriundos de pa\u00edses da<strong> Uni\u00e3o Europeia<\/strong> que pretendam estabelecer ra\u00edzes em terras lusitanas est\u00e3o habilitados a um <strong><a href=\"https:\/\/eportugal.gov.pt\/servicos\/pedir-o-certificado-de-residencia-permanente-para-cidadao-da-ue\/eee\/suica\" target=\"_blank\" rel=\"noopener\">Certificado de Resid\u00eancia<\/a>, tamb\u00e9m denominado de <em>Registo de cidad\u00e3o comunit\u00e1rio, <\/em>com dura\u00e7\u00e3o at\u00e9 5 anos, renov\u00e1vel findo esse tempo<\/strong>. A validade do Certificado depende daquilo que os candidatos apresentarem como meio de sustento e no fundo este \u00e9 o documento que funcionar\u00e1 como um Bilhete de Identidade do cidad\u00e3o. <\/p>\n<p>Para adquirir esta certid\u00e3o, os imigrantes devem, primeiramente, deslocar-se \u00e0s Juntas de Freguesia da \u00e1rea de resid\u00eancia para pedirem um <strong>Atestado de Resid\u00eancia<\/strong>, que atesta junto da entidade <strong>que tem um local para viver<\/strong>. Pode n\u00e3o ser uma <strong>habita\u00e7\u00e3o pr\u00f3pria, comprada ou arrendada<\/strong>, pode ser uma casa de familiares ou amigos onde esteja hospedado. Desde que comprove \u00e0 Junta de Freguesia que ter\u00e1 um teto para viver, poder\u00e1 obter o Atestado, mas note que para isso necessita de <strong>entregar um documento com o nome do requerente<\/strong>, que seja endere\u00e7ado \u00e0 morada de resid\u00eancia, ou apresentar duas testemunhas. <\/p>\n<p>Seguidamente, o imigrante deve rumar a um<strong> Balc\u00e3o das Finan\u00e7as<\/strong> para fazer a solicita\u00e7\u00e3o de um <strong>N\u00famero de Identifica\u00e7\u00e3o Fiscal<\/strong> portugu\u00eas e simultaneamente requerer o<strong> Certificado de Resid\u00eancia<\/strong>, junto de um posto de atendimento habilitado para o efeito. De referir que, o NIF \u00e9 um n\u00famero essencial para poder fazer vida em Portugal e para ser reconhecido como um contribuinte na economia portuguesa. Com ele, poder\u00e1 procurar emprego ou abrir uma conta no banco e s\u00f3 com o <strong>Certificado de Resid\u00eancia <\/strong>e o n\u00fameros em m\u00e3os, \u00e9 que os imigrantes o poder\u00e1 fazer.<\/p>\n<\/p>\n<h3><strong>CIDAD\u00c3OS DE OUTROS PA\u00cdSES<\/strong><\/h3>\n<p>O processo para os cidad\u00e3os de outros pa\u00edses que n\u00e3o fa\u00e7am parte da UE \u00e9 diferente. Estes n\u00e3o ter\u00e3o direito \u00e0 Certifica\u00e7\u00e3o at\u00e9 ent\u00e3o mencionada, mas sim a <strong>Cart\u00e3o de Residente Permanente<\/strong> providenciado pelo <a href=\"https:\/\/imigrante.sef.pt\/solicitar\/residir\/art77-1\/\" target=\"_blank\" rel=\"noopener\">SEF<\/a>. Para isso, necessita fazer um<strong> agendamento para desloca\u00e7\u00e3o a um balc\u00e3o do Servi\u00e7o de Estrangeiros e Fronteiras portugu\u00eas <\/strong>e entregar um impresso pr\u00f3prio assinado pelo requerente ou pelo seu representante legal. Saiba que o documento pode ser apresentado em qualquer dire\u00e7\u00e3o ou delega\u00e7\u00e3o regional do SEF, que o pode remeter, ap\u00f3s instru\u00e7\u00e3o e decis\u00e3o, para <strong>a dire\u00e7\u00e3o ou delega\u00e7\u00e3o regional da \u00e1rea de resid\u00eancia do requerente<\/strong>. Posto isso, o imigrante tamb\u00e9m se deve fazer acompanhar das seguintes informa\u00e7\u00f5es:<\/p>\n<ul>\n<li>Duas <a href=\"https:\/\/www.imovirtual.com\/noticias\/imobiliario\/fotografia-imobiliaria-dicas\" target=\"_blank\" rel=\"noopener\"><strong>fotografias<\/strong><\/a> iguais, tipo passe, a cores e fundo liso, atualizadas e com boas condi\u00e7\u00f5es de identifica\u00e7\u00e3o (caso o agendamento se realize no posto de atendimento do SEF em Odivelas, Aveiro ou Braga);<\/li>\n<li><strong>Passaporte<\/strong> ou outro documento de viagem v\u00e1lido;<\/li>\n<li><strong>Visto <\/strong>de resid\u00eancia v\u00e1lido;<\/li>\n<li><strong>Comprovativo dos meios de subsist\u00eanci<\/strong>a, conforme previsto na <a href=\"https:\/\/dre.pt\/dre\/detalhe\/portaria\/1563-2007-628798\" target=\"_blank\" rel=\"noopener\">Portaria n.\u00ba 1563\/2007<\/a>;<\/li>\n<li>Comprovativo de que disp\u00f5e de <strong>alojamento<\/strong>;<\/li>\n<li>Autoriza\u00e7\u00e3o para <strong>consulta do registo criminal portugu\u00eas pelo SEF<\/strong> (exceto menores de 16 anos);<\/li>\n<li>Documento comprovativo de<strong> v\u00ednculos de parentesco, quando se justifique<\/strong>;<\/li>\n<li>Comprovativo da<strong> inscri\u00e7\u00e3o na Autoridade Tribut\u00e1ria<\/strong>, sempre que aplic\u00e1vel<\/li>\n<li>Comprovativo de<strong> inscri\u00e7\u00e3o na seguran\u00e7a social<\/strong>, sempre que aplic\u00e1vel<\/li>\n<li><strong>Seguro de sa\u00fade<\/strong> ou comprovativo de que se encontra abrangido pelo Servi\u00e7o Nacional de Sa\u00fade;<\/li>\n<\/ul>\n<p>Al\u00e9m dos documentos mencionados, existem condi\u00e7\u00f5es que o imigrante deve reunir a fim de poder obter o Cart\u00e3o de Resid\u00eancia permanente. S\u00e3o elas: <\/p>\n<ul>\n<li>Inexist\u00eancia de qualquer facto que, se fosse conhecido pelas autoridades competentes, devesse <strong>obstar \u00e0 concess\u00e3o do visto<\/strong>; <\/li>\n<li><strong>Aus\u00eancia de condena\u00e7\u00e3o por crime que em Portugal <\/strong>seja pun\u00edvel com pena privativa de liberdade de dura\u00e7\u00e3o superior a um ano; <\/li>\n<li>N\u00e3o se encontrar o requerente no<strong> per\u00edodo de interdi\u00e7\u00e3o de entrada em territ\u00f3rio nacional<\/strong>, subsequente a uma medida de afastamento do Pa\u00eds; <\/li>\n<li>Aus\u00eancia de indica\u00e7\u00e3o no<strong> Sistema de Informa\u00e7\u00e3o Schengen<\/strong>; <\/li>\n<li>Aus\u00eancia de indica\u00e7\u00e3o no <strong>Sistema Integrado de Informa\u00e7\u00f5es do SEF<\/strong> para efeitos de n\u00e3o admiss\u00e3o, nos termos do art.\u00ba 33.\u00ba do REPSAE.<\/li>\n<\/ul>\n<p>Estes s\u00e3o alguns dos <strong>procedimentos que um imigrante necessita realizar para poder residir legalmente em Portugal.<\/strong> Mas lembre-se sempre: cada caso \u00e9 um caso, e dever\u00e1 contactar sempre as autoridades competentes para melhor se informar sobre a sua situa\u00e7\u00e3o em particular.<\/p>\n<p class=\" block-img\"><img decoding=\"async\" src=\"https:\/\/www.imovirtual.com\/noticias\/wp-content\/uploads\/2022\/11\/3c23b667-0a08-4ca1-abcb-74566be5c538_Copia-de-Banners-Autores-2.png\" alt=\"Alexandre Lu\u00eds Autor Imovirtual\"><\/p>\n<h5><em>Tamb\u00e9m conhecido como &#8216;O Consultor&#8217;. Pode encontr\u00e1-lo a consultar o \u00faltimo estudo de mercado. N\u00e3o tem talento para vender, mas sabe tudo sobre Imobili\u00e1rio. Fala sobre quest\u00f5es relacionadas com o tema no Blog do Imovirtual.<\/em><\/h5>\n<\/p>\n<h4><strong>Mais sobre&nbsp;<em>Imobili\u00e1rio<\/em><\/strong><\/h4>\n<ul>\n<li>Quanto custa uma&nbsp;<a href=\"https:\/\/www.imovirtual.com\/noticias\/imobiliario\/preco-escritura\" target=\"_blank\" rel=\"noopener\"><strong>escritura<\/strong><\/a>&nbsp;de uma casa?<\/li>\n<li>Vantagens e desvantagens de viver nas <a href=\"https:\/\/www.imovirtual.com\/noticias\/imobiliario\/vantagens-desvantagens-ilhas-portuguesas\" target=\"_blank\" rel=\"noopener\"><strong>Ilhas Portuguesas<\/strong><\/a><\/li>\n<li>Os <a href=\"https:\/\/www.imovirtual.com\/noticias\/imobiliario\/distritos-baratos-comprar-arrendar\" target=\"_blank\" rel=\"noopener\"><strong>distritos mais baratos<\/strong><\/a> para comprar e arrendar casa<\/li>\n<\/ul>\n<\/p>\n<div class=\"css-h5fkc8\"><strong>Ultima actualiza\u00e7\u00e3o:<\/strong> 26 abril 2022<\/div>\n","protected":false},"excerpt":{"rendered":"<p>Quero mudar-me para Portugal: como fazer? Os dados mais recentes do Servi\u00e7o de Estrangeiros e Fronteiras (SEF) correspondentes ao final do ano 2021, d\u00e3o conta de 771 mil estrangeiros a viver em Portugal. Mais 109 mil pessoas do que no ano anterior. A grande maioria vem do Brasil (184 mil), Reino Unido (46 mil), Cabo &hellip;<\/p>\n","protected":false},"author":3,"featured_media":545,"comment_status":"closed","ping_status":"open","sticky":false,"template":"","format":"standard","meta":{"footnotes":""},"categories":[37,5],"tags":[],"class_list":["post-544","post","type-post","status-publish","format-standard","has-post-thumbnail","hentry","category-financas-e-imobiliario","category-imobiliario"],"_links":{"self":[{"href":"https:\/\/www.imovirtual.com\/noticias\/wp-json\/wp\/v2\/posts\/544","targetHints":{"allow":["GET"]}}],"collection":[{"href":"https:\/\/www.imovirtual.com\/noticias\/wp-json\/wp\/v2\/posts"}],"about":[{"href":"https:\/\/www.imovirtual.com\/noticias\/wp-json\/wp\/v2\/types\/post"}],"author":[{"embeddable":true,"href":"https:\/\/www.imovirtual.com\/noticias\/wp-json\/wp\/v2\/users\/3"}],"replies":[{"embeddable":true,"href":"https:\/\/www.imovirtual.com\/noticias\/wp-json\/wp\/v2\/comments?post=544"}],"version-history":[{"count":0,"href":"https:\/\/www.imovirtual.com\/noticias\/wp-json\/wp\/v2\/posts\/544\/revisions"}],"wp:featuredmedia":[{"embeddable":true,"href":"https:\/\/www.imovirtual.com\/noticias\/wp-json\/wp\/v2\/media\/545"}],"wp:attachment":[{"href":"https:\/\/www.imovirtual.com\/noticias\/wp-json\/wp\/v2\/media?parent=544"}],"wp:term":[{"taxonomy":"category","embeddable":true,"href":"https:\/\/www.imovirtual.com\/noticias\/wp-json\/wp\/v2\/categories?post=544"},{"taxonomy":"post_tag","embeddable":true,"href":"https:\/\/www.imovirtual.com\/noticias\/wp-json\/wp\/v2\/tags?post=544"}],"curies":[{"name":"wp","href":"https:\/\/api.w.org\/{rel}","templated":true}]}}