{"id":542,"date":"2022-04-30T00:00:00","date_gmt":"2022-04-30T00:00:00","guid":{"rendered":"https:\/\/www.imovirtual.com\/noticias2\/2022\/04\/30\/dia-da-mae-imoveis\/"},"modified":"2024-08-28T10:29:04","modified_gmt":"2024-08-28T10:29:04","slug":"dia-da-mae-imoveis","status":"publish","type":"post","link":"https:\/\/www.imovirtual.com\/noticias\/imobiliario\/dia-da-mae-imoveis\/","title":{"rendered":"Dia da m\u00e3e: e se a prenda fosse um im\u00f3vel?"},"content":{"rendered":"<p class=\"css-8qfla4\">\n<p class=\"css-m5h6m0 edperro0\">\n<h1><strong>Dia da m\u00e3e: e se a prenda fosse um im\u00f3vel?<\/strong><\/h1>\n<p>Este ano, no dia 1 de Maio celebra-se em simult\u00e2neo o<strong> Dia do Trabalhador <\/strong>e o <strong>Dia da M\u00e3e<\/strong>. Este dia n\u00e3o escolhe idades e por isso s\u00e3o muitos os filhos, pequenos ou gra\u00fados, que recorrem \u00e0 internet ou correm para as lojas para comprar a lembran\u00e7a ideal em honra das suas figuras maternas. J\u00f3ias, <a href=\"https:\/\/www.imovirtual.com\/noticias\/lifestyle\/flores-frescas-casa\" target=\"_blank\" rel=\"noopener\">flores<\/a>, perfumes e roupas s\u00e3o algumas das prefer\u00eancias dos consumidores. Mas se pudesse oferecer uma casa \u00e0 sua m\u00e3e, qual escolheria? <strong>Com certeza que seria um presente memor\u00e1vel e especial mas que logicamente n\u00e3o est\u00e1 ao alcance de todas as carteiras<\/strong>. De toda a forma n\u00e3o \u00e9 proibido sonhar e para assinalar esta data, o <a href=\"https:\/\/www.imovirtual.com\/pt\/\" target=\"_blank\" rel=\"noopener\">Imovirtual<\/a> reuniu uma lista de im\u00f3veis com caracter\u00edsticas singulares para agradar a todas as m\u00e3es. Confira a nossa lista.<\/p>\n<\/p>\n<h3>Encontre aqui todos os <a href=\"https:\/\/www.imovirtual.com\/comprar\/?search%5Bdescription%5D=1\" target=\"_blank\" rel=\"noopener\"><strong>im\u00f3veis \u00e0 venda no Imovirtual<\/strong><\/a><\/h3>\n<\/p>\n<h2><strong>Para as m\u00e3es que gostam de ler<\/strong><\/h2>\n<\/p>\n<h3><a href=\"https:\/\/www.imovirtual.com\/pt\/anuncio\/casa-senhorial-inserida-em-quinta-com-15-hectares-na-zona-ID17NRT.html#f6fa55dc15\" target=\"_blank\" rel=\"noopener\"><strong>Quinta da Capela<\/strong><\/a><\/h3>\n<p>S\u00e3o Vicente da Beira, Castelo Branco<\/p>\n<p class=\" block-img\"><img decoding=\"async\" src=\"https:\/\/www.imovirtual.com\/noticias\/wp-content\/uploads\/2022\/11\/5fa9c0ac-ccd3-4ebb-8641-54ccb49db8cc_Casa-Senhorial.png\" alt=\"casa para as m\u00e3es que gostam de ler\"><\/p>\n<p><strong>Ler faz bem <\/strong>\u00e0 sa\u00fade mental, estimula o c\u00e9rebro e permite viajar e aprender sem sair do sof\u00e1. Por isso temos a certeza que as m\u00e3es que gostam de ler n\u00e3o se importavam nada de ter uma divis\u00e3o inteira dedicada \u00e0s suas leituras. Especialmente se esta estivesse inserida numa <strong>Casa Senhorial na Quinta da Capela<\/strong>, em Castelo Branco, que tamb\u00e9m oferece <strong>6 suites com WC<\/strong>, 1 <strong>kitchenette<\/strong> de apoio e<strong> v\u00e1rios metros quadrados de terreno<\/strong> para poder desfrutar de um <a href=\"https:\/\/www.imovirtual.com\/noticias\/imobiliario\/livros-mercado-imobiliario\" target=\"_blank\" rel=\"noopener\">livro<\/a> no meio da <a href=\"https:\/\/www.imovirtual.com\/noticias\/decoracao\/traga-a-natureza-para-dentro-da-sua-casa-id243.html\" target=\"_blank\" rel=\"noopener\">natureza<\/a>.<\/p>\n<\/p>\n<h2><strong>Para as m\u00e3es que gostam de cozinhar<\/strong><\/h2>\n<\/p>\n<h3><a href=\"https:\/\/www.imovirtual.com\/pt\/anuncio\/moradia-t4-venda-em-canidelo-vila-nova-de-gaia-ID186Ir.html#36942c6984\" target=\"_blank\" rel=\"noopener\"><strong>Moradia T4<\/strong><\/a><\/h3>\n<p>Canidelo, Vila Nova de Gaia<\/p>\n<p class=\" block-img\"><img decoding=\"async\" src=\"https:\/\/www.imovirtual.com\/noticias\/wp-content\/uploads\/2022\/11\/4a3e9b04-4849-47b5-b9e5-71e9d75e5494_para-maes-que-gostam-de-coiznha.png\" alt=\"casa para m\u00e3es que gostam de cozinhar\"><\/p>\n<p>Qual \u00e9 a m\u00e3e que gosta de cozinhar que nunca sonhou ter uns m2 extra na <a href=\"https:\/\/www.imovirtual.com\/noticias\/decoracao\/cozinhas-inspiradoras\" target=\"_blank\" rel=\"noopener\">cozinha<\/a>? Esta <strong>Moradia T4<\/strong> no Canidelo oferece 40m2 de espa\u00e7o para fazer todo o tipo de receitas com toda a fam\u00edlia. A <strong>vista-mar<\/strong>, as <strong>duas suites<\/strong>, a <a href=\"https:\/\/www.imovirtual.com\/noticias\/decoracao\/como-escolher-sofa-perfeito-sala-de-estar\" target=\"_blank\" rel=\"noopener\">sala de estar<\/a> de dimens\u00f5es igualmente grandes e o anexo com cozinha regional, uma sala, uma casa de banho e ainda um quarto, s\u00e3o outras das caracter\u00edsticas que vale salientar.<\/p>\n<\/p>\n<h2><strong>Para as m\u00e3es que gostam de moda<\/strong><\/h2>\n<\/p>\n<h3><a href=\"https:\/\/www.imovirtual.com\/pt\/anuncio\/fantastica-penthouse-totalmente-remodelada-no-coracao-de-ID186Zq.html#fbf92904c9\" target=\"_blank\" rel=\"noopener\"><strong>Penthouse T3<\/strong><\/a><\/h3>\n<p>Lisboa<\/p>\n<p class=\" block-img\"><img decoding=\"async\" src=\"https:\/\/www.imovirtual.com\/noticias\/wp-content\/uploads\/2022\/11\/4adc3795-a278-4ecb-ae84-bdf802037476_para-maes-que-gostam-de-moda.png\" alt=\"Casa para m\u00e3es que gostam de moda\"><\/p>\n<p>H\u00e1 por a\u00ed muitas m\u00e3es fashionistas que iriam adorar ter \u00e0 sua disposi\u00e7\u00e3o um walk-in closet numa <strong>Penthouse T3 <\/strong>em pleno cora\u00e7\u00e3o de Lisboa. Por l\u00e1 h\u00e1 muito espa\u00e7o para guardar roupas para todo o tipo de ocasi\u00f5es, como por exemplo uma festa caseira no grande sal\u00e3o com cerca de 80 m2 deste apartamento. Um <a href=\"https:\/\/www.imovirtual.com\/noticias\/imobiliario\/lei-churrascos-apartamentos\" target=\"_blank\" rel=\"noopener\">churrasco<\/a> na varanda, 3 quartos em suite, uma garrafeira e a vista-rio s\u00e3o outras das caracter\u00edsticas deste im\u00f3vel.<\/p>\n<\/p>\n<h2><strong>Para as m\u00e3es que gostam de jardinar<\/strong><\/h2>\n<\/p>\n<h3><a href=\"https:\/\/www.imovirtual.com\/pt\/anuncio\/moradia-t4-moradia-t1-montinho-cantanhede-ID16bGV.html#6dd844c5b7\" target=\"_blank\" rel=\"noopener\"><strong>Moradia T4+Moradia T1<\/strong><\/a><\/h3>\n<p>Cantanhede, Coimbra<\/p>\n<p class=\" block-img\"><img decoding=\"async\" src=\"https:\/\/www.imovirtual.com\/noticias\/wp-content\/uploads\/2022\/11\/2d125ce9-a52d-4f81-a857-e525a6511199_para-maes-que-gostam-de-jardinar.png\" alt=\"Casa para m\u00e3es que gostam de jardinar\"><\/p>\n<p>Temos a certeza de que as m\u00e3es que gostam de jardinar v\u00e3o ficar muito surpreendidas e agradadas com esta <strong>Moradia T4+Moradia T1 <\/strong>com casa de caseiro e com espl\u00eandido espa\u00e7o exterior. \u00c9 que este <a href=\"https:\/\/www.imovirtual.com\/noticias\/lifestyle\/urban-jungle-jardim-vertical-em-apartamento\" target=\"_blank\" rel=\"noopener\">jardim<\/a> oferece pomar, horta, po\u00e7o com motor e um furo&nbsp;que faz a&nbsp;rega com \u00e1gua abundante com capacidade para encher uma futura piscina. Al\u00e9m destas caracter\u00edsticas este im\u00f3vel tamb\u00e9m conta com uma suite com varanda dois quartos com roupeiros embutidos e uma casa de banho comum aos quartos.<\/p>\n<\/p>\n<h2><strong>Para as m\u00e3es que gostam de praia<\/strong><\/h2>\n<\/p>\n<h3><a href=\"https:\/\/www.imovirtual.com\/pt\/anuncio\/apartamento-t1-1-para-venda-novo-na-praia-da-rocha-ID18DCu.html#ba470e643f\" target=\"_blank\" rel=\"noopener\"><strong>Apartamento T1+1<\/strong><\/a><\/h3>\n<p>Praia da Rocha, Portim\u00e3o<\/p>\n<p class=\" block-img\"><img decoding=\"async\" src=\"https:\/\/www.imovirtual.com\/noticias\/wp-content\/uploads\/2022\/11\/048a8e4a-efac-4681-ac76-bec07ded30cd_para-maes-que-gostam-de-praia.png\" alt=\"casa para m\u00e3es que gostam de praia\"><\/p>\n<p>Viver a 500 metro da praia ser\u00e1 certamente um sonho para as m\u00e3es que gostam de andar sempre com um pezinho no mar. Este <strong>Apartamento T1+1<\/strong> situado no Empreendimento Premium Residence na Praia da Rocha em Portim\u00e3o iria fazer as del\u00edcias da m\u00e3e que n\u00e3o gosta de perder um raio de sol. Al\u00e9m da possibilidade de estar a desfrutar dos maravilhosos areais Algarvios em 2 minutos, este im\u00f3vel tamb\u00e9m oferece um jardim e uma piscina com vista-mar. <\/p>\n<\/p>\n<p class=\" block-img\"><img decoding=\"async\" src=\"https:\/\/www.imovirtual.com\/noticias\/wp-content\/uploads\/2022\/11\/3c23b667-0a08-4ca1-abcb-74566be5c538_Copia-de-Banners-Autores-2.png\" alt=\"Alexandre Lu\u00eds Autor Imovirtual\"><\/p>\n<h5><em>Tamb\u00e9m conhecido como &#8216;O Consultor&#8217;. Pode encontr\u00e1-lo a consultar o \u00faltimo estudo de mercado. N\u00e3o tem talento para vender, mas sabe tudo sobre Imobili\u00e1rio. Fala sobre quest\u00f5es relacionadas com o tema no Blog do Imovirtual.<\/em><\/h5>\n<\/p>\n<h4><strong>Leia tamb\u00e9m<\/strong><\/h4>\n<ul>\n<li><a href=\"https:\/\/www.imovirtual.com\/noticias\/imobiliario\/apartamentos-obras-licenca\" target=\"_blank\" rel=\"noopener\"><strong>Apartamentos<\/strong><\/a>: obras que n\u00e3o necessitam de licen\u00e7a<\/li>\n<li>Vantagens e desvantagens de viver nas <a href=\"https:\/\/www.imovirtual.com\/noticias\/imobiliario\/vantagens-desvantagens-ilhas-portuguesas\" target=\"_blank\" rel=\"noopener\"><strong>Ilhas Portuguesas<\/strong><\/a><\/li>\n<li>Tudo sobre&nbsp;<a href=\"https:\/\/www.imovirtual.com\/noticias\/imobiliario\/direito-de-usufruto\" target=\"_blank\" rel=\"noopener\"><strong>Direito de Usufruto<\/strong><\/a><\/li>\n<\/ul>\n<\/p>\n<div class=\"css-h5fkc8\"><strong>Ultima actualiza\u00e7\u00e3o:<\/strong> 30 abril 2022<\/div>\n","protected":false},"excerpt":{"rendered":"<p>Dia da m\u00e3e: e se a prenda fosse um im\u00f3vel? Este ano, no dia 1 de Maio celebra-se em simult\u00e2neo o Dia do Trabalhador e o Dia da M\u00e3e. Este dia n\u00e3o escolhe idades e por isso s\u00e3o muitos os filhos, pequenos ou gra\u00fados, que recorrem \u00e0 internet ou correm para as lojas para comprar &hellip;<\/p>\n","protected":false},"author":3,"featured_media":543,"comment_status":"closed","ping_status":"open","sticky":false,"template":"","format":"standard","meta":{"footnotes":""},"categories":[37,5],"tags":[],"class_list":["post-542","post","type-post","status-publish","format-standard","has-post-thumbnail","hentry","category-financas-e-imobiliario","category-imobiliario"],"_links":{"self":[{"href":"https:\/\/www.imovirtual.com\/noticias\/wp-json\/wp\/v2\/posts\/542","targetHints":{"allow":["GET"]}}],"collection":[{"href":"https:\/\/www.imovirtual.com\/noticias\/wp-json\/wp\/v2\/posts"}],"about":[{"href":"https:\/\/www.imovirtual.com\/noticias\/wp-json\/wp\/v2\/types\/post"}],"author":[{"embeddable":true,"href":"https:\/\/www.imovirtual.com\/noticias\/wp-json\/wp\/v2\/users\/3"}],"replies":[{"embeddable":true,"href":"https:\/\/www.imovirtual.com\/noticias\/wp-json\/wp\/v2\/comments?post=542"}],"version-history":[{"count":0,"href":"https:\/\/www.imovirtual.com\/noticias\/wp-json\/wp\/v2\/posts\/542\/revisions"}],"wp:featuredmedia":[{"embeddable":true,"href":"https:\/\/www.imovirtual.com\/noticias\/wp-json\/wp\/v2\/media\/543"}],"wp:attachment":[{"href":"https:\/\/www.imovirtual.com\/noticias\/wp-json\/wp\/v2\/media?parent=542"}],"wp:term":[{"taxonomy":"category","embeddable":true,"href":"https:\/\/www.imovirtual.com\/noticias\/wp-json\/wp\/v2\/categories?post=542"},{"taxonomy":"post_tag","embeddable":true,"href":"https:\/\/www.imovirtual.com\/noticias\/wp-json\/wp\/v2\/tags?post=542"}],"curies":[{"name":"wp","href":"https:\/\/api.w.org\/{rel}","templated":true}]}}