{"id":5410,"date":"2026-01-15T18:17:06","date_gmt":"2026-01-15T18:17:06","guid":{"rendered":"https:\/\/www.imovirtual.com\/noticias\/?p=5410"},"modified":"2026-01-15T18:17:06","modified_gmt":"2026-01-15T18:17:06","slug":"como-criar-espacos-instagramaveis-em-casa","status":"publish","type":"post","link":"https:\/\/www.imovirtual.com\/noticias\/destaques\/como-criar-espacos-instagramaveis-em-casa\/","title":{"rendered":"Como criar espa\u00e7os \u201cInstagram\u00e1veis\u201d em casa &#8211; sem perder funcionalidade"},"content":{"rendered":"\n<p>Criar uma casa bonita j\u00e1 n\u00e3o \u00e9 apenas uma quest\u00e3o de gosto pessoal. Hoje, os espa\u00e7os s\u00e3o tamb\u00e9m pensados para serem partilhados, fotografados e inspiradores \u2014 seja nas redes sociais, seja em an\u00fancios imobili\u00e1rios. No entanto, um ambiente visualmente apelativo s\u00f3 faz sentido se continuar a ser pr\u00e1tico, confort\u00e1vel e funcional.<\/p>\n\n\n\n<p>A boa not\u00edcia? \u00c9 poss\u00edvel criar espa\u00e7os verdadeiramente \u201cInstagram\u00e1veis\u201d sem sacrificar o dia a dia. Eis como.<\/p>\n\n\n\n<p>&#8211;<strong>O que torna um espa\u00e7o \u201cInstagram\u00e1vel\u201d?<\/strong><\/p>\n\n\n\n<p>Antes de tudo, importa desmistificar o conceito. Um espa\u00e7o Instagram\u00e1vel n\u00e3o \u00e9 necessariamente luxuoso ou caro. Normalmente, destaca\u2011se por:<\/p>\n\n\n\n<ul class=\"wp-block-list\">\n<li>Boa ilumina\u00e7\u00e3o natural;<\/li>\n\n\n\n<li>Cores equilibradas e coerentes;<\/li>\n\n\n\n<li>Elementos de destaque visual (texturas, pe\u00e7as de design, plantas);<\/li>\n\n\n\n<li>Sensa\u00e7\u00e3o de ordem e harmonia.<\/li>\n<\/ul>\n\n\n\n<p>Mais do que seguir tend\u00eancias, trata\u2011se de criar ambientes com identidade e personalidade.<\/p>\n\n\n\n<h4 class=\"wp-block-heading\"><strong>-Apostar na ilumina\u00e7\u00e3o certa<\/strong><\/h4>\n\n\n\n<p>A ilumina\u00e7\u00e3o \u00e9 um dos fatores mais importantes \u2014 tanto para o conforto como para o impacto visual.<\/p>\n\n\n\n<ul class=\"wp-block-list\">\n<li>Privilegie a luz natural, libertando janelas de cortinas pesadas;<\/li>\n\n\n\n<li>Use candeeiros de apoio para criar diferentes ambientes (leitura, conv\u00edvio, descanso);<\/li>\n\n\n\n<li>Prefira luzes quentes em zonas sociais e no quarto, garantindo maior sensa\u00e7\u00e3o de conforto.<\/li>\n<\/ul>\n\n\n\n<p>Uma boa ilumina\u00e7\u00e3o transforma completamente um espa\u00e7o \u2014 e valoriza qualquer fotografia.<\/p>\n\n\n\n<h4 class=\"wp-block-heading\">&#8211;<strong>Escolher uma paleta de cores coerente<\/strong><\/h4>\n\n\n\n<p>Cores neutras continuam a ser as mais vers\u00e1teis e fotog\u00e9nicas, mas isso n\u00e3o significa ambientes sem personalidade.<\/p>\n\n\n\n<ul class=\"wp-block-list\">\n<li>Use tons base como branco, bege ou cinza claro;<\/li>\n\n\n\n<li>Introduza cor atrav\u00e9s de almofadas, quadros, tapetes ou objetos decorativos;<\/li>\n\n\n\n<li>Evite misturar demasiadas cores ou padr\u00f5es no mesmo espa\u00e7o.<\/li>\n<\/ul>\n\n\n\n<p>O segredo est\u00e1 no equil\u00edbrio visual.<\/p>\n\n\n\n<h4 class=\"wp-block-heading\">&#8211;<strong>Menos \u00e9 mais: organiza\u00e7\u00e3o tamb\u00e9m \u00e9 decora\u00e7\u00e3o<\/strong><\/h4>\n\n\n\n<p>Um espa\u00e7o bonito \u00e9, quase sempre, um espa\u00e7o organizado.<\/p>\n\n\n\n<ul class=\"wp-block-list\">\n<li>Aposte em arruma\u00e7\u00e3o inteligente (m\u00f3veis com espa\u00e7o oculto, prateleiras funcionais);<\/li>\n\n\n\n<li>Evite superf\u00edcies excessivamente carregadas;<\/li>\n\n\n\n<li>Escolha objetos decorativos que tenham tamb\u00e9m uma fun\u00e7\u00e3o pr\u00e1tica.<\/li>\n<\/ul>\n\n\n\n<p>A organiza\u00e7\u00e3o contribui n\u00e3o s\u00f3 para a est\u00e9tica, mas tamb\u00e9m para o bem\u2011estar di\u00e1rio.<\/p>\n\n\n\n<h4 class=\"wp-block-heading\"><strong>-Criar pontos focais<\/strong><\/h4>\n\n\n\n<p>Espa\u00e7os Instagram\u00e1veis t\u00eam quase sempre um elemento que capta a aten\u00e7\u00e3o.<\/p>\n\n\n\n<p>Pode ser:<\/p>\n\n\n\n<ul class=\"wp-block-list\">\n<li>Uma parede com textura ou papel de parede discreto;<\/li>\n\n\n\n<li>Um sof\u00e1 ou cadeir\u00e3o de design;<\/li>\n\n\n\n<li>Um quadro marcante ou uma galeria de imagens;<\/li>\n\n\n\n<li>Um espelho bem posicionado.<\/li>\n<\/ul>\n\n\n\n<p>Estes pontos focais ajudam a dar identidade ao espa\u00e7o sem comprometer a funcionalidade.<\/p>\n\n\n\n<h4 class=\"wp-block-heading\"><strong>-Plantas: o toque que nunca falha<\/strong><\/h4>\n\n\n\n<p>As plantas continuam a ser uma das formas mais simples e eficazes de tornar qualquer divis\u00e3o mais acolhedora e fotog\u00e9nica.<\/p>\n\n\n\n<ul class=\"wp-block-list\">\n<li>Escolha esp\u00e9cies f\u00e1ceis de manter;<\/li>\n\n\n\n<li>Adapte o tamanho das plantas \u00e0 dimens\u00e3o do espa\u00e7o;<\/li>\n\n\n\n<li>Use vasos simples e coerentes com o estilo da casa.<\/li>\n<\/ul>\n\n\n\n<p>Al\u00e9m do impacto visual, as plantas melhoram a qualidade do ar e a sensa\u00e7\u00e3o de conforto.<\/p>\n\n\n\n<h4 class=\"wp-block-heading\"><strong>-Funcionalidade em primeiro lugar<\/strong><\/h4>\n\n\n\n<p>Por mais bonito que seja, um espa\u00e7o deve servir quem o utiliza. Antes de seguir qualquer tend\u00eancia, pergunte\u2011se:<\/p>\n\n\n\n<ul class=\"wp-block-list\">\n<li>Este m\u00f3vel \u00e9 confort\u00e1vel?<\/li>\n\n\n\n<li>Este layout facilita a circula\u00e7\u00e3o?<\/li>\n\n\n\n<li>Este objeto tem uma fun\u00e7\u00e3o real no dia a dia?<\/li>\n<\/ul>\n\n\n\n<p>A verdadeira est\u00e9tica est\u00e1 no equil\u00edbrio entre forma e fun\u00e7\u00e3o.<\/p>\n\n\n\n<p>Criar espa\u00e7os Instagram\u00e1veis n\u00e3o significa transformar a casa num cen\u00e1rio artificial. Pelo contr\u00e1rio: trata\u2011se de valorizar a luz, a organiza\u00e7\u00e3o, os detalhes e o conforto.<\/p>\n\n\n\n<p>Quando est\u00e9tica e funcionalidade caminham juntas, o resultado s\u00e3o espa\u00e7os mais agrad\u00e1veis de viver e naturalmente mais apelativos de mostrar.<\/p>\n\n\n\n<p><a href=\"http:\/\/www.imovirtual.pt\"><strong>No Imovirtual<\/strong><\/a>, acreditamos que uma casa bem pensada \u00e9 aquela que funciona no dia a dia e inspira \u00e0 primeira vista.<\/p>\n","protected":false},"excerpt":{"rendered":"<p>Criar uma casa bonita j\u00e1 n\u00e3o \u00e9 apenas uma quest\u00e3o de gosto pessoal. Hoje, os espa\u00e7os s\u00e3o tamb\u00e9m pensados para serem partilhados, fotografados e inspiradores \u2014 seja nas redes sociais, seja em an\u00fancios imobili\u00e1rios. No entanto, um ambiente visualmente apelativo s\u00f3 faz sentido se continuar a ser pr\u00e1tico, confort\u00e1vel e funcional. A boa not\u00edcia? \u00c9 &hellip;<\/p>\n","protected":false},"author":3,"featured_media":5411,"comment_status":"open","ping_status":"open","sticky":false,"template":"","format":"standard","meta":{"footnotes":""},"categories":[7,33],"tags":[],"class_list":["post-5410","post","type-post","status-publish","format-standard","has-post-thumbnail","hentry","category-decoracao","category-destaques"],"_links":{"self":[{"href":"https:\/\/www.imovirtual.com\/noticias\/wp-json\/wp\/v2\/posts\/5410","targetHints":{"allow":["GET"]}}],"collection":[{"href":"https:\/\/www.imovirtual.com\/noticias\/wp-json\/wp\/v2\/posts"}],"about":[{"href":"https:\/\/www.imovirtual.com\/noticias\/wp-json\/wp\/v2\/types\/post"}],"author":[{"embeddable":true,"href":"https:\/\/www.imovirtual.com\/noticias\/wp-json\/wp\/v2\/users\/3"}],"replies":[{"embeddable":true,"href":"https:\/\/www.imovirtual.com\/noticias\/wp-json\/wp\/v2\/comments?post=5410"}],"version-history":[{"count":0,"href":"https:\/\/www.imovirtual.com\/noticias\/wp-json\/wp\/v2\/posts\/5410\/revisions"}],"wp:featuredmedia":[{"embeddable":true,"href":"https:\/\/www.imovirtual.com\/noticias\/wp-json\/wp\/v2\/media\/5411"}],"wp:attachment":[{"href":"https:\/\/www.imovirtual.com\/noticias\/wp-json\/wp\/v2\/media?parent=5410"}],"wp:term":[{"taxonomy":"category","embeddable":true,"href":"https:\/\/www.imovirtual.com\/noticias\/wp-json\/wp\/v2\/categories?post=5410"},{"taxonomy":"post_tag","embeddable":true,"href":"https:\/\/www.imovirtual.com\/noticias\/wp-json\/wp\/v2\/tags?post=5410"}],"curies":[{"name":"wp","href":"https:\/\/api.w.org\/{rel}","templated":true}]}}