{"id":5383,"date":"2025-11-25T10:51:36","date_gmt":"2025-11-25T10:51:36","guid":{"rendered":"https:\/\/www.imovirtual.com\/noticias\/?p=5383"},"modified":"2025-11-25T10:51:36","modified_gmt":"2025-11-25T10:51:36","slug":"como-preparar-as-suas-financas-pessoais","status":"publish","type":"post","link":"https:\/\/www.imovirtual.com\/noticias\/destaques\/como-preparar-as-suas-financas-pessoais\/","title":{"rendered":"Crescimento econ\u00f3mico menor do que o desejado: como preparar as suas finan\u00e7as pessoais?"},"content":{"rendered":"\n<p>As previs\u00f5es econ\u00f3micas para Portugal apontam para um <strong>crescimento moderado nos pr\u00f3ximos anos<\/strong> &#8211; entre 1,9 % e 2,2 %, segundo o Conselho das Finan\u00e7as P\u00fablicas. Num cen\u00e1rio de <strong>maior incerteza<\/strong> e <strong>crescimento mais lento<\/strong>, \u00e9 essencial que cada pessoa olhe para as suas finan\u00e7as com aten\u00e7\u00e3o redobrada.<\/p>\n\n\n\n<p>Mas o que significa isso na pr\u00e1tica?<\/p>\n\n\n\n<p>Deixamos <strong>5 dicas simples e eficazes<\/strong> para preparar as suas finan\u00e7as pessoais e ganhar tranquilidade, mesmo quando a economia n\u00e3o acelera ao ritmo desejado.<\/p>\n\n\n\n<ul class=\"wp-block-list\">\n<li><strong>1. Crie (ou reforce) o seu fundo de emerg\u00eancia<\/strong><\/li>\n<\/ul>\n\n\n\n<p>Pode parecer b\u00e1sico, mas \u00e9 o primeiro passo para uma vida financeira equilibrada. Reserve um valor mensal &#8211; mesmo que pequeno &#8211; at\u00e9 acumular o equivalente a <strong>3 a 6 meses das suas despesas fixas<\/strong> (renda, alimenta\u00e7\u00e3o, transportes, etc.).<br>Este fundo \u00e9 o seu \u201cp\u00e9 de meia\u201d para lidar com imprevistos como desemprego, aumento das taxas de juro ou despesas inesperadas.<\/p>\n\n\n\n<ul class=\"wp-block-list\">\n<li><strong>2. Reveja os seus cr\u00e9ditos e reduza d\u00edvidas desnecess\u00e1rias<\/strong><\/li>\n<\/ul>\n\n\n\n<p>Se tem cr\u00e9ditos pessoais ou cart\u00f5es de cr\u00e9dito ativos, \u00e9 altura de os rever. Com o crescimento econ\u00f3mico a abrandar, <strong>as taxas de juro podem permanecer elevadas<\/strong> e afetar a sua taxa de esfor\u00e7o. Tente negociar condi\u00e7\u00f5es com o banco, consolidar cr\u00e9ditos ou, se poss\u00edvel, amortizar parte das d\u00edvidas mais caras. Menos encargos = mais liberdade financeira.<\/p>\n\n\n\n<ul class=\"wp-block-list\">\n<li><strong>3. Controle o or\u00e7amento e gaste com prop\u00f3sito<\/strong><\/li>\n<\/ul>\n\n\n\n<p>Num contexto econ\u00f3mico mais contido, cada euro conta. Fa\u00e7a uma revis\u00e3o das suas <strong>despesas mensais<\/strong>, identifique gastos sup\u00e9rfluos e defina prioridades. Use aplica\u00e7\u00f5es de gest\u00e3o financeira ou uma simples folha de c\u00e1lculo para acompanhar tudo. Mas lembre-se: \u201ccontrolar\u201d n\u00e3o \u00e9 \u201ccortar\u201d: \u00e9 gastar com consci\u00eancia e de acordo com os seus objetivos.<\/p>\n\n\n\n<ul class=\"wp-block-list\">\n<li><strong>4. Pense a m\u00e9dio e longo prazo<\/strong><\/li>\n<\/ul>\n\n\n\n<p>Mesmo com um crescimento econ\u00f3mico mais lento, o futuro continua a precisar de planeamento. Considere criar uma <strong>poupan\u00e7a autom\u00e1tica<\/strong>, investir em produtos simples e seguros (como certificados do Tesouro ou PPRs) e, sobretudo, <strong>evite decis\u00f5es impulsivas<\/strong>.\u00a0 A consist\u00eancia e a disciplina s\u00e3o as melhores aliadas para enfrentar tempos de incerteza.<\/p>\n\n\n\n<ul class=\"wp-block-list\">\n<li><strong>5. Invista em si e diversifique as fontes de rendimento<\/strong><\/li>\n<\/ul>\n\n\n\n<p>Num mercado de trabalho em constante mudan\u00e7a, <strong>o investimento mais seguro \u00e9 o que faz em si pr\u00f3prio<\/strong>. Fa\u00e7a cursos, aprenda novas compet\u00eancias ou explore \u00e1reas que possam gerar rendimento extra. Ter mais do que uma fonte de rendimento (mesmo que pequena) d\u00e1-lhe estabilidade e flexibilidade para o futuro.<\/p>\n\n\n\n<p>Crescimento econ\u00f3mico mais baixo n\u00e3o significa crise <strong>mas<\/strong> <strong>pede<\/strong> <strong>planeamento e prud\u00eancia<\/strong>. Ao aplicar estas cinco dicas, estar\u00e1 a proteger as suas finan\u00e7as e a criar espa\u00e7o para crescer com confian\u00e7a, mesmo num cen\u00e1rio mais contido<\/p>\n\n\n\n<p>Se est\u00e1 \u00e0 procura de um novo espa\u00e7o para come\u00e7ar uma nova fase &#8211; e quer transformar as suas finan\u00e7as num projeto de estabilidade &#8211; <strong>no<a href=\"https:\/\/www.imovirtual.com\/\"> Imovirtual<\/a><\/strong> encontra op\u00e7\u00f5es que se adaptam ao seu or\u00e7amento e estilo de vida.<\/p>\n","protected":false},"excerpt":{"rendered":"<p>As previs\u00f5es econ\u00f3micas para Portugal apontam para um crescimento moderado nos pr\u00f3ximos anos &#8211; entre 1,9 % e 2,2 %, segundo o Conselho das Finan\u00e7as P\u00fablicas. Num cen\u00e1rio de maior incerteza e crescimento mais lento, \u00e9 essencial que cada pessoa olhe para as suas finan\u00e7as com aten\u00e7\u00e3o redobrada. Mas o que significa isso na pr\u00e1tica? &hellip;<\/p>\n","protected":false},"author":3,"featured_media":5384,"comment_status":"open","ping_status":"open","sticky":false,"template":"","format":"standard","meta":{"footnotes":""},"categories":[33,6],"tags":[],"class_list":["post-5383","post","type-post","status-publish","format-standard","has-post-thumbnail","hentry","category-destaques","category-financas"],"_links":{"self":[{"href":"https:\/\/www.imovirtual.com\/noticias\/wp-json\/wp\/v2\/posts\/5383","targetHints":{"allow":["GET"]}}],"collection":[{"href":"https:\/\/www.imovirtual.com\/noticias\/wp-json\/wp\/v2\/posts"}],"about":[{"href":"https:\/\/www.imovirtual.com\/noticias\/wp-json\/wp\/v2\/types\/post"}],"author":[{"embeddable":true,"href":"https:\/\/www.imovirtual.com\/noticias\/wp-json\/wp\/v2\/users\/3"}],"replies":[{"embeddable":true,"href":"https:\/\/www.imovirtual.com\/noticias\/wp-json\/wp\/v2\/comments?post=5383"}],"version-history":[{"count":0,"href":"https:\/\/www.imovirtual.com\/noticias\/wp-json\/wp\/v2\/posts\/5383\/revisions"}],"wp:featuredmedia":[{"embeddable":true,"href":"https:\/\/www.imovirtual.com\/noticias\/wp-json\/wp\/v2\/media\/5384"}],"wp:attachment":[{"href":"https:\/\/www.imovirtual.com\/noticias\/wp-json\/wp\/v2\/media?parent=5383"}],"wp:term":[{"taxonomy":"category","embeddable":true,"href":"https:\/\/www.imovirtual.com\/noticias\/wp-json\/wp\/v2\/categories?post=5383"},{"taxonomy":"post_tag","embeddable":true,"href":"https:\/\/www.imovirtual.com\/noticias\/wp-json\/wp\/v2\/tags?post=5383"}],"curies":[{"name":"wp","href":"https:\/\/api.w.org\/{rel}","templated":true}]}}