{"id":5325,"date":"2025-05-28T17:14:31","date_gmt":"2025-05-28T17:14:31","guid":{"rendered":"https:\/\/www.imovirtual.com\/noticias\/?p=5325"},"modified":"2025-05-28T17:14:32","modified_gmt":"2025-05-28T17:14:32","slug":"rituais-de-maio-como-preparar-o-corpo-e-mente-para-o-vera","status":"publish","type":"post","link":"https:\/\/www.imovirtual.com\/noticias\/lifestyle\/rituais-de-maio-como-preparar-o-corpo-e-mente-para-o-vera\/","title":{"rendered":"Rituais de Maio: Como preparar o corpo e mente para o ver\u00e3o"},"content":{"rendered":"\n<p>Maio marca o in\u00edcio da transi\u00e7\u00e3o para os dias mais longos, quentes e cheios de energia. \u00c9 tamb\u00e9m o momento ideal para cuidarmos de n\u00f3s e definirmos rotinas que nos permitam viver o ver\u00e3o com mais leveza, sa\u00fade e bem-estar. Preparar o corpo e a mente \u00e9 essencial para aproveitar esta nova esta\u00e7\u00e3o em pleno.&nbsp;<\/p>\n\n\n\n<p><strong>Descubra alguns rituais simples, que pode come\u00e7ar j\u00e1 hoje:\u00a0<\/strong><\/p>\n\n\n\n<p><strong>Reequilibrar a alimenta\u00e7\u00e3o<\/strong><\/p>\n\n\n\n<ol class=\"wp-block-list\">\n<li><\/li>\n<\/ol>\n\n\n\n<p>Aposte numa alimenta\u00e7\u00e3o mais leve e rica em alimentos frescos e sazonais. Frutas, legumes e prote\u00ednas magras ajudam a desintoxicar o organismo e a aumentar os n\u00edveis de energia. Evite alimentos processados e opte por refei\u00e7\u00f5es coloridas e nutritivas que favore\u00e7am o bom funcionamento do corpo.<\/p>\n\n\n\n<p><strong>Praticar movimento consciente<\/strong><\/p>\n\n\n\n<ol start=\"2\" class=\"wp-block-list\">\n<li><\/li>\n<\/ol>\n\n\n\n<p>Incorporar atividades f\u00edsicas na rotina di\u00e1ria \u00e9 essencial. Caminhadas ao ar livre, sess\u00f5es de ioga ou alongamentos matinais n\u00e3o s\u00f3 fortalecem o corpo, como tamb\u00e9m promovem o relaxamento mental. O importante \u00e9 escolher pr\u00e1ticas que proporcionem prazer e bem-estar, evitando a press\u00e3o por resultados imediatos.<\/p>\n\n\n\n<p><strong>Hidrata\u00e7\u00e3o<\/strong><\/p>\n\n\n\n<ol start=\"3\" class=\"wp-block-list\">\n<li><\/li>\n<\/ol>\n\n\n\n<p>Com a subida das temperaturas, manter o corpo hidratado torna-se ainda mais crucial. Beber \u00e1gua regularmente ajuda a manter a pele saud\u00e1vel, melhora a digest\u00e3o e contribui para o bom funcionamento de todos os sistemas do organismo. Pode tamb\u00e9m complementar com infus\u00f5es naturais ou \u00e1guas aromatizadas.<\/p>\n\n\n\n<p><strong>Criar momentos de autocuidado<\/strong><\/p>\n\n\n\n<p>Reserve tempo para cuidar de si. Banhos relaxantes, massagens com \u00f3leos essenciais ou simplesmente momentos de pausa e reflex\u00e3o podem fazer maravilhas pelo seu bem-estar. Estes rituais ajudam a reduzir o stress e a preparar a mente para os dias mais ativos do ver\u00e3o.&nbsp;<\/p>\n\n\n\n<p><strong>Preparar o seu espa\u00e7o&nbsp;<\/strong><\/p>\n\n\n\n<p>Um ambiente leve e organizado ajuda a manter a mente tranquila. Aproveite esta \u00e9poca para renovar pequenos detalhes em casa, organizar espa\u00e7os e deix\u00e1-los mais frescos e funcionais.<\/p>\n\n\n\n<p>&nbsp;Se sentir que \u00e9 altura de uma mudan\u00e7a maior, explore as op\u00e7\u00f5es dispon\u00edveis em<strong> <a href=\"https:\/\/www.imovirtual.com\">Imovirtual<\/a><\/strong>, onde o ver\u00e3o pode come\u00e7ar com uma nova casa.&nbsp;<\/p>\n","protected":false},"excerpt":{"rendered":"<p>Maio marca o in\u00edcio da transi\u00e7\u00e3o para os dias mais longos, quentes e cheios de energia. \u00c9 tamb\u00e9m o momento ideal para cuidarmos de n\u00f3s e definirmos rotinas que nos permitam viver o ver\u00e3o com mais leveza, sa\u00fade e bem-estar. Preparar o corpo e a mente \u00e9 essencial para aproveitar esta nova esta\u00e7\u00e3o em pleno.&nbsp; &hellip;<\/p>\n","protected":false},"author":3,"featured_media":5326,"comment_status":"open","ping_status":"open","sticky":false,"template":"","format":"standard","meta":{"footnotes":""},"categories":[33,3],"tags":[],"class_list":["post-5325","post","type-post","status-publish","format-standard","has-post-thumbnail","hentry","category-destaques","category-lifestyle"],"_links":{"self":[{"href":"https:\/\/www.imovirtual.com\/noticias\/wp-json\/wp\/v2\/posts\/5325","targetHints":{"allow":["GET"]}}],"collection":[{"href":"https:\/\/www.imovirtual.com\/noticias\/wp-json\/wp\/v2\/posts"}],"about":[{"href":"https:\/\/www.imovirtual.com\/noticias\/wp-json\/wp\/v2\/types\/post"}],"author":[{"embeddable":true,"href":"https:\/\/www.imovirtual.com\/noticias\/wp-json\/wp\/v2\/users\/3"}],"replies":[{"embeddable":true,"href":"https:\/\/www.imovirtual.com\/noticias\/wp-json\/wp\/v2\/comments?post=5325"}],"version-history":[{"count":0,"href":"https:\/\/www.imovirtual.com\/noticias\/wp-json\/wp\/v2\/posts\/5325\/revisions"}],"wp:featuredmedia":[{"embeddable":true,"href":"https:\/\/www.imovirtual.com\/noticias\/wp-json\/wp\/v2\/media\/5326"}],"wp:attachment":[{"href":"https:\/\/www.imovirtual.com\/noticias\/wp-json\/wp\/v2\/media?parent=5325"}],"wp:term":[{"taxonomy":"category","embeddable":true,"href":"https:\/\/www.imovirtual.com\/noticias\/wp-json\/wp\/v2\/categories?post=5325"},{"taxonomy":"post_tag","embeddable":true,"href":"https:\/\/www.imovirtual.com\/noticias\/wp-json\/wp\/v2\/tags?post=5325"}],"curies":[{"name":"wp","href":"https:\/\/api.w.org\/{rel}","templated":true}]}}