{"id":5318,"date":"2025-05-16T18:00:39","date_gmt":"2025-05-16T18:00:39","guid":{"rendered":"https:\/\/www.imovirtual.com\/noticias\/?p=5318"},"modified":"2025-05-16T18:04:35","modified_gmt":"2025-05-16T18:04:35","slug":"eleicoes-o-que-proproem-os-partidos-habitacao","status":"publish","type":"post","link":"https:\/\/www.imovirtual.com\/noticias\/imobiliario\/eleicoes-o-que-proproem-os-partidos-habitacao\/","title":{"rendered":"Elei\u00e7\u00f5es Legislativas 2025: o que prop\u00f5em os partidos para a habita\u00e7\u00e3o?"},"content":{"rendered":"\n<p>Com as elei\u00e7\u00f5es legislativas de 2025 em destaque na agenda nacional, a habita\u00e7\u00e3o mant\u00e9m-se como um dos temas centrais do debate p\u00fablico. As dificuldades sentidas no acesso \u00e0 mesma, especialmente por parte dos mais jovens, t\u00eam levado os partidos pol\u00edticos a apresentar medidas distintas para responder aos desafios atuais.<\/p>\n\n\n\n<p>Saiba quais s\u00e3o as principais propostas dos partidos com assento parlamentar, no que diz respeito \u00e0 habita\u00e7\u00e3o:<\/p>\n\n\n\n<p><\/p>\n\n\n\n<p>Alian\u00e7a Democr\u00e1tica (AD \u2013 PSD\/CDS-PP\/PPM)<\/p>\n\n\n\n<ul class=\"wp-block-list\">\n<li>Garantias estatais e isen\u00e7\u00e3o de IMT para jovens at\u00e9 aos 35 anos;<\/li>\n\n\n\n<li>Redu\u00e7\u00e3o tempor\u00e1ria de impostos na constru\u00e7\u00e3o e reabilita\u00e7\u00e3o (incluindo IVA a 6%);<\/li>\n\n\n\n<li>Reutiliza\u00e7\u00e3o de solos e im\u00f3veis p\u00fablicos devolutos;<\/li>\n\n\n\n<li>Promo\u00e7\u00e3o de parcerias p\u00fablico-privadas em larga escala;<\/li>\n\n\n\n<li>Flexibiliza\u00e7\u00e3o de regras urban\u00edsticas, incluindo constru\u00e7\u00e3o em altura.<\/li>\n<\/ul>\n\n\n\n<p>PS<\/p>\n\n\n\n<ul class=\"wp-block-list\">\n<li>Aumento da oferta de habita\u00e7\u00e3o p\u00fablica e acess\u00edvel<\/li>\n\n\n\n<li>Financiamento e apoio \u00e0s autarquias<\/li>\n\n\n\n<li>Arrendamento acess\u00edvel e apoios \u00e0s fam\u00edlias<\/li>\n\n\n\n<li>Reabilita\u00e7\u00e3o urbana e sustentabilidade<\/li>\n\n\n\n<li>Habita\u00e7\u00e3o cooperativa e modelos inovadores<\/li>\n\n\n\n<li>Regula\u00e7\u00e3o do mercado imobili\u00e1rio<\/li>\n\n\n\n<li>Apoio a jovens e estudantes<\/li>\n<\/ul>\n\n\n\n<p>Chega<\/p>\n\n\n\n<ul class=\"wp-block-list\">\n<li>Isen\u00e7\u00e3o de IMI e IMT na aquisi\u00e7\u00e3o de habita\u00e7\u00e3o pr\u00f3pria e permanente;<\/li>\n\n\n\n<li>Elimina\u00e7\u00e3o do adicional ao IMI (AIMI);<\/li>\n\n\n\n<li>Isen\u00e7\u00e3o de mais-valias em reinvestimento da casa de morada;<\/li>\n\n\n\n<li>Alargamento e simplifica\u00e7\u00e3o do Porta 65;<\/li>\n\n\n\n<li>Promo\u00e7\u00e3o de parcerias com privados em terrenos do Estado.<\/li>\n<\/ul>\n\n\n\n<p>Iniciativa Liberal (IL)<\/p>\n\n\n\n<ul class=\"wp-block-list\">\n<li>Fim ao congelamento de rendas e ao arrendamento for\u00e7ado;<\/li>\n\n\n\n<li>Redu\u00e7\u00e3o do IVA na constru\u00e7\u00e3o e elimina\u00e7\u00e3o do IMT para jovens;<\/li>\n\n\n\n<li>Incentivos fiscais para investimento privado em habita\u00e7\u00e3o;<\/li>\n\n\n\n<li>Revers\u00e3o do agravamento fiscal ao Alojamento Local.<\/li>\n<\/ul>\n\n\n\n<p>Bloco de Esquerda (BE)<\/p>\n\n\n\n<ul class=\"wp-block-list\">\n<li>Proibi\u00e7\u00e3o de venda de im\u00f3veis a n\u00e3o residentes;<\/li>\n\n\n\n<li>Cria\u00e7\u00e3o de tetos m\u00e1ximos \u00e0s rendas e subs\u00eddios ao arrendamento;<\/li>\n\n\n\n<li>Reserva de 25% da nova constru\u00e7\u00e3o para habita\u00e7\u00e3o acess\u00edvel;<\/li>\n\n\n\n<li>Mobiliza\u00e7\u00e3o de im\u00f3veis p\u00fablicos devolutos;<\/li>\n\n\n\n<li>Reintrodu\u00e7\u00e3o de contratos de arrendamento com prazo m\u00ednimo de 5 anos.<\/li>\n<\/ul>\n\n\n\n<p>CDU (PCP\/PEV)<\/p>\n\n\n\n<ul class=\"wp-block-list\">\n<li>Programa p\u00fablico de habita\u00e7\u00e3o com investimento de 1% do PIB;<\/li>\n\n\n\n<li>Meta de 50 mil novas casas durante a legislatura;<\/li>\n\n\n\n<li>Regula\u00e7\u00e3o das rendas e revoga\u00e7\u00e3o da Lei dos Despejos;<\/li>\n\n\n\n<li>Proposta de que os bancos suportem o aumento das taxas de juro.<\/li>\n<\/ul>\n\n\n\n<p>PAN&nbsp;<\/p>\n\n\n\n<ul class=\"wp-block-list\">\n<li>Aprovar regime de concess\u00e3o de cr\u00e9dito bonificado \u00e0 habita\u00e7\u00e3o para jovens para os\/as jovens dos 18 aos 35 anos;<\/li>\n\n\n\n<li>Desconto de 25% nos emolumentos das escrituras e atos de registo na aquisi\u00e7\u00e3o e de im\u00f3veis por jovens, e isen\u00e7\u00e3o de imposto de selo;<\/li>\n\n\n\n<li>Reduzir o IRS dos senhorios que promovam o arrendamento acess\u00edvel e que atualizem os valores das rendas abaixo dos valores da infla\u00e7\u00e3o;<\/li>\n\n\n\n<li>Alargar a oferta de habita\u00e7\u00e3o p\u00fablica a pre\u00e7os acess\u00edveis;<\/li>\n\n\n\n<li>Converter im\u00f3veis p\u00fablicos devolutos em habita\u00e7\u00e3o para jovens, nomeadamente estudantes.<\/li>\n<\/ul>\n\n\n\n<p>Livre<\/p>\n\n\n\n<ul class=\"wp-block-list\">\n<li>Alcan\u00e7ar 10 por cento de habita\u00e7\u00e3o p\u00fablica;<\/li>\n\n\n\n<li>Assegurar ajuda \u00e0 compra da primeira casa;<\/li>\n\n\n\n<li>Inventariar a reabilitar o parque imobili\u00e1rio p\u00fablico;<\/li>\n\n\n\n<li>Aumentar o n\u00famero de vagas nas resid\u00eancias universit\u00e1rias;<\/li>\n\n\n\n<li>Estabelecer limites m\u00e1ximos no valor das rendas, compatibilizando os rendimentos m\u00e9dios e baixos ao valor do arrendamento.<\/li>\n<\/ul>\n\n\n\n<p>O futuro da habita\u00e7\u00e3o em Portugal depender\u00e1 da implementa\u00e7\u00e3o concreta destas medidas e da sua capacidade de responder \u00e0s necessidades da popula\u00e7\u00e3o. Estar informado \u00e9 fundamental, sobretudo para quem procura estabilidade, seja para arrendar ou comprar casa.<\/p>\n\n\n\n<p>Se est\u00e1 a ponderar dar esse passo, explore as diversas op\u00e7\u00f5es dispon\u00edveis em <a href=\"https:\/\/www.imovirtual.com\"><strong>Imovirtua<\/strong>l<\/a>, onde pode encontrar im\u00f3veis para arrendamento ou compra adaptados a diferentes estilos de vida e or\u00e7amentos.\u00a0<\/p>\n","protected":false},"excerpt":{"rendered":"<p>Com as elei\u00e7\u00f5es legislativas de 2025 em destaque na agenda nacional, a habita\u00e7\u00e3o mant\u00e9m-se como um dos temas centrais do debate p\u00fablico. As dificuldades sentidas no acesso \u00e0 mesma, especialmente por parte dos mais jovens, t\u00eam levado os partidos pol\u00edticos a apresentar medidas distintas para responder aos desafios atuais. Saiba quais s\u00e3o as principais propostas &hellip;<\/p>\n","protected":false},"author":3,"featured_media":5319,"comment_status":"open","ping_status":"open","sticky":false,"template":"","format":"standard","meta":{"footnotes":""},"categories":[33,5],"tags":[],"class_list":["post-5318","post","type-post","status-publish","format-standard","has-post-thumbnail","hentry","category-destaques","category-imobiliario"],"_links":{"self":[{"href":"https:\/\/www.imovirtual.com\/noticias\/wp-json\/wp\/v2\/posts\/5318","targetHints":{"allow":["GET"]}}],"collection":[{"href":"https:\/\/www.imovirtual.com\/noticias\/wp-json\/wp\/v2\/posts"}],"about":[{"href":"https:\/\/www.imovirtual.com\/noticias\/wp-json\/wp\/v2\/types\/post"}],"author":[{"embeddable":true,"href":"https:\/\/www.imovirtual.com\/noticias\/wp-json\/wp\/v2\/users\/3"}],"replies":[{"embeddable":true,"href":"https:\/\/www.imovirtual.com\/noticias\/wp-json\/wp\/v2\/comments?post=5318"}],"version-history":[{"count":0,"href":"https:\/\/www.imovirtual.com\/noticias\/wp-json\/wp\/v2\/posts\/5318\/revisions"}],"wp:featuredmedia":[{"embeddable":true,"href":"https:\/\/www.imovirtual.com\/noticias\/wp-json\/wp\/v2\/media\/5319"}],"wp:attachment":[{"href":"https:\/\/www.imovirtual.com\/noticias\/wp-json\/wp\/v2\/media?parent=5318"}],"wp:term":[{"taxonomy":"category","embeddable":true,"href":"https:\/\/www.imovirtual.com\/noticias\/wp-json\/wp\/v2\/categories?post=5318"},{"taxonomy":"post_tag","embeddable":true,"href":"https:\/\/www.imovirtual.com\/noticias\/wp-json\/wp\/v2\/tags?post=5318"}],"curies":[{"name":"wp","href":"https:\/\/api.w.org\/{rel}","templated":true}]}}