{"id":5292,"date":"2025-03-20T11:03:48","date_gmt":"2025-03-20T11:03:48","guid":{"rendered":"https:\/\/www.imovirtual.com\/noticias\/?p=5292"},"modified":"2025-03-20T11:03:49","modified_gmt":"2025-03-20T11:03:49","slug":"cores-da-primavera-2025-como-usa-las-na-decoracao-da-sua-casa","status":"publish","type":"post","link":"https:\/\/www.imovirtual.com\/noticias\/decoracao\/cores-da-primavera-2025-como-usa-las-na-decoracao-da-sua-casa\/","title":{"rendered":"Cores da primavera 2025: como us\u00e1-las na decora\u00e7\u00e3o da sua casa"},"content":{"rendered":"\n<p>A chegada da primavera traz sempre uma renova\u00e7\u00e3o na decora\u00e7\u00e3o, inspirada nas cores vibrantes e naturais da esta\u00e7\u00e3o. Em 2025, as tend\u00eancias crom\u00e1ticas refletem um equil\u00edbrio entre tons frescos, energizantes e paletas suaves que remetem ao conforto e bem-estar. Descubra as cores da primavera 2025 e saiba como incorpor\u00e1-las na decora\u00e7\u00e3o da sua casa!<\/p>\n\n\n\n<h2 class=\"wp-block-heading\"><strong>1. Mocha Mousse: A Cor do Ano 2025<\/strong><\/h2>\n\n\n\n<p>2024 ainda n\u00e3o tinha acabado quando j\u00e1 se sabia qual era a cor tend\u00eancia para o 2025. Eleita pela Pantone Color Institute, a cor do ano 2025 \u00e9 o <strong>Mocha Mousse (PANTONE 17-1230)<\/strong>, um tom de castanho simples e reconfortante.<\/p>\n\n\n\n<h3 class=\"wp-block-heading\"><strong>Como usar?<\/strong><\/h3>\n\n\n\n<ul class=\"wp-block-list\">\n<li><strong>Paredes e m\u00f3veis<\/strong>: Use o Mocha Mousse para criar ambientes aconchegantes e sofisticados.<\/li>\n\n\n\n<li><strong>Combina\u00e7\u00e3o com tons neutros<\/strong>: Bege, creme e branco real\u00e7am a suavidade desta tonalidade.<\/li>\n\n\n\n<li><strong>Detalhes decorativos<\/strong>: Almofadas, mantas e cortinas nesta cor adicionam um toque de requinte.<\/li>\n<\/ul>\n\n\n\n<h2 class=\"wp-block-heading\"><strong>2. Verde Menta: A Cor da Serenidade<\/strong><\/h2>\n\n\n\n<p>O verde menta surge como uma das cores em destaque nesta primavera. Associado \u00e0 natureza e \u00e0 tranquilidade, \u00e9 uma excelente op\u00e7\u00e3o para quem deseja um ambiente fresco e relaxante.<\/p>\n\n\n\n<h3 class=\"wp-block-heading\"><strong>Como usar?<\/strong><\/h3>\n\n\n\n<ul class=\"wp-block-list\">\n<li><strong>Paredes<\/strong>: Utilize verde menta para dar leveza a divis\u00f5es como o quarto ou a sala de estar.<\/li>\n\n\n\n<li><strong>T\u00eaxteis<\/strong>: Almofadas, cortinas e tapetes nesta tonalidade ajudam a criar um espa\u00e7o harmonioso.<\/li>\n\n\n\n<li><strong>Plantas<\/strong>: Combine com plantas naturais para um efeito ainda mais refrescante.<\/li>\n<\/ul>\n\n\n\n<h2 class=\"wp-block-heading\"><strong>3. Tons Pastel: Delicadeza e Conforto<\/strong><\/h2>\n\n\n\n<p>Os tons pastel, como azul c\u00e9u, rosa p\u00e1lido e amarelo suave, continuam a marcar presen\u00e7a. Estes tons s\u00e3o perfeitos para criar ambientes acolhedores e sofisticados.<\/p>\n\n\n\n<h3 class=\"wp-block-heading\"><strong>Como usar?<\/strong><\/h3>\n\n\n\n<ul class=\"wp-block-list\">\n<li><strong>Mobili\u00e1rio<\/strong>: Sof\u00e1s, cadeiras e camas em tons pastel adicionam um toque de suavidade.<\/li>\n\n\n\n<li><strong>Acess\u00f3rios decorativos<\/strong>: Velas, quadros e pe\u00e7as de cer\u00e2mica complementam o espa\u00e7o sem sobrecarregar.<\/li>\n\n\n\n<li><strong>Combina\u00e7\u00e3o com tons neutros<\/strong>: Misture com branco, bege ou cinza para um efeito equilibrado.<\/li>\n<\/ul>\n\n\n\n<h2 class=\"wp-block-heading\"><strong>4. Laranja Terroso: Energia e Criatividade<\/strong><\/h2>\n\n\n\n<p>O laranja terroso \u00e9 uma cor quente e envolvente, que traz energia e dinamismo aos espa\u00e7os. Perfeito para quem deseja dar um toque vibrante \u00e0 decora\u00e7\u00e3o.<\/p>\n\n\n\n<h3 class=\"wp-block-heading\"><strong>Como usar?<\/strong><\/h3>\n\n\n\n<ul class=\"wp-block-list\">\n<li><strong>Paredes de destaque<\/strong>: Pinte apenas uma parede para dar personalidade ao ambiente.<\/li>\n\n\n\n<li><strong>Pe\u00e7as decorativas<\/strong>: Almofadas, mantas e vasos em laranja combinam bem com m\u00f3veis de madeira.<\/li>\n\n\n\n<li><strong>Combina\u00e7\u00e3o com azul ou verde<\/strong>: Cria um contraste interessante e moderno.<\/li>\n<\/ul>\n\n\n\n<h2 class=\"wp-block-heading\"><strong>5. Lavanda: Sofistica\u00e7\u00e3o e Relaxamento<\/strong><\/h2>\n\n\n\n<p>A cor lavanda est\u00e1 em alta e promete trazer uma atmosfera rom\u00e2ntica e relaxante para qualquer divis\u00e3o da casa.<\/p>\n\n\n\n<h3 class=\"wp-block-heading\"><strong>Como usar?<\/strong><\/h3>\n\n\n\n<ul class=\"wp-block-list\">\n<li><strong>Quartos e casas de banho<\/strong>: Lavanda \u00e9 perfeita para criar um ambiente calmo e sofisticado.<\/li>\n\n\n\n<li><strong>T\u00eaxteis e papel de parede<\/strong>: Cortinas, roupa de cama e estampas florais ficam lindos nesta cor.<\/li>\n\n\n\n<li><strong>Combina\u00e7\u00e3o com dourado ou prata<\/strong>: Adiciona um toque de requinte e glamour.<\/li>\n<\/ul>\n\n\n\n<h2 class=\"wp-block-heading\"><strong>6. Azul Sereno: O Toque de Tranquilidade<\/strong><\/h2>\n\n\n\n<p>O azul sereno representa o c\u00e9u limpo da primavera e transmite paz e equil\u00edbrio ao ambiente.<\/p>\n\n\n\n<h3 class=\"wp-block-heading\"><strong>Como usar?<\/strong><\/h3>\n\n\n\n<ul class=\"wp-block-list\">\n<li><strong>Cozinhas e salas de jantar<\/strong>: D\u00e1 frescura e um toque moderno.<\/li>\n\n\n\n<li><strong>Lou\u00e7as e acess\u00f3rios<\/strong>: Pratos, copos e vasos em azul criam uma decora\u00e7\u00e3o harmoniosa.<\/li>\n\n\n\n<li><strong>Combina\u00e7\u00e3o com madeira clara<\/strong>: Traz um ar natural e aconchegante.<\/li>\n<\/ul>\n\n\n\n<p>Dia 20 de mar\u00e7o chega a Primavera e traz uma paleta de cores equilibrada entre frescura, serenidade e energia. Com a escolha do <strong>Mocha Mousse como cor do ano<\/strong>, vemos uma tend\u00eancia que aposta no conforto e na sofistica\u00e7\u00e3o. Seja atrav\u00e9s de pequenos detalhes ou de mudan\u00e7as mais significativas, estas tonalidades podem transformar a sua casa num espa\u00e7o moderno e cheio de personalidade.<\/p>\n\n\n\n<p>Inspire-se nas cores da esta\u00e7\u00e3o e renove a decora\u00e7\u00e3o da sua casa com frescura e estilo! Se est\u00e1 \u00e0 procura de um novo lar para aplicar estas tend\u00eancias, <a href=\"https:\/\/www.imovirtual.com\/\"><strong>explore as op\u00e7\u00f5es dispon\u00edveis no Imovirtual e encontre a casa perfeita!<\/strong><\/a><\/p>\n","protected":false},"excerpt":{"rendered":"<p>A chegada da primavera traz sempre uma renova\u00e7\u00e3o na decora\u00e7\u00e3o, inspirada nas cores vibrantes e naturais da esta\u00e7\u00e3o. Em 2025, as tend\u00eancias crom\u00e1ticas refletem um equil\u00edbrio entre tons frescos, energizantes e paletas suaves que remetem ao conforto e bem-estar. Descubra as cores da primavera 2025 e saiba como incorpor\u00e1-las na decora\u00e7\u00e3o da sua casa! 1. &hellip;<\/p>\n","protected":false},"author":3,"featured_media":5293,"comment_status":"open","ping_status":"open","sticky":false,"template":"","format":"standard","meta":{"footnotes":""},"categories":[7,33],"tags":[],"class_list":["post-5292","post","type-post","status-publish","format-standard","has-post-thumbnail","hentry","category-decoracao","category-destaques"],"_links":{"self":[{"href":"https:\/\/www.imovirtual.com\/noticias\/wp-json\/wp\/v2\/posts\/5292","targetHints":{"allow":["GET"]}}],"collection":[{"href":"https:\/\/www.imovirtual.com\/noticias\/wp-json\/wp\/v2\/posts"}],"about":[{"href":"https:\/\/www.imovirtual.com\/noticias\/wp-json\/wp\/v2\/types\/post"}],"author":[{"embeddable":true,"href":"https:\/\/www.imovirtual.com\/noticias\/wp-json\/wp\/v2\/users\/3"}],"replies":[{"embeddable":true,"href":"https:\/\/www.imovirtual.com\/noticias\/wp-json\/wp\/v2\/comments?post=5292"}],"version-history":[{"count":0,"href":"https:\/\/www.imovirtual.com\/noticias\/wp-json\/wp\/v2\/posts\/5292\/revisions"}],"wp:featuredmedia":[{"embeddable":true,"href":"https:\/\/www.imovirtual.com\/noticias\/wp-json\/wp\/v2\/media\/5293"}],"wp:attachment":[{"href":"https:\/\/www.imovirtual.com\/noticias\/wp-json\/wp\/v2\/media?parent=5292"}],"wp:term":[{"taxonomy":"category","embeddable":true,"href":"https:\/\/www.imovirtual.com\/noticias\/wp-json\/wp\/v2\/categories?post=5292"},{"taxonomy":"post_tag","embeddable":true,"href":"https:\/\/www.imovirtual.com\/noticias\/wp-json\/wp\/v2\/tags?post=5292"}],"curies":[{"name":"wp","href":"https:\/\/api.w.org\/{rel}","templated":true}]}}