{"id":5286,"date":"2025-03-14T18:52:36","date_gmt":"2025-03-14T18:52:36","guid":{"rendered":"https:\/\/www.imovirtual.com\/noticias\/?p=5286"},"modified":"2025-03-14T18:57:29","modified_gmt":"2025-03-14T18:57:29","slug":"fevereiro-arrendar-casa-custa-ate-21-mais-em-algumas-regioes","status":"publish","type":"post","link":"https:\/\/www.imovirtual.com\/noticias\/relatorio-de-precos\/fevereiro-arrendar-casa-custa-ate-21-mais-em-algumas-regioes\/","title":{"rendered":"Relat\u00f3rio de Pre\u00e7os &#8211; Em fevereiro, arrendar casa custa at\u00e9 21% mais em algumas regi\u00f5es, enquanto pre\u00e7os de venda sobem 20% num ano"},"content":{"rendered":"\n<p>O Imovirtual, portal imobili\u00e1rio de refer\u00eancia, apresenta o seu bar\u00f3metro mais recente, relativo \u00e0 evolu\u00e7\u00e3o dos pre\u00e7os m\u00e9dios anunciados de arrendamento e venda em Portugal, incluindo ilhas. Os dados comparam os valores de fevereiro de 2025 com os do m\u00eas anterior, janeiro de 2025, e com o per\u00edodo hom\u00f3logo, fevereiro de 2024.&nbsp;<\/p>\n\n\n\n<h2 class=\"wp-block-heading\">Arrendamento<\/h2>\n\n\n\n<p>Em rela\u00e7\u00e3o ao valor m\u00e9dio dos im\u00f3veis para arrendar, este continua a crescer, registando um aumento de <strong>8% em termos anuais, estando 100\u20ac mais caro <\/strong>e uma subida mensal de <strong>4%<\/strong>, passando de 1.250\u20ac para 1.300\u20ac.&nbsp;<\/p>\n\n\n\n<p><strong>Norte&nbsp;<\/strong><\/p>\n\n\n\n<p>A regi\u00e3o Norte registou varia\u00e7\u00f5es diversas nos pre\u00e7os de arrendamento. <strong>Bragan\u00e7a destacou-se pelo maior crescimento percentual<\/strong>, com um aumento mensal de <strong>10% <\/strong>(500\u20ac para 550\u20ac) e uma subida anual de <strong>22% <\/strong>(450\u20ac para 550\u20ac). Tamb\u00e9m <strong>Viana do Castelo <\/strong>registou um aumento mensal de <strong>7% <\/strong>(750\u20ac para 800\u20ac).&nbsp;<\/p>\n\n\n\n<p>Por outro lado, <strong>a Guarda apresentou a maior queda mensal<\/strong>, com uma descida de <strong>-26% <\/strong>(680\u20ac para 500\u20ac), apesar de ainda registar um aumento anual expressivo de <strong>28%<\/strong>. J\u00e1 <strong>Vila Real <\/strong>tamb\u00e9m registou um decr\u00e9scimo mensal de <strong>-9% <\/strong>(550\u20ac para 500\u20ac), mas um crescimento anual de <strong>14%<\/strong>. Contudo, alguns distritos mantiveram os pre\u00e7os est\u00e1veis, face ao m\u00eas passado, como <strong>Braga (900\u20ac) e Aveiro (900\u20ac), <\/strong>sendo que <strong>o Porto (1.200\u20ac), <\/strong>apesar do seu ligeiro aumento (+4%, face ao m\u00eas anterior), recuperou o valor praticado em fevereiro de 2024.&nbsp;<\/p>\n\n\n\n<p><strong>Centro&nbsp;<\/strong><\/p>\n\n\n\n<p>O Centro registou uma relativa estabilidade nos pre\u00e7os do arrendamento, com algumas varia\u00e7\u00f5es pontuais. <strong>Leiria teve o maior crescimento mensal<\/strong>, com uma subida de <strong>6% <\/strong>(800\u20ac para 850\u20ac), embora tenha apresentado uma ligeira descida anual de <strong>-4%<\/strong>. Por\u00e9m, os valores mantiveram-se est\u00e1veis em <strong>Castelo Branco (600\u20ac), Coimbra (750\u20ac) e Santar\u00e9m (800\u20ac)<\/strong>. J\u00e1 <strong>Lisboa registou um crescimento mensal de 6% tamb\u00e9m<\/strong>, atingindo os <strong>1.800\u20ac, <\/strong>consolidando-se como o distrito mais caro do pa\u00eds para arrendar.&nbsp;<\/p>\n\n\n\n<p><strong>Sul&nbsp;<\/strong><\/p>\n\n\n\n<p>O Sul registou varia\u00e7\u00f5es significativas, com algumas subidas expressivas. <strong>Faro e Set\u00fabal registaram aumentos mensais de 4%<\/strong>, passando para <strong>1.250\u20ac<\/strong>, mantendo-se entre os distritos mais caros para arrendar. J\u00e1 <strong>Beja destacou-se com a subida mensal mais elevada de 8% <\/strong>(695\u20ac para 750\u20ac), enquanto <strong>\u00c9vora teve um aumento anual impressionante de 42%<\/strong>, apesar de uma ligeira descida mensal de <strong>-1% <\/strong>(1.000\u20ac para 995\u20ac). Por outro lado, <strong>Portalegre registou a maior queda mensal da regi\u00e3o<\/strong>, com uma descida de <strong>-8% <\/strong>(600\u20ac para 550\u20ac), embora tenha registado um aumento de 5% face ao ano anterior.<\/p>\n\n\n\n<p><strong>Ilhas&nbsp;<\/strong><\/p>\n\n\n\n<p>Nas Ilhas, o mercado de arrendamento mostrou alguma volatilidade. <strong>A Ilha Terceira registou um crescimento mensal expressivo de 21% <\/strong>(700\u20ac para 850\u20ac), enquanto a <strong>Ilha de S\u00e3o Miguel manteve o valor dos 900\u20ac, <\/strong>consolidando-se como a ilha com maior crescimento anual (+29%). A Ilha da Madeira registou uma ligeira descida mensal de <strong>-3% <\/strong>(1.600\u20ac para 1.550\u20ac), mas ainda apresenta um aumento de <strong>3% <\/strong>face ao ano anterior.<br><\/p>\n\n\n\n<p><strong>Distritos e Ilhas mais baratos e mais caros para arrendar&nbsp;<\/strong><\/p>\n\n\n\n<p>Os distritos mais baratos para arrendar casa em fevereiro de 2025 foram <strong>Guarda (500\u20ac)<\/strong>, <strong>Vila Real (500\u20ac), Bragan\u00e7a (550\u20ac), e Portalegre (550\u20ac). <\/strong>J\u00e1 os mais caros foram <strong>Lisboa (1.800\u20ac), Ilha da Madeira (1 550\u20ac), Faro (1.250\u20ac) e Set\u00fabal (1.250\u20ac).\u00a0<br><\/strong><\/p>\n\n\n\n<h2 class=\"wp-block-heading\">Venda<\/h2>\n\n\n\n<p>No que diz respeito ao pre\u00e7o m\u00e9dio de venda a n\u00edvel nacional, verificou-se uma subida de <strong>3% <\/strong>em fevereiro de 2025 face ao m\u00eas anterior, passando de <strong>380.000\u20ac para 390.000\u20ac<\/strong>. Em termos anuais, os pre\u00e7os registaram um crescimento de <strong>20%<\/strong>, representando uma subida de <strong>65.100\u20ac <\/strong>em rela\u00e7\u00e3o a fevereiro de 2024 (324.900\u20ac para 390.000\u20ac).&nbsp;<\/p>\n\n\n\n<p><strong>Norte&nbsp;<\/strong><\/p>\n\n\n\n<p>Na regi\u00e3o Norte, os pre\u00e7os de venda continuaram a subir, com destaque para <strong>Viseu<\/strong>, que registou o maior aumento mensal da regi\u00e3o, com <strong>+9% <\/strong>(180.000\u20ac para 196.750\u20ac), e um crescimento anual de <strong>12% <\/strong>(175.000\u20ac para 196.750\u20ac). Tamb\u00e9m se destacaram <strong>Viana do Castelo<\/strong>, com uma subida mensal de <strong>4% <\/strong>(269.000\u20ac para 279.000\u20ac), e <strong>Porto<\/strong>, que viu os pre\u00e7os crescerem <strong>2% <\/strong>no \u00faltimo m\u00eas (372.000\u20ac para 380.000\u20ac), acumulando uma valoriza\u00e7\u00e3o anual de <strong>19%<\/strong>. J\u00e1 <strong>Bragan\u00e7a <\/strong>registou uma descida de <strong>4% <\/strong>face a janeiro (125.000\u20ac para 120.000\u20ac), mantendo-se est\u00e1vel face a fevereiro de 2024. <strong>Vila Real <\/strong>registou uma ligeira queda mensal de <strong>-2%<\/strong>, mas um crescimento anual de <strong>9%<\/strong>.&nbsp;<\/p>\n\n\n\n<p><strong>Centro&nbsp;<\/strong><\/p>\n\n\n\n<p>A regi\u00e3o Centro apresentou varia\u00e7\u00f5es moderadas nos pre\u00e7os de venda. O destaque vai para <strong>Lisboa<\/strong>, que registou uma subida mensal de <strong>5% <\/strong>(555.000\u20ac para 580.000\u20ac), atingindo um crescimento anual expressivo de <strong>29%<\/strong>. <strong>Coimbra <\/strong>tamb\u00e9m evidenciou um aumento mensal de <strong>5% <\/strong>(215.000\u20ac para 225.000\u20ac), acompanhando a tend\u00eancia positiva do mercado. <strong>Leiria <\/strong>manteve uma evolu\u00e7\u00e3o est\u00e1vel, com uma ligeira subida mensal de <strong>1% <\/strong>e um crescimento anual de <strong>10%<\/strong>. Por outro lado, <strong>Castelo Branco <\/strong>registou uma nova descida de <strong>-1% <\/strong>em rela\u00e7\u00e3o ao m\u00eas anterior e acumula uma queda anual de <strong>-2%<\/strong>, mantendo-se como uma das zonas mais acess\u00edveis da regi\u00e3o.&nbsp;<\/p>\n\n\n\n<p><strong>Sul&nbsp;<\/strong><\/p>\n\n\n\n<p>No Sul, os pre\u00e7os m\u00e9dios de venda registaram aumentos significativos, com destaque para <strong>Beja<\/strong>, que subiu <strong>6% <\/strong>num m\u00eas (160.000\u20ac para 170.000\u20ac) e <strong>21% <\/strong>no \u00faltimo ano. <strong>\u00c9vora <\/strong>e <strong>Set\u00fabal <\/strong>acompanharam esta tend\u00eancia, com crescimentos mensais de <strong>5% <\/strong>e anuais de <strong>23%<\/strong>. <strong>Faro <\/strong>manteve-se como um dos distritos mais caros da regi\u00e3o, subindo <strong>4% <\/strong>no \u00faltimo m\u00eas e acumulando um crescimento anual de <strong>13%<\/strong>.&nbsp;<\/p>\n\n\n\n<p><strong>Ilhas&nbsp;<\/strong><\/p>\n\n\n\n<p>Nas ilhas, as varia\u00e7\u00f5es foram mais evidentes em algumas localiza\u00e7\u00f5es. <strong>A Ilha do Faial <\/strong>foi o grande destaque, registando uma valoriza\u00e7\u00e3o mensal impressionante de <strong>77% <\/strong>(175.000\u20ac para 310.000\u20ac) e um crescimento anual de <strong>70%<\/strong>. <strong>A Ilha de S\u00e3o Miguel <\/strong>manteve um crescimento s\u00f3lido, aumentando <strong>2% <\/strong>no \u00faltimo m\u00eas e <strong>40% <\/strong>no \u00faltimo ano. <strong>A Ilha de Porto Santo <\/strong>tamb\u00e9m seguiu esta tend\u00eancia, crescendo <strong>5% <\/strong>no m\u00eas e <strong>27% <\/strong>no ano. Por outro lado, algumas ilhas registaram quedas, como <strong>a Ilha da Graciosa<\/strong>, que desceu <strong>-13% <\/strong>no \u00faltimo m\u00eas, e <strong>a Ilha das Flores<\/strong>, que acumulou uma descida anual de <strong>-20%<\/strong>.&nbsp;<\/p>\n\n\n\n<p><strong>Distritos e Ilhas mais baratos e mais caros para comprar casa&nbsp;<\/strong><\/p>\n\n\n\n<p>A n\u00edvel nacional, os distritos mais acess\u00edveis para comprar casa em fevereiro de 2025 foram <strong>Castelo Branco (86.500\u20ac), Guarda (99.700\u20ac) <\/strong>e <strong>Bragan\u00e7a (120.000\u20ac), <\/strong>J\u00e1 os mais caros continuam a ser <strong>Lisboa (580.000\u20ac), a Ilha da Madeira (550.000\u20ac) e Faro (495.000\u20ac)<\/strong>.&nbsp;<\/p>\n\n\n\n<ul class=\"wp-block-list\">\n<li><strong>An\u00e1lise comparativa entre zonas\u00a0<\/strong><\/li>\n<\/ul>\n\n\n\n<p>Ao analisar o mercado imobili\u00e1rio em termos de arrendamento e venda, continuam a verificar-se disparidades significativas entre as v\u00e1rias regi\u00f5es do pa\u00eds. No <strong>arrendamento<\/strong>, o <strong>Centro e o Norte <\/strong>mant\u00eam-se como as zonas com valores mais acess\u00edveis. Destacam-se <strong>Bragan\u00e7a (550\u20ac), Castelo Branco (600\u20ac) e Guarda (500\u20ac) <\/strong>como alguns dos distritos mais econ\u00f3micos para arrendar casa. Por outro lado, o <strong>Sul e as Ilhas <\/strong>continuam a apresentar os valores m\u00e9dios de renda mais elevados, com <strong>Lisboa (1.800\u20ac), Faro (1.250\u20ac) e a Ilha da Madeira (1.550\u20ac) <\/strong>no topo da lista. Apesar da generalizada estabiliza\u00e7\u00e3o dos pre\u00e7os em algumas regi\u00f5es, verificaram-se aumentos expressivos em certas localiza\u00e7\u00f5es, como a <strong>Ilha Terceira<\/strong>, onde o valor m\u00e9dio da renda subiu <strong>21% <\/strong>no \u00faltimo m\u00eas.&nbsp;<\/p>\n\n\n\n<p>J\u00e1 no <strong>mercado de venda<\/strong>, o <strong>Sul e as Ilhas <\/strong>continuam a destacar-se pelas maiores valoriza\u00e7\u00f5es anuais. O <strong>distrito de Lisboa <\/strong>lidera com <strong>580.000\u20ac<\/strong>, seguido pela <strong>Ilha da Madeira (550.000\u20ac) e Faro (495.000\u20ac)<\/strong>, refletindo a forte procura e a escassez de oferta nestas regi\u00f5es. A <strong>Ilha do Faial <\/strong>registou a valoriza\u00e7\u00e3o mais significativa, com um crescimento mensal de <strong>77%<\/strong>, atingindo os <strong>310.000\u20ac<\/strong>. Em contraste, distritos do <strong>Norte e Centro <\/strong>continuam a oferecer pre\u00e7os mais acess\u00edveis, com <strong>Bragan\u00e7a (120.000\u20ac), Castelo Branco (86.500\u20ac) e Guarda (99.700\u20ac) <\/strong>entre as op\u00e7\u00f5es mais econ\u00f3micas.&nbsp;<\/p>\n\n\n\n<p>Estas varia\u00e7\u00f5es refletem as din\u00e2micas distintas entre regi\u00f5es, influenciadas por fatores como a acessibilidade, a procura crescente por localiza\u00e7\u00f5es perif\u00e9ricas e a evolu\u00e7\u00e3o do mercado imobili\u00e1rio em resposta a mudan\u00e7as econ\u00f3micas e sociais. O arrendamento continua a ganhar peso em determinadas regi\u00f5es, ao mesmo tempo que o mercado de venda revela uma valoriza\u00e7\u00e3o mais acentuada em \u00e1reas insulares e costeiras.&nbsp;<\/p>\n","protected":false},"excerpt":{"rendered":"<p>O Imovirtual, portal imobili\u00e1rio de refer\u00eancia, apresenta o seu bar\u00f3metro mais recente, relativo \u00e0 evolu\u00e7\u00e3o dos pre\u00e7os m\u00e9dios anunciados de arrendamento e venda em Portugal, incluindo ilhas. Os dados comparam os valores de fevereiro de 2025 com os do m\u00eas anterior, janeiro de 2025, e com o per\u00edodo hom\u00f3logo, fevereiro de 2024.&nbsp; Arrendamento Em rela\u00e7\u00e3o &hellip;<\/p>\n","protected":false},"author":3,"featured_media":5287,"comment_status":"open","ping_status":"open","sticky":false,"template":"","format":"standard","meta":{"footnotes":""},"categories":[33,2],"tags":[],"class_list":["post-5286","post","type-post","status-publish","format-standard","has-post-thumbnail","hentry","category-destaques","category-relatorio-de-precos"],"_links":{"self":[{"href":"https:\/\/www.imovirtual.com\/noticias\/wp-json\/wp\/v2\/posts\/5286","targetHints":{"allow":["GET"]}}],"collection":[{"href":"https:\/\/www.imovirtual.com\/noticias\/wp-json\/wp\/v2\/posts"}],"about":[{"href":"https:\/\/www.imovirtual.com\/noticias\/wp-json\/wp\/v2\/types\/post"}],"author":[{"embeddable":true,"href":"https:\/\/www.imovirtual.com\/noticias\/wp-json\/wp\/v2\/users\/3"}],"replies":[{"embeddable":true,"href":"https:\/\/www.imovirtual.com\/noticias\/wp-json\/wp\/v2\/comments?post=5286"}],"version-history":[{"count":0,"href":"https:\/\/www.imovirtual.com\/noticias\/wp-json\/wp\/v2\/posts\/5286\/revisions"}],"wp:featuredmedia":[{"embeddable":true,"href":"https:\/\/www.imovirtual.com\/noticias\/wp-json\/wp\/v2\/media\/5287"}],"wp:attachment":[{"href":"https:\/\/www.imovirtual.com\/noticias\/wp-json\/wp\/v2\/media?parent=5286"}],"wp:term":[{"taxonomy":"category","embeddable":true,"href":"https:\/\/www.imovirtual.com\/noticias\/wp-json\/wp\/v2\/categories?post=5286"},{"taxonomy":"post_tag","embeddable":true,"href":"https:\/\/www.imovirtual.com\/noticias\/wp-json\/wp\/v2\/tags?post=5286"}],"curies":[{"name":"wp","href":"https:\/\/api.w.org\/{rel}","templated":true}]}}