{"id":5255,"date":"2025-01-22T18:09:11","date_gmt":"2025-01-22T18:09:11","guid":{"rendered":"https:\/\/www.imovirtual.com\/noticias\/?p=5255"},"modified":"2025-01-22T18:09:12","modified_gmt":"2025-01-22T18:09:12","slug":"em-2024-arrendar-casa-custou-em-media-1400e","status":"publish","type":"post","link":"https:\/\/www.imovirtual.com\/noticias\/relatorio-de-precos\/em-2024-arrendar-casa-custou-em-media-1400e\/","title":{"rendered":"Relat\u00f3rio de Pre\u00e7os &#8211; Em 2024, arrendar uma casa custou, em m\u00e9dia, 1.500\u20ac, mais 35% face a 2023"},"content":{"rendered":"\n<p>O Imovirtual, portal imobili\u00e1rio de refer\u00eancia, divulgou o seu bar\u00f3metro relativo \u00e0 evolu\u00e7\u00e3o dos pre\u00e7os m\u00e9dios anunciados de arrendamento e venda em Portugal, incluindo ilhas. Os dados agora partilhados referem-se ao comparativo de novembro com outubro deste ano e com o per\u00edodo hom\u00f3logo de novembro de 2023.<\/p>\n\n\n\n<p>Em rela\u00e7\u00e3o ao valor m\u00e9dio dos im\u00f3veis para arrendar, verifica-se um aumento na renda m\u00e9dia de +35%,&nbsp; estando 391\u20ac mais caro, quando comparado com 2023. Apesar de ao longo do ano termos verificado&nbsp; algumas oscila\u00e7\u00f5es, em 2024 houve um aumento (+35%), fixando-se agora em 1.500\u20ac. Este aumento no&nbsp; arrendamento deve-se sobretudo aos distritos de Beja (40%), Set\u00fabal (30%) e Lisboa (28%), sendo que a&nbsp; Guarda (-31%), Bragan\u00e7a (-3%) e Vila Real (-8%) foram os que registaram uma queda nos pre\u00e7os.&nbsp;<\/p>\n\n\n\n<p>No que \u00e0 venda de casas diz respeito, a subida dos pre\u00e7os m\u00e9dios de um ano para o outro foi mais t\u00e9nue&nbsp; (+18%), o que representa um aumento de cerca de 58.000\u20ac, face ao ano passado. Atualmente, comprar&nbsp; uma casa custa, em m\u00e9dia, 375.000\u20ac. Esta subida \u00e9 transversal a todo o pa\u00eds, contudo, foi impulsionada&nbsp; pelos distritos de \u00c9vora (21%), Lisboa (25%) e Portalegre (23%). Em contrapartida, Castelo Branco (-24%)&nbsp; e Bragan\u00e7a (-12%), foram os \u00fanicos distritos que registaram diminui\u00e7\u00f5es dos seus pre\u00e7os m\u00e9dios. Assim&nbsp; como Viseu (1%) e Guarda (2%) foram os que tiveram menor diferen\u00e7a.&nbsp;&nbsp;<\/p>\n\n\n\n<p>No entanto, foi tamb\u00e9m poss\u00edvel verificar que, tanto em arrendamento como em venda, os pre\u00e7os aumentaram principalmente a partir do segundo semestre de 2024.&nbsp;<\/p>\n\n\n\n<h2 class=\"wp-block-heading\">Arrendamento<\/h2>\n\n\n\n<p><strong>Distritos e Ilhas em destaque: <\/strong><strong>&nbsp;<\/strong><\/p>\n\n\n\n<p>\u25cf Comparativamente com 2023, existiu uma subida dos valores m\u00e9dios de arrendamento de forma&nbsp; geral em todos os distritos, nomeadamente: <strong>Beja <\/strong>(+40%) que regista o maior aumento da renda&nbsp; m\u00e9dia, que passa de 580\u20ac para 813\u20ac; <strong>Set\u00fabal <\/strong>(+30%), passa de 984\u20ac para 1.275\u20ac, <strong>Ilha da Madeira&nbsp; <\/strong>(+29%) passa de 1.162\u20ac para 1.500\u20ac, <strong>Lisboa <\/strong>(+28%), passa de 1.550\u20ac para 1.989\u20ac, <strong>\u00c9vora <\/strong>(+18%),&nbsp; que passa 675\u20ac para 795\u20ac e <strong>Braga <\/strong>(+18%), que passa de 850\u20ac para 1.000\u20ac.&nbsp;<\/p>\n\n\n\n<p>\u25cf Em rela\u00e7\u00e3o aos distritos em que houve uma diminui\u00e7\u00e3o do pre\u00e7o m\u00e9dio de arrendamento,&nbsp; comparado com o per\u00edodo hom\u00f3logo, <strong>Guarda (-31%), Vila Real (-8%) <\/strong>e <strong>Bragan\u00e7a (-3%) <\/strong>foram os &nbsp;que registaram a maior descida ao longo deste ano, com a renda m\u00e9dia a fixar em <strong>470\u20ac<\/strong><strong>, <\/strong>em <strong>525<\/strong>\u20ac&nbsp; e <strong>450<\/strong>\u20ac, respectivamente.&nbsp;<\/p>\n\n\n\n<p>\u25cf De forma geral, <strong>Guarda <\/strong>(325\u20ac), <strong>Bragan\u00e7a <\/strong>(437.50\u20ac), <strong>Vila Real <\/strong>(485\u20ac), <strong>Portalegre <\/strong>(500\u20ac) <strong>e Castelo&nbsp; Branco <\/strong>(550\u20ac<strong>) <\/strong>foram os distritos mais baratos para arrendar casas ao longo do ano. <strong>Lisboa <\/strong>continua a ser o mais caro, (1.989\u20ac), seguindo-se a <strong>Ilha da Madeira <\/strong>(1.500\u20ac), <strong>Set\u00fabal <\/strong>(1.275\u20ac),&nbsp; <strong>Porto <\/strong>(1.200\u20ac), e <strong>Faro <\/strong>(1.013\u20ac).&nbsp;&nbsp;<\/p>\n\n\n\n<h2 class=\"wp-block-heading\">Venda<\/h2>\n\n\n\n<p><strong>Distritos e ilhas em destaque:&nbsp;<\/strong><\/p>\n\n\n\n<p>\u25cf Quanto \u00e0 compara\u00e7\u00e3o com o ano anterior, o distrito que registou um maior aumento no pre\u00e7o&nbsp; das casas, foi <strong>Lisboa <\/strong>(+25%), onde os valores sobem de 449.250\u20ac para 562.500\u20ac. Seguindo-se&nbsp; <strong>Portalegre <\/strong>(+23%, de 80 000\u20ac para 98.750\u20ac), <strong>\u00c9vora <\/strong>(+21%, de 195.000\u20ac para 235.625\u20ac), <strong>Beja&nbsp; <\/strong>(+20%, de 125.000\u20ac para 150.000\u20ac), Ilha da Madeira (+20%, de 410.000\u20ac para 490.000\u20ac) e <strong>Braga&nbsp; <\/strong>(+19%, de 264.000\u20ac para 314.950\u20ac).&nbsp;<\/p>\n\n\n\n<p>\u25cf <strong>Castelo Branco <\/strong>(-24%, 97.750\u20ac para 73.875\u20ac) e <strong>Bragan\u00e7a <\/strong>(-12%, 125.000\u20ac para 109.500\u20ac) foram&nbsp; os \u00fanicos distritos que registaram diminui\u00e7\u00f5es nos seus valores m\u00e9dios. <strong>Viseu <\/strong>(1%, 166.750\u20ac para&nbsp; 169.000\u20ac) e <strong>Guarda <\/strong>(2%, 87.118\u20ac para 88.500\u20ac) foram os \u00fanicos distritos que tiveram valores&nbsp; est\u00e1veis.&nbsp;&nbsp;<\/p>\n\n\n\n<p>\u25cf <strong>Castelo Branco <\/strong>(73.875\u20ac), <strong>Braga<\/strong> (88.500\u20ac), <strong>Portalegre <\/strong>(98.750\u20ac), <strong>Bragan\u00e7a <\/strong>(109.500\u20ac) e <strong>Beja&nbsp; <\/strong>(150.000\u20ac) foram os distritos mais baratos para comprar casa ao longo deste ano. Os mais caros&nbsp; foram <strong>Lisboa <\/strong>(562.500\u20ac), <strong>Faro <\/strong>(500.000\u20ac), <strong>Ilha da Madeira <\/strong>(490.000\u20ac), <strong>Set\u00fabal <\/strong>(410.000\u20ac) e&nbsp; <strong>Porto <\/strong>(384.250\u20ac).&nbsp;\u25cf <strong>Relativamente \u00e0s Ilhas, a Ilha de S\u00e3o Jorge <\/strong>(+49%), <strong>ilha de S\u00e3o Miguel <\/strong>(+26%), <strong>Ilha da Graciosa&nbsp; <\/strong>(+24%) <strong>e a Ilha da Madeira <\/strong>(+20%) foram as ilhas que registaram maiores aumentos. Enquanto a&nbsp; <strong>Ilha do Pico <\/strong>(+1%), <strong>Ilha de Santa Maria <\/strong>(3%) <strong>e Ilha Terceira <\/strong>(+6%) foram as que registaram subidas&nbsp; mais ligeiras. A Ilha das Flores foi a \u00fanica que manteve os seus valores exatamente iguais.<\/p>\n","protected":false},"excerpt":{"rendered":"<p>O Imovirtual, portal imobili\u00e1rio de refer\u00eancia, divulgou o seu bar\u00f3metro relativo \u00e0 evolu\u00e7\u00e3o dos pre\u00e7os m\u00e9dios anunciados de arrendamento e venda em Portugal, incluindo ilhas. Os dados agora partilhados referem-se ao comparativo de novembro com outubro deste ano e com o per\u00edodo hom\u00f3logo de novembro de 2023. Em rela\u00e7\u00e3o ao valor m\u00e9dio dos im\u00f3veis para &hellip;<\/p>\n","protected":false},"author":3,"featured_media":5256,"comment_status":"open","ping_status":"open","sticky":false,"template":"","format":"standard","meta":{"footnotes":""},"categories":[33,2],"tags":[],"class_list":["post-5255","post","type-post","status-publish","format-standard","has-post-thumbnail","hentry","category-destaques","category-relatorio-de-precos"],"_links":{"self":[{"href":"https:\/\/www.imovirtual.com\/noticias\/wp-json\/wp\/v2\/posts\/5255","targetHints":{"allow":["GET"]}}],"collection":[{"href":"https:\/\/www.imovirtual.com\/noticias\/wp-json\/wp\/v2\/posts"}],"about":[{"href":"https:\/\/www.imovirtual.com\/noticias\/wp-json\/wp\/v2\/types\/post"}],"author":[{"embeddable":true,"href":"https:\/\/www.imovirtual.com\/noticias\/wp-json\/wp\/v2\/users\/3"}],"replies":[{"embeddable":true,"href":"https:\/\/www.imovirtual.com\/noticias\/wp-json\/wp\/v2\/comments?post=5255"}],"version-history":[{"count":0,"href":"https:\/\/www.imovirtual.com\/noticias\/wp-json\/wp\/v2\/posts\/5255\/revisions"}],"wp:featuredmedia":[{"embeddable":true,"href":"https:\/\/www.imovirtual.com\/noticias\/wp-json\/wp\/v2\/media\/5256"}],"wp:attachment":[{"href":"https:\/\/www.imovirtual.com\/noticias\/wp-json\/wp\/v2\/media?parent=5255"}],"wp:term":[{"taxonomy":"category","embeddable":true,"href":"https:\/\/www.imovirtual.com\/noticias\/wp-json\/wp\/v2\/categories?post=5255"},{"taxonomy":"post_tag","embeddable":true,"href":"https:\/\/www.imovirtual.com\/noticias\/wp-json\/wp\/v2\/tags?post=5255"}],"curies":[{"name":"wp","href":"https:\/\/api.w.org\/{rel}","templated":true}]}}