{"id":513,"date":"2022-05-20T00:00:00","date_gmt":"2022-05-20T00:00:00","guid":{"rendered":"https:\/\/www.imovirtual.com\/noticias2\/2022\/05\/20\/condominio-partes-comuns\/"},"modified":"2024-08-28T10:29:01","modified_gmt":"2024-08-28T10:29:01","slug":"condominio-partes-comuns","status":"publish","type":"post","link":"https:\/\/www.imovirtual.com\/noticias\/imobiliario\/condominio-partes-comuns\/","title":{"rendered":"Condom\u00ednio: o que \u00e9 considerado parte comum?"},"content":{"rendered":"<p class=\"css-8qfla4\">\n<p class=\"css-m5h6m0 edperro0\">\n<h1><strong>Condom\u00ednio: o que \u00e9 considerado parte comum?<\/strong><\/h1>\n<p>Quem vive em apartamentos bem sabe que<strong> as regras s\u00e3o muito diferentes das aplicadas \u00e0s <a href=\"https:\/\/www.imovirtual.com\/comprar\/moradia\/\" target=\"_blank\" rel=\"noopener\">moradias<\/a><\/strong>, j\u00e1 que estas \u00faltimas se tratam de casas independentes que n\u00e3o obrigam \u00e0 partilha com mais nenhum propriet\u00e1rio &#8211; pelo menos, na maioria dos casos. Por outro lado, <strong>quem vive num pr\u00e9dio ter\u00e1 de obedecer a um conjunto de normas ditadas pelo <a href=\"https:\/\/www.imovirtual.com\/noticias\/imobiliario\/condominio-conduta-das-criancas-areas-comuns\" target=\"_blank\" rel=\"noopener\">condom\u00ednio<\/a><\/strong>, tais como a <a href=\"https:\/\/www.imovirtual.com\/noticias\/imobiliario\/casas-arrendadas-lei-ruido\" target=\"_blank\" rel=\"noopener\">lei do ru\u00eddo<\/a>, o <a href=\"https:\/\/www.imovirtual.com\/noticias\/imobiliario\/o-regulamento-do-condominio-e-obrigatorio\" target=\"_blank\" rel=\"noopener\">regulamento do condom\u00ednio<\/a> e, claro, a limpeza, utiliza\u00e7\u00e3o e manuten\u00e7\u00e3o das partes comuns. Isto claro, se o pr\u00e9dio estiver registado com um t\u00edtulo constitutivo de <a href=\"https:\/\/www.imovirtual.com\/en\/noticias\/imobiliario\/o-que-e-a-propriedade-horizontal\" target=\"_blank\" rel=\"noopener\">propriedade horizontal<\/a>, pois se o pr\u00e9dio for constitu\u00eddo como propriedade vertical n\u00e3o existe condom\u00ednio. <\/p>\n<p>O regime de propriedade horizontal \u00e9 aquele que determina a divis\u00e3o do edif\u00edcio em fra\u00e7\u00f5es aut\u00f3nomas, enquanto unidades independentes e partes comuns, incluindo-se apartamentos ou andares e <a href=\"https:\/\/www.imovirtual.com\/noticias\/decoracao\/otimize-o-espaco-da-sua-garagem\" target=\"_blank\" rel=\"noopener\">garagens<\/a>. <strong>Cada uma das fra\u00e7\u00f5es aut\u00f3nomas apresenta diferentes propriet\u00e1rios, que s\u00e3o obrigados a cumprir as regras estipuladas \u00e0s partes comuns<\/strong>.<\/p>\n<h3>Pode interessar-lhe: <a href=\"https:\/\/www.imovirtual.com\/noticias\/financas\/comprou-um-imovel-e-descobriu-que-tinha-dividas-ao-condominio\" target=\"_blank\" rel=\"noopener\"><strong>Comprou uma casa com d\u00edvidas ao condom\u00ednio? Saiba o que pode fazer.<\/strong><\/a><\/h3>\n<\/p>\n<p>Mas afinal, o que s\u00e3o parte comuns? Os edif\u00edcios divididos em fra\u00e7\u00f5es aut\u00f3nomas &#8211; leia-se habita\u00e7\u00f5es, lojas ou <a href=\"https:\/\/www.imovirtual.com\/comprar\/escritorio\/?search%5Bdescription%5D=1\" target=\"_blank\" rel=\"noopener\">escrit\u00f3rios<\/a> &#8211; partilham de um <strong>condom\u00ednio composto por espa\u00e7os de propriedade privada e de propriedade partilhada<\/strong>. Estas \u00faltimas s\u00e3o as partes comuns do pr\u00e9dio.&nbsp;No fundo, nada mais s\u00e3o do que os locais do pr\u00e9dio que pertencem a todos os cond\u00f3minos. De acordo com o Artigo 1420.\u00ba do <strong><a href=\"https:\/\/dre.pt\/dre\/legislacao-consolidada\/decreto-lei\/1966-34509075-49924475\" target=\"_blank\" rel=\"noopener\">Decreto-Lei n.\u00ba 47344<\/a><\/strong>:<\/p>\n<ol>\n<li>&#8220;Cada cond\u00f3mino \u00e9<strong> propriet\u00e1rio exclusivo da frac\u00e7\u00e3o que lhe pertence e compropriet\u00e1rio das partes comuns do edif\u00edcio<\/strong>&#8220;;<\/li>\n<li>&#8220;O conjunto dos dois direitos \u00e9 incind\u00edvel;<strong> nenhum deles pode ser alienado separadamente<\/strong>, nem \u00e9 l\u00edcito renunciar \u00e0 parte comum como meio de o cond\u00f3mino se desonerar das despesas necess\u00e1rias \u00e0 sua conserva\u00e7\u00e3o ou frui\u00e7\u00e3o&#8221;.<\/li>\n<\/ol>\n<p>Isto significa que, quando compra um <a href=\"https:\/\/www.imovirtual.com\/comprar\/apartamento\/\" target=\"_blank\" rel=\"noopener\">apartamento<\/a>, est\u00e1 tamb\u00e9m a assumir responsabilidade quanto \u00e0s partes comuns, bem como \u00e0s <strong>despesas associadas<\/strong>. Estas \u00faltimas s\u00e3o pagas por meio das quotas do condom\u00ednio, <strong>estabelecidas em propor\u00e7\u00e3o do valor (percentagem ou permilagem) de cada uma das fra\u00e7\u00f5es<\/strong>. A lei determina que as despesas de conserva\u00e7\u00e3o e o pagamento de servi\u00e7os de comum interesse, como a eletricidade, devem ser pagas pelos propriet\u00e1rios dos apartamentos.. J\u00e1 as despesas das partes comuns do pr\u00e9dio de uso exclusivo para alguns dos cond\u00f3minos ficam a cargo dos que delas se servem. A mesma l\u00f3gica \u00e9 aplicada \u00e0s despesas com os <a href=\"https:\/\/www.imovirtual.com\/noticias\/imobiliario\/perguntas-respostas-elevadores\" target=\"_blank\" rel=\"noopener\">elevadores<\/a>, partilhadas entre os cond\u00f3minos que se servem desta benesse.<\/p>\n<p>Posto isto, mostramos-lhe agora uma lista dos locais que podem ser considerados partes comuns:<\/p>\n<h3><\/h3>\n<h2><strong>Quais s\u00e3o as partes comuns de um pr\u00e9dio? <\/strong><\/h2>\n<p>Os seguintes espa\u00e7os s\u00e3o considerados partes comuns de um pr\u00e9dio:<\/p>\n<ul>\n<li>O <strong><a href=\"https:\/\/www.imovirtual.com\/noticias\/imobiliario\/terrenos-viabilidade-construcao-pip\" target=\"_blank\" rel=\"noopener\">terreno<\/a> <\/strong>onde o edif\u00edcio est\u00e1 constru\u00eddo; <\/li>\n<li>Os<strong> alicerces<\/strong>, as <strong>paredes mestras<\/strong>, os <strong>pilares<\/strong> e as <strong>colunas do edif\u00edci<\/strong>o;<\/li>\n<li>As <strong>caixas dos elevadores<\/strong>, <strong>escadas<\/strong>, corredores, <a href=\"https:\/\/www.imovirtual.com\/noticias\/decoracao\/ideias-para-reformular-sotao-cave\" target=\"_blank\" rel=\"noopener\">sot\u00e3o<\/a>, \u00e1guas furtadas;<\/li>\n<li>O <strong>telhado <\/strong>e o <strong>terra\u00e7o de cobertura<\/strong>;<\/li>\n<li>As <strong>entradas de utiliza\u00e7\u00e3o comum<\/strong>;<\/li>\n<li>As instala\u00e7\u00f5es gerais de <a href=\"https:\/\/www.imovirtual.com\/noticias\/lifestyle\/reaproveitar-agua-em-casa\" target=\"_blank\" rel=\"noopener\">\u00e1gua<\/a>, <a href=\"https:\/\/www.imovirtual.com\/noticias\/imobiliario\/imoexplica-tudo-sobre-a-inspecao-do-gas\" target=\"_blank\" rel=\"noopener\">g\u00e1s<\/a>, <a href=\"https:\/\/www.imovirtual.com\/noticias\/lifestyle\/como-limpar-o-filtro-do-ar-condicionado\" target=\"_blank\" rel=\"noopener\">ar condicionado<\/a>, comunica\u00e7\u00f5es e semelhantes.<\/li>\n<\/ul>\n<p>Existem ainda partes comuns que apenas o s\u00e3o quando o t\u00edtulo constitutivo n\u00e3o as atribui especificamente a um cond\u00f3mino. S\u00e3o elas<\/p>\n<ul>\n<li>Partes e <strong><a href=\"https:\/\/www.imovirtual.com\/noticias\/lifestyle\/jardim-de-inverno\" target=\"_blank\" rel=\"noopener\">jardins<\/a> anexos ao edif\u00edcio<\/strong>;<\/li>\n<li><strong>Elevadores<\/strong>;<\/li>\n<li>Fra\u00e7\u00f5es destinadas ao uso e habita\u00e7\u00e3o do porteiro (<a href=\"https:\/\/www.imovirtual.com\/noticias\/imobiliario\/casa-da-porteira\" target=\"_blank\" rel=\"noopener\">casa da porteira<\/a>);<\/li>\n<li><strong>Garagens<\/strong> e outros lugares de estacionamento;<\/li>\n<li>Casa dos lixos.<\/li>\n<\/ul>\n<p class=\" block-img\"><img decoding=\"async\" src=\"https:\/\/www.imovirtual.com\/noticias\/wp-content\/uploads\/2022\/11\/3c23b667-0a08-4ca1-abcb-74566be5c538_Copia-de-Banners-Autores-2.png\" alt=\"Alexandre Lu\u00eds Autor Imovirtual\"><\/p>\n<h5><em>Tamb\u00e9m conhecido como &#8216;O Consultor&#8217;. Pode encontr\u00e1-lo a consultar o \u00faltimo estudo de mercado. N\u00e3o tem talento para vender, mas sabe tudo sobre Imobili\u00e1rio. Fala sobre quest\u00f5es relacionadas com o tema no Blog do Imovirtual.<\/em><\/h5>\n<\/p>\n<h4><strong>Leia tamb\u00e9m<\/strong><\/h4>\n<ul>\n<li>Condom\u00ednio: como resolver conflito sobre&nbsp;<a href=\"https:\/\/www.imovirtual.com\/noticias\/imobiliario\/condominios-como-resolver-conflito-estender-roupa\" target=\"_blank\" rel=\"noopener\"><strong>estender roupa<\/strong><\/a><\/li>\n<li><a href=\"https:\/\/www.imovirtual.com\/noticias\/imobiliario\/videovigilancia-no-condominio-lei\" target=\"_blank\" rel=\"noopener\"><strong>Videovigil\u00e2ncia no condom\u00ednio<\/strong><\/a>. O que diz a lei<\/li>\n<li>Condom\u00ednio: posso instalar um carregador para o meu&nbsp;<a href=\"https:\/\/www.imovirtual.com\/noticias\/imobiliario\/carros-eletricos-condominio\" target=\"_blank\" rel=\"noopener\"><strong>carro el\u00e9trico<\/strong><\/a>&nbsp;na garagem comum?<\/li>\n<\/ul>\n<\/p>\n<div class=\"css-h5fkc8\"><strong>Ultima actualiza\u00e7\u00e3o:<\/strong> 20 maio 2022<\/div>\n","protected":false},"excerpt":{"rendered":"<p>Condom\u00ednio: o que \u00e9 considerado parte comum? Quem vive em apartamentos bem sabe que as regras s\u00e3o muito diferentes das aplicadas \u00e0s moradias, j\u00e1 que estas \u00faltimas se tratam de casas independentes que n\u00e3o obrigam \u00e0 partilha com mais nenhum propriet\u00e1rio &#8211; pelo menos, na maioria dos casos. Por outro lado, quem vive num pr\u00e9dio &hellip;<\/p>\n","protected":false},"author":3,"featured_media":514,"comment_status":"closed","ping_status":"open","sticky":false,"template":"","format":"standard","meta":{"footnotes":""},"categories":[37,5],"tags":[],"class_list":["post-513","post","type-post","status-publish","format-standard","has-post-thumbnail","hentry","category-financas-e-imobiliario","category-imobiliario"],"_links":{"self":[{"href":"https:\/\/www.imovirtual.com\/noticias\/wp-json\/wp\/v2\/posts\/513","targetHints":{"allow":["GET"]}}],"collection":[{"href":"https:\/\/www.imovirtual.com\/noticias\/wp-json\/wp\/v2\/posts"}],"about":[{"href":"https:\/\/www.imovirtual.com\/noticias\/wp-json\/wp\/v2\/types\/post"}],"author":[{"embeddable":true,"href":"https:\/\/www.imovirtual.com\/noticias\/wp-json\/wp\/v2\/users\/3"}],"replies":[{"embeddable":true,"href":"https:\/\/www.imovirtual.com\/noticias\/wp-json\/wp\/v2\/comments?post=513"}],"version-history":[{"count":0,"href":"https:\/\/www.imovirtual.com\/noticias\/wp-json\/wp\/v2\/posts\/513\/revisions"}],"wp:featuredmedia":[{"embeddable":true,"href":"https:\/\/www.imovirtual.com\/noticias\/wp-json\/wp\/v2\/media\/514"}],"wp:attachment":[{"href":"https:\/\/www.imovirtual.com\/noticias\/wp-json\/wp\/v2\/media?parent=513"}],"wp:term":[{"taxonomy":"category","embeddable":true,"href":"https:\/\/www.imovirtual.com\/noticias\/wp-json\/wp\/v2\/categories?post=513"},{"taxonomy":"post_tag","embeddable":true,"href":"https:\/\/www.imovirtual.com\/noticias\/wp-json\/wp\/v2\/tags?post=513"}],"curies":[{"name":"wp","href":"https:\/\/api.w.org\/{rel}","templated":true}]}}