{"id":5115,"date":"2024-08-05T11:02:12","date_gmt":"2024-08-05T11:02:12","guid":{"rendered":"https:\/\/www.imovirtual.com\/noticias\/?p=5115"},"modified":"2024-09-02T14:37:55","modified_gmt":"2024-09-02T14:37:55","slug":"sinais-de-estabilizacao-em-julho-de-2024-no-arrendamento","status":"publish","type":"post","link":"https:\/\/www.imovirtual.com\/noticias\/relatorio-de-precos\/sinais-de-estabilizacao-em-julho-de-2024-no-arrendamento\/","title":{"rendered":"Bar\u00f3metro &#8211; Arrendamento em Portugal mostra sinais de estabiliza\u00e7\u00e3o em julho de 2024"},"content":{"rendered":"\n<p>O Imovirtual divulgou o seu bar\u00f3metro sobre os pre\u00e7os m\u00e9dios de arrendamento e venda de im\u00f3veis em Portugal, comparando julho com junho deste ano e de julho de 2023.<\/p>\n\n\n\n<h2 class=\"wp-block-heading\">Arrendamento<\/h2>\n\n\n\n<p>O pre\u00e7o m\u00e9dio de arrendamento aumentou 36,36% em rela\u00e7\u00e3o a julho de 2023, estando 400 euros mais caro. Em rela\u00e7\u00e3o ao m\u00eas anterior, houve uma estabiliza\u00e7\u00e3o, mantendo-se em 1.500\u20ac.<\/p>\n\n\n\n<ul class=\"wp-block-list\">\n<li><strong>Maiores aumentos mensais por distrito:<\/strong><br>&#8211; \u00c9vora: +18% (825\u20ac para 975\u20ac)<br>&#8211; Viseu: +12% (650\u20ac para 725\u20ac)<br>&#8211; Set\u00fabal: +11% (1.350\u20ac para 1.500\u20ac)<br>&#8211; Leiria: +6% (850\u20ac para 900\u20ac)<br><br><\/li>\n<\/ul>\n\n\n\n<figure class=\"wp-block-image size-full is-resized\"><img loading=\"lazy\" decoding=\"async\" width=\"8333\" height=\"8333\" src=\"https:\/\/www.imovirtual.com\/noticias\/wp-content\/uploads\/2024\/08\/mapas_agosto_1.webp\" alt=\"\" class=\"wp-image-5120\" style=\"width:493px;height:auto\"\/><\/figure>\n\n\n\n<ul class=\"wp-block-list\">\n<li><strong>Maiores quedas mensais por distrito:<\/strong><br>&#8211; Portalegre: -24% (500\u20ac para 380\u20ac)<br>&#8211; Bragan\u00e7a: -24% (525\u20ac para 400\u20ac)<br>&#8211; Faro: -9% (1.300\u20ac para 1.180\u20ac)<br>&#8211; Guarda: -7% (350\u20ac para 325\u20ac)<br>&#8211; Coimbra: -6% (800\u20ac para 750\u20ac)<\/li>\n<\/ul>\n\n\n\n<ul class=\"wp-block-list\">\n<li><strong>Distritos mais baratos para arrendar:<\/strong><br>&#8211; Guarda: 325\u20ac<br>&#8211; Portalegre: 380\u20ac<br>&#8211; Bragan\u00e7a: 400\u20ac<br>&#8211; Vila Real: 400\u20ac<\/li>\n<\/ul>\n\n\n\n<ul class=\"wp-block-list\">\n<li><strong>Distrito mais caro:<\/strong><br>&#8211; Lisboa: 2.080\u20ac<br>&#8211; Set\u00fabal: 1.500\u20ac<br>&#8211; Faro: 1.080\u20ac<\/li>\n<\/ul>\n\n\n\n<h2 class=\"wp-block-heading\">Venda<\/h2>\n\n\n\n<p>O pre\u00e7o m\u00e9dio de venda de casas aumentou 20,63% em compara\u00e7\u00e3o a julho de 2023, passando de 315.000\u20ac para 380.000\u20ac. Em rela\u00e7\u00e3o ao m\u00eas passado tamb\u00e9m houve uma ligeira estabiliza\u00e7\u00e3o de +3,03%.<\/p>\n\n\n\n<ul class=\"wp-block-list\">\n<li><strong>Maiores aumentos mensais por distrito:<\/strong><br>&#8211; Guarda: +14% (80.000\u20ac para 91.250\u20ac)<br>&#8211; Portalegre: +11% (95.000\u20ac para 105.000\u20ac)<br>&#8211; Lisboa: 7% (500.000\u20ac para 535.000\u20ac)<br>&#8211; Beja: 6% (170.000 para 180.000)<br><br><br><\/li>\n\n\n\n<li><strong>Maiores quedas mensais por distrito: <\/strong>apesar de n\u00e3o existiram distritos que tenham tido descidas, no pre\u00e7o de venda, alguns mantiveram os pre\u00e7os iguais.<br><br>&#8211; Aveiro: -0% (310.000\u20ac para 310.000\u20ac)<br>&#8211; Castelo Branco: 0% (75.000\u20ac para 75.000\u20ac)<br>&#8211; Viana do Castelo: 0% (280.000\u20ac para 280.000\u20ac)<br>&#8211; Vila Real: 0% (195.000\u20ac para 195.000\u20ac)<\/li>\n<\/ul>\n\n\n\n<figure class=\"wp-block-image size-full is-resized\"><img loading=\"lazy\" decoding=\"async\" width=\"8333\" height=\"8333\" src=\"https:\/\/www.imovirtual.com\/noticias\/wp-content\/uploads\/2024\/08\/mapas_agosto2.webp\" alt=\"\" class=\"wp-image-5121\" style=\"width:458px;height:auto\"\/><\/figure>\n\n\n\n<ul class=\"wp-block-list\">\n<li><strong>Distritos mais baratos para comprar casa:<\/strong><br>&#8211; Castelo Branco: 75.000\u20ac<br>&#8211; Guarda: 91.250\u20ac<br>&#8211; Portalegre: 105.000\u20ac<br>&#8211; Bragan\u00e7a 110.400\u20ac<\/li>\n<\/ul>\n\n\n\n<ul class=\"wp-block-list\">\n<li><strong>Distrito mais caro:<\/strong><br>&#8211; Lisboa: 535.000\u20ac<br>&#8211; Faro: 545.000\u20ac<br>&#8211; Set\u00fabal: 400.000\u20ac<br>&#8211; Porto: 395.000\u20ac<\/li>\n<\/ul>\n\n\n\n<h2 class=\"wp-block-heading\">Ilhas<\/h2>\n\n\n\n<ul class=\"wp-block-list\">\n<li><strong>Maiores aumentos anuais<\/strong>:<br>&#8211; S\u00e3o Jorge: +44% (124 899\u20ac para 180.000\u20ac)<br>&#8211; Graciosa: +41% (85.000 para 120.000\u20ac)<br>&#8211; S\u00e3o Miguel: +28.75% (240.000 para 309.000\u20ac)<br>&#8211;&nbsp; Madeira: +20% (410.000 para 490.000\u20ac)<br><\/li>\n\n\n\n<li><strong>Maiores quedas anuais:<\/strong><br>&#8211; Corvo: -66% (295.000\u20ac para 100.000\u20ac)<br>&#8211; Pico:-3% (200.000\u20ac para 195.000\u20ac)<br>&#8211; Flores:&nbsp; 0% (149.000\u20ac para 149.000\u20ac)<br><\/li>\n\n\n\n<li><strong>Ilhas mais baratas para comprar casa:<\/strong><br>&#8211; Corvo: 100.000\u20ac<br>&#8211; Graciosa: 120.000\u20ac<br>&#8211; Flores: 149.000\u20ac<br><\/li>\n\n\n\n<li><strong>Ilhas mais caras<\/strong>:<br>&#8211; Madeira: 490.000\u20ac<br>&#8211; Porto Santo: 350.000\u20ac<br>&#8211; S\u00e3o Miguel: 309.000\u20ac<\/li>\n<\/ul>\n","protected":false},"excerpt":{"rendered":"<p>O Imovirtual divulgou o seu bar\u00f3metro sobre os pre\u00e7os m\u00e9dios de arrendamento e venda de im\u00f3veis em Portugal, comparando julho com junho deste ano e de julho de 2023. Arrendamento O pre\u00e7o m\u00e9dio de arrendamento aumentou 36,36% em rela\u00e7\u00e3o a julho de 2023, estando 400 euros mais caro. Em rela\u00e7\u00e3o ao m\u00eas anterior, houve uma &hellip;<\/p>\n","protected":false},"author":3,"featured_media":5133,"comment_status":"open","ping_status":"open","sticky":false,"template":"","format":"standard","meta":{"footnotes":""},"categories":[33,36,2],"tags":[],"class_list":["post-5115","post","type-post","status-publish","format-standard","has-post-thumbnail","hentry","category-destaques","category-profissionais","category-relatorio-de-precos"],"_links":{"self":[{"href":"https:\/\/www.imovirtual.com\/noticias\/wp-json\/wp\/v2\/posts\/5115","targetHints":{"allow":["GET"]}}],"collection":[{"href":"https:\/\/www.imovirtual.com\/noticias\/wp-json\/wp\/v2\/posts"}],"about":[{"href":"https:\/\/www.imovirtual.com\/noticias\/wp-json\/wp\/v2\/types\/post"}],"author":[{"embeddable":true,"href":"https:\/\/www.imovirtual.com\/noticias\/wp-json\/wp\/v2\/users\/3"}],"replies":[{"embeddable":true,"href":"https:\/\/www.imovirtual.com\/noticias\/wp-json\/wp\/v2\/comments?post=5115"}],"version-history":[{"count":0,"href":"https:\/\/www.imovirtual.com\/noticias\/wp-json\/wp\/v2\/posts\/5115\/revisions"}],"wp:featuredmedia":[{"embeddable":true,"href":"https:\/\/www.imovirtual.com\/noticias\/wp-json\/wp\/v2\/media\/5133"}],"wp:attachment":[{"href":"https:\/\/www.imovirtual.com\/noticias\/wp-json\/wp\/v2\/media?parent=5115"}],"wp:term":[{"taxonomy":"category","embeddable":true,"href":"https:\/\/www.imovirtual.com\/noticias\/wp-json\/wp\/v2\/categories?post=5115"},{"taxonomy":"post_tag","embeddable":true,"href":"https:\/\/www.imovirtual.com\/noticias\/wp-json\/wp\/v2\/tags?post=5115"}],"curies":[{"name":"wp","href":"https:\/\/api.w.org\/{rel}","templated":true}]}}